{"id":639,"date":"2026-09-04T23:50:49","date_gmt":"2026-09-04T23:50:49","guid":{"rendered":"https:\/\/oesterioja.com.ar\/news\/?p=639"},"modified":"2026-09-04T23:50:49","modified_gmt":"2026-09-04T23:50:49","slug":"salud-brinda-herramientas-a-la-policia-para-prevenir-its-y-actuar-de-manera-segura-durante-los-procedimientos","status":"publish","type":"post","link":"https:\/\/oesterioja.com.ar\/news\/salud-brinda-herramientas-a-la-policia-para-prevenir-its-y-actuar-de-manera-segura-durante-los-procedimientos\/","title":{"rendered":"Salud brinda herramientas a la Polic\u00eda para prevenir ITS y actuar de manera segura durante los procedimientos"},"content":{"rendered":"\n<h2 class=\"wp-block-heading has-black-color has-text-color has-link-color wp-elements-1\">&gt; _PREVENCI\u00d3N Y CUIDADO DE LA SALUD_<\/h2>\n\n\n\n<p class=\"wp-block-paragraph\"><\/p>\n\n\n\n<p class=\"has-black-color has-text-color has-link-color has-medium-font-size wp-elements-2 wp-block-paragraph\">_El Ministerio de Salud capacit\u00f3 a agentes de las nueve comisar\u00edas y de diferentes \u00e1reas y cuerpos especiales de la Polic\u00eda de la Provincia. La formaci\u00f3n abord\u00f3 la prevenci\u00f3n de infecciones de transmisi\u00f3n sexual, los cuidados frente a la exposici\u00f3n a fluidos durante intervenciones policiales y la importancia de garantizar pr\u00e1cticas respetuosas, confidenciales y libres de estigmatizaci\u00f3n._<\/p>\n\n\n\n<p class=\"has-black-color has-text-color has-link-color has-medium-font-size wp-elements-3 wp-block-paragraph\">El Ministerio de Salud llev\u00f3 adelante una jornada de capacitaci\u00f3n destinada a integrantes de la Polic\u00eda de la Provincia, con el objetivo de fortalecer sus conocimientos sobre prevenci\u00f3n de infecciones de transmisi\u00f3n sexual (ITS), cuidado integral de la salud y actuaci\u00f3n segura ante situaciones que puedan implicar exposici\u00f3n a fluidos corporales.<br>La capacitaci\u00f3n, denominada \u201cIntervenir, proteger y respetar: derechos sexuales, ITS y cuidados de salud en la pr\u00e1ctica policial\u201d, brind\u00f3 informaci\u00f3n actualizada sobre las principales infecciones de transmisi\u00f3n sexual, sus formas de transmisi\u00f3n, las medidas de prevenci\u00f3n y la importancia del acceso oportuno a los servicios de salud.<br>Participaron agentes provenientes de las nueve comisar\u00edas, adem\u00e1s de integrantes de diferentes \u00e1reas y cuerpos especiales, entre ellos Canes, Asuntos Juveniles, Caballer\u00eda, Montada y Tr\u00e1nsito. El encuentro cont\u00f3 tambi\u00e9n con la participaci\u00f3n del comisario inspector de la Polic\u00eda de la Provincia Germ\u00e1n Fabi\u00e1n Arias.<\/p>\n\n\n\n<figure class=\"wp-block-gallery has-nested-images columns-default is-cropped wp-block-gallery-1 is-layout-flex wp-block-gallery-is-layout-flex\">\n<figure class=\"wp-block-image size-large\"><a href=\"https:\/\/oesterioja.com.ar\/news\/wp-content\/uploads\/2026\/09\/IMG-20260904-WA0015.jpg\"><img loading=\"lazy\" decoding=\"async\" width=\"1024\" height=\"683\" data-id=\"640\" src=\"https:\/\/oesterioja.com.ar\/news\/wp-content\/uploads\/2026\/09\/IMG-20260904-WA0015-1024x683.jpg\" alt=\"\" class=\"wp-image-640\" srcset=\"https:\/\/oesterioja.com.ar\/news\/wp-content\/uploads\/2026\/09\/IMG-20260904-WA0015-1024x683.jpg 1024w, https:\/\/oesterioja.com.ar\/news\/wp-content\/uploads\/2026\/09\/IMG-20260904-WA0015-300x200.jpg 300w, https:\/\/oesterioja.com.ar\/news\/wp-content\/uploads\/2026\/09\/IMG-20260904-WA0015-768x512.jpg 768w, https:\/\/oesterioja.com.ar\/news\/wp-content\/uploads\/2026\/09\/IMG-20260904-WA0015-1536x1024.jpg 1536w, https:\/\/oesterioja.com.ar\/news\/wp-content\/uploads\/2026\/09\/IMG-20260904-WA0015.jpg 1599w\" sizes=\"auto, (max-width: 1024px) 100vw, 1024px\" \/><\/a><\/figure>\n\n\n\n<figure class=\"wp-block-image size-large\"><a href=\"https:\/\/oesterioja.com.ar\/news\/wp-content\/uploads\/2026\/09\/IMG-20260904-WA0016.jpg\"><img loading=\"lazy\" decoding=\"async\" width=\"1024\" height=\"683\" data-id=\"641\" src=\"https:\/\/oesterioja.com.ar\/news\/wp-content\/uploads\/2026\/09\/IMG-20260904-WA0016-1024x683.jpg\" alt=\"\" class=\"wp-image-641\" srcset=\"https:\/\/oesterioja.com.ar\/news\/wp-content\/uploads\/2026\/09\/IMG-20260904-WA0016-1024x683.jpg 1024w, https:\/\/oesterioja.com.ar\/news\/wp-content\/uploads\/2026\/09\/IMG-20260904-WA0016-300x200.jpg 300w, https:\/\/oesterioja.com.ar\/news\/wp-content\/uploads\/2026\/09\/IMG-20260904-WA0016-768x512.jpg 768w, https:\/\/oesterioja.com.ar\/news\/wp-content\/uploads\/2026\/09\/IMG-20260904-WA0016-1536x1024.jpg 1536w, https:\/\/oesterioja.com.ar\/news\/wp-content\/uploads\/2026\/09\/IMG-20260904-WA0016.jpg 1599w\" sizes=\"auto, (max-width: 1024px) 100vw, 1024px\" \/><\/a><\/figure>\n\n\n\n<figure class=\"wp-block-image size-large\"><a href=\"https:\/\/oesterioja.com.ar\/news\/wp-content\/uploads\/2026\/09\/IMG-20260904-WA0017.jpg\"><img loading=\"lazy\" decoding=\"async\" width=\"1024\" height=\"667\" data-id=\"642\" src=\"https:\/\/oesterioja.com.ar\/news\/wp-content\/uploads\/2026\/09\/IMG-20260904-WA0017-1024x667.jpg\" alt=\"\" class=\"wp-image-642\" srcset=\"https:\/\/oesterioja.com.ar\/news\/wp-content\/uploads\/2026\/09\/IMG-20260904-WA0017-1024x667.jpg 1024w, https:\/\/oesterioja.com.ar\/news\/wp-content\/uploads\/2026\/09\/IMG-20260904-WA0017-300x195.jpg 300w, https:\/\/oesterioja.com.ar\/news\/wp-content\/uploads\/2026\/09\/IMG-20260904-WA0017-766x499.jpg 766w, https:\/\/oesterioja.com.ar\/news\/wp-content\/uploads\/2026\/09\/IMG-20260904-WA0017-1536x1000.jpg 1536w, https:\/\/oesterioja.com.ar\/news\/wp-content\/uploads\/2026\/09\/IMG-20260904-WA0017.jpg 1599w\" sizes=\"auto, (max-width: 1024px) 100vw, 1024px\" \/><\/a><\/figure>\n<\/figure>\n\n\n\n<p class=\"has-black-color has-text-color has-link-color has-medium-font-size wp-elements-4 wp-block-paragraph\">*Herramientas para una intervenci\u00f3n segura*<br>Uno de los principales ejes estuvo centrado en los riesgos relacionados con la exposici\u00f3n a fluidos corporales que pueden producirse durante procedimientos policiales, detenciones o intervenciones ante situaciones de emergencia.<br>A partir de estas situaciones concretas, se trabajaron pautas para actuar de manera segura y responsable, priorizando tanto el cuidado de los agentes como el de las personas involucradas en cada procedimiento.<br>El director de Enfermedades Transmisibles, Eduardo Rombol\u00e1, destac\u00f3 que \u201cla prevenci\u00f3n constituye una de las principales herramientas para reducir los riesgos asociados a las ITS\u201d y remarc\u00f3 que muchas de estas infecciones cuentan con diagn\u00f3stico, tratamiento y seguimiento adecuados.<br>La formaci\u00f3n estuvo a cargo del propio Rombol\u00e1; la directora de Salud Sexual, G\u00e9nero y Diversidad, Marta Llanos; la coordinadora de Adolescencias, Viviana Stirneman; y la responsable del \u00e1rea de Prevenci\u00f3n de Enfermedades Transmisibles, Sibila Cerezo, quienes desarrollaron los contenidos y acompa\u00f1aron el intercambio con los agentes.<\/p>\n\n\n\n<p class=\"has-black-color has-text-color has-link-color has-medium-font-size wp-elements-5 wp-block-paragraph\">*Prevenci\u00f3n, derechos y respeto*<br><strong>La jornada incorpor\u00f3 adem\u00e1s una mirada integral de la salud, contemplando aspectos f\u00edsicos, emocionales e intelectuales, junto con la importancia de garantizar el respeto de los derechos sexuales y reproductivos.<br><\/strong>Otro de los ejes centrales fue la necesidad de evitar la estigmatizaci\u00f3n y la discriminaci\u00f3n hacia las personas que atraviesan una infecci\u00f3n de transmisi\u00f3n sexual, promoviendo intervenciones basadas en el respeto, la confidencialidad, la informaci\u00f3n y el acceso a la atenci\u00f3n sanitaria.<br>La articulaci\u00f3n entre el Ministerio de Salud y la Polic\u00eda de la Provincia apunta adem\u00e1s a que los agentes puedan replicar los conocimientos adquiridos en sus \u00e1mbitos de trabajo, multiplicando las herramientas de prevenci\u00f3n y cuidado entre sus pares y fortaleciendo pr\u00e1cticas seguras y respetuosas en las distintas intervenciones.<\/p>\n\n\n\n<p class=\"has-text-align-center has-black-color has-text-color has-link-color has-medium-font-size wp-elements-6 wp-block-paragraph\"><strong>Seguinos en nuestras redes sociales!<br><a href=\"https:\/\/www.instagram.com\/oesterioja.com.ar\/\">https:\/\/www.instagram.com\/oesterioja.com.ar\/<\/a><br><a href=\"https:\/\/www.facebook.com\/oesterioja.com.ar\">https:\/\/www.facebook.com\/oesterioja.com.ar<\/a><br><a href=\"https:\/\/x.com\/oesteriojaok\">https:\/\/x.com\/oesteriojaok<\/a><br><a href=\"https:\/\/www.youtube.com\/@oesterioja\">https:\/\/www.youtube.com\/@oesterioja<\/a><br><a href=\"https:\/\/www.tiktok.com\/@oesteriojatiktok\">https:\/\/www.tiktok.com\/@oesteriojatiktok<\/a><\/strong><\/p>\n\n\n\n<figure class=\"wp-block-image\"><a href=\"https:\/\/chat.whatsapp.com\/LiGy1PVnV4gJnbsFBgRI40\" target=\"_blank\" rel=\" noreferrer noopener\"><img loading=\"lazy\" decoding=\"async\" width=\"2560\" height=\"333\" src=\"https:\/\/oesterioja.com.ar\/news\/wp-content\/uploads\/2026\/07\/Gemini_Generated_Image_vwbndtvwbndtvwbn-scaled.png\" alt=\"\" class=\"wp-image-249\" srcset=\"https:\/\/oesterioja.com.ar\/news\/wp-content\/uploads\/2026\/07\/Gemini_Generated_Image_vwbndtvwbndtvwbn-scaled.png 2560w, https:\/\/oesterioja.com.ar\/news\/wp-content\/uploads\/2026\/07\/Gemini_Generated_Image_vwbndtvwbndtvwbn-300x39.png 300w, https:\/\/oesterioja.com.ar\/news\/wp-content\/uploads\/2026\/07\/Gemini_Generated_Image_vwbndtvwbndtvwbn-1024x133.png 1024w, https:\/\/oesterioja.com.ar\/news\/wp-content\/uploads\/2026\/07\/Gemini_Generated_Image_vwbndtvwbndtvwbn-768x100.png 768w, https:\/\/oesterioja.com.ar\/news\/wp-content\/uploads\/2026\/07\/Gemini_Generated_Image_vwbndtvwbndtvwbn-1536x200.png 1536w, https:\/\/oesterioja.com.ar\/news\/wp-content\/uploads\/2026\/07\/Gemini_Generated_Image_vwbndtvwbndtvwbn-2048x266.png 2048w\" sizes=\"auto, (max-width: 2560px) 100vw, 2560px\" \/><\/a><\/figure>\n\n\n\n<figure class=\"wp-block-image size-large\"><a href=\"https:\/\/josemarialr.com.ar\/web\/\"><img loading=\"lazy\" decoding=\"async\" width=\"1024\" height=\"399\" src=\"https:\/\/oesterioja.com.ar\/news\/wp-content\/uploads\/2026\/08\/Gemini_Generated_Image_7q8oo87q8oo87q8o-1024x399.jpg\" alt=\"\" class=\"wp-image-426\" srcset=\"https:\/\/oesterioja.com.ar\/news\/wp-content\/uploads\/2026\/08\/Gemini_Generated_Image_7q8oo87q8oo87q8o-1024x399.jpg 1024w, https:\/\/oesterioja.com.ar\/news\/wp-content\/uploads\/2026\/08\/Gemini_Generated_Image_7q8oo87q8oo87q8o-300x117.jpg 300w, https:\/\/oesterioja.com.ar\/news\/wp-content\/uploads\/2026\/08\/Gemini_Generated_Image_7q8oo87q8oo87q8o-768x299.jpg 768w, https:\/\/oesterioja.com.ar\/news\/wp-content\/uploads\/2026\/08\/Gemini_Generated_Image_7q8oo87q8oo87q8o-1536x598.jpg 1536w, https:\/\/oesterioja.com.ar\/news\/wp-content\/uploads\/2026\/08\/Gemini_Generated_Image_7q8oo87q8oo87q8o.jpg 1644w\" sizes=\"auto, (max-width: 1024px) 100vw, 1024px\" \/><\/a><\/figure>\n\n\n\n<p class=\"has-text-align-center has-black-color has-text-color has-link-color has-medium-font-size wp-elements-7 wp-block-paragraph\"><strong>Make software design for all device<br>JoseMaria Designer<br><a href=\"https:\/\/github.com\/josemarialr\">https:\/\/github.com\/josemarialr<\/a><br><a href=\"https:\/\/www.facebook.com\/josemariafvarela\">https:\/\/www.facebook.com\/josemariafvarela<\/a><br><a href=\"https:\/\/x.com\/josemarialrX\">https:\/\/x.com\/josemarialrX<\/a><\/strong><\/p>\n\n<div class=\"twitter-share\"><a href=\"https:\/\/twitter.com\/intent\/tweet?via=OesteriojaOK\" class=\"twitter-share-button\" data-size=\"large\">Twittear<\/a><\/div>\n","protected":false},"excerpt":{"rendered":"<p>&gt; _PREVENCI\u00d3N Y CUIDADO DE LA SALUD_ _El Ministerio de Salud capacit\u00f3 a agentes de las nueve comisar\u00edas y de diferentes \u00e1reas y cuerpos especiales de la Polic\u00eda de la Provincia. La formaci\u00f3n abord\u00f3 la prevenci\u00f3n de infecciones de transmisi\u00f3n sexual, los cuidados frente a la exposici\u00f3n a fluidos durante intervenciones policiales y la importancia [&hellip;]<\/p>\n","protected":false},"author":2,"featured_media":641,"comment_status":"closed","ping_status":"closed","sticky":false,"template":"","format":"standard","meta":{"wp_popup_display_lightbox":0,"wp_popup_suppress":"","wp_popup_trigger":"","wp_popup_trigger_amount":0,"wp_popup_disable_on_mobile":false,"footnotes":"","jetpack_publicize_message":"","jetpack_publicize_feature_enabled":true,"jetpack_social_post_already_shared":true,"jetpack_social_options":{"image_generator_settings":{"template":"highway","default_image_id":0,"font":"","enabled":false},"version":2}},"categories":[4],"tags":[26,167,10,9],"class_list":["post-639","post","type-post","status-publish","format-standard","has-post-thumbnail","hentry","category-provinciales","tag-gaby-pedrali","tag-its","tag-la-rioja","tag-ricardo-quintela"],"jetpack_publicize_connections":[],"_links":{"self":[{"href":"https:\/\/oesterioja.com.ar\/news\/wp-json\/wp\/v2\/posts\/639","targetHints":{"allow":["GET"]}}],"collection":[{"href":"https:\/\/oesterioja.com.ar\/news\/wp-json\/wp\/v2\/posts"}],"about":[{"href":"https:\/\/oesterioja.com.ar\/news\/wp-json\/wp\/v2\/types\/post"}],"author":[{"embeddable":true,"href":"https:\/\/oesterioja.com.ar\/news\/wp-json\/wp\/v2\/users\/2"}],"replies":[{"embeddable":true,"href":"https:\/\/oesterioja.com.ar\/news\/wp-json\/wp\/v2\/comments?post=639"}],"version-history":[{"count":1,"href":"https:\/\/oesterioja.com.ar\/news\/wp-json\/wp\/v2\/posts\/639\/revisions"}],"predecessor-version":[{"id":643,"href":"https:\/\/oesterioja.com.ar\/news\/wp-json\/wp\/v2\/posts\/639\/revisions\/643"}],"wp:featuredmedia":[{"embeddable":true,"href":"https:\/\/oesterioja.com.ar\/news\/wp-json\/wp\/v2\/media\/641"}],"wp:attachment":[{"href":"https:\/\/oesterioja.com.ar\/news\/wp-json\/wp\/v2\/media?parent=639"}],"wp:term":[{"taxonomy":"category","embeddable":true,"href":"https:\/\/oesterioja.com.ar\/news\/wp-json\/wp\/v2\/categories?post=639"},{"taxonomy":"post_tag","embeddable":true,"href":"https:\/\/oesterioja.com.ar\/news\/wp-json\/wp\/v2\/tags?post=639"}],"curies":[{"name":"wp","href":"https:\/\/api.w.org\/{rel}","templated":true}]}}