{"id":633,"date":"2026-09-04T23:47:14","date_gmt":"2026-09-04T23:47:14","guid":{"rendered":"https:\/\/oesterioja.com.ar\/news\/?p=633"},"modified":"2026-09-04T23:47:15","modified_gmt":"2026-09-04T23:47:15","slug":"capacitan-a-comunidades-educativas-de-san-blas-de-los-sauces-para-actuar-antes-durante-y-despues-de-un-sismo","status":"publish","type":"post","link":"https:\/\/oesterioja.com.ar\/news\/capacitan-a-comunidades-educativas-de-san-blas-de-los-sauces-para-actuar-antes-durante-y-despues-de-un-sismo\/","title":{"rendered":"Capacitan a comunidades educativas de San Blas de los Sauces para actuar antes, durante y despu\u00e9s de un sismo"},"content":{"rendered":"\n<h2 class=\"wp-block-heading has-black-color has-text-color has-link-color wp-elements-1\">&gt; _SEGURIDAD Y PREVENCI\u00d3N EN LAS ESCUELAS_<\/h2>\n\n\n\n<p class=\"wp-block-paragraph\"><\/p>\n\n\n\n<p class=\"has-black-color has-text-color has-link-color has-medium-font-size wp-elements-2 wp-block-paragraph\">_Personal de instituciones educativas, sanitarias y de distintos organismos particip\u00f3 en Cuip\u00e1n de un taller sobre seguridad ante situaciones s\u00edsmicas. La capacitaci\u00f3n brind\u00f3 herramientas para actuar frente a una emergencia y destac\u00f3 la importancia de que cada establecimiento educativo cuente con un plan de evacuaci\u00f3n conocido por todos sus integrantes._<\/p>\n\n\n\n<p class=\"has-black-color has-text-color has-link-color has-medium-font-size wp-elements-3 wp-block-paragraph\"><strong>Este jueves se desarroll\u00f3 en la localidad de Cuip\u00e1n, departamento San Blas de los Sauces, el taller \u201cAcciones de seguridad en caso de sismo en el establecimiento escolar\u201d, destinado a fortalecer los conocimientos y herramientas necesarias para responder adecuadamente ante una situaci\u00f3n de emergencia.<br><\/strong>La actividad tuvo lugar en el Jard\u00edn de Infantes N\u00facleo N.\u00b0 8 y cont\u00f3 con la participaci\u00f3n de docentes, equipos directivos, personal de servicios generales y representantes de instituciones educativas, sanitarias y organismos de la comunidad.<br><strong>Durante la jornada se abordaron conceptos b\u00e1sicos y pautas de actuaci\u00f3n antes, durante y despu\u00e9s de un sismo, con especial atenci\u00f3n a las medidas que deben adoptarse dentro de los establecimientos escolares.<br><\/strong>La capacitaci\u00f3n estuvo a cargo de Carmen Vallejo, licenciada y t\u00e9cnica en Seguridad e Higiene en el Trabajo; el arquitecto Gabriel Nieto; y Walter Oviedo Zalazar, licenciado en Seguridad P\u00fablica y Ciudadana.<\/p>\n\n\n\n<figure class=\"wp-block-gallery has-nested-images columns-default is-cropped wp-block-gallery-1 is-layout-flex wp-block-gallery-is-layout-flex\">\n<figure class=\"wp-block-image size-large\"><a href=\"https:\/\/oesterioja.com.ar\/news\/wp-content\/uploads\/2026\/09\/IMG-20260904-WA0010.jpg\"><img loading=\"lazy\" decoding=\"async\" width=\"1024\" height=\"768\" data-id=\"634\" src=\"https:\/\/oesterioja.com.ar\/news\/wp-content\/uploads\/2026\/09\/IMG-20260904-WA0010-1024x768.jpg\" alt=\"\" class=\"wp-image-634\" srcset=\"https:\/\/oesterioja.com.ar\/news\/wp-content\/uploads\/2026\/09\/IMG-20260904-WA0010-1024x768.jpg 1024w, https:\/\/oesterioja.com.ar\/news\/wp-content\/uploads\/2026\/09\/IMG-20260904-WA0010-300x225.jpg 300w, https:\/\/oesterioja.com.ar\/news\/wp-content\/uploads\/2026\/09\/IMG-20260904-WA0010-768x576.jpg 768w, https:\/\/oesterioja.com.ar\/news\/wp-content\/uploads\/2026\/09\/IMG-20260904-WA0010-1536x1152.jpg 1536w, https:\/\/oesterioja.com.ar\/news\/wp-content\/uploads\/2026\/09\/IMG-20260904-WA0010.jpg 1600w\" sizes=\"auto, (max-width: 1024px) 100vw, 1024px\" \/><\/a><\/figure>\n\n\n\n<figure class=\"wp-block-image size-large\"><a href=\"https:\/\/oesterioja.com.ar\/news\/wp-content\/uploads\/2026\/09\/IMG-20260904-WA0011.jpg\"><img loading=\"lazy\" decoding=\"async\" width=\"1024\" height=\"553\" data-id=\"635\" src=\"https:\/\/oesterioja.com.ar\/news\/wp-content\/uploads\/2026\/09\/IMG-20260904-WA0011-1024x553.jpg\" alt=\"\" class=\"wp-image-635\" srcset=\"https:\/\/oesterioja.com.ar\/news\/wp-content\/uploads\/2026\/09\/IMG-20260904-WA0011-1024x553.jpg 1024w, https:\/\/oesterioja.com.ar\/news\/wp-content\/uploads\/2026\/09\/IMG-20260904-WA0011-300x162.jpg 300w, https:\/\/oesterioja.com.ar\/news\/wp-content\/uploads\/2026\/09\/IMG-20260904-WA0011-767x414.jpg 767w, https:\/\/oesterioja.com.ar\/news\/wp-content\/uploads\/2026\/09\/IMG-20260904-WA0011-1536x829.jpg 1536w, https:\/\/oesterioja.com.ar\/news\/wp-content\/uploads\/2026\/09\/IMG-20260904-WA0011.jpg 1600w\" sizes=\"auto, (max-width: 1024px) 100vw, 1024px\" \/><\/a><\/figure>\n\n\n\n<figure class=\"wp-block-image size-large\"><a href=\"https:\/\/oesterioja.com.ar\/news\/wp-content\/uploads\/2026\/09\/IMG-20260904-WA0012.jpg\"><img loading=\"lazy\" decoding=\"async\" width=\"1024\" height=\"768\" data-id=\"636\" src=\"https:\/\/oesterioja.com.ar\/news\/wp-content\/uploads\/2026\/09\/IMG-20260904-WA0012-1024x768.jpg\" alt=\"\" class=\"wp-image-636\" srcset=\"https:\/\/oesterioja.com.ar\/news\/wp-content\/uploads\/2026\/09\/IMG-20260904-WA0012-1024x768.jpg 1024w, https:\/\/oesterioja.com.ar\/news\/wp-content\/uploads\/2026\/09\/IMG-20260904-WA0012-300x225.jpg 300w, https:\/\/oesterioja.com.ar\/news\/wp-content\/uploads\/2026\/09\/IMG-20260904-WA0012-768x576.jpg 768w, https:\/\/oesterioja.com.ar\/news\/wp-content\/uploads\/2026\/09\/IMG-20260904-WA0012-1536x1152.jpg 1536w, https:\/\/oesterioja.com.ar\/news\/wp-content\/uploads\/2026\/09\/IMG-20260904-WA0012.jpg 1600w\" sizes=\"auto, (max-width: 1024px) 100vw, 1024px\" \/><\/a><\/figure>\n\n\n\n<figure class=\"wp-block-image size-large\"><a href=\"https:\/\/oesterioja.com.ar\/news\/wp-content\/uploads\/2026\/09\/IMG-20260904-WA0013.jpg\"><img loading=\"lazy\" decoding=\"async\" width=\"783\" height=\"1024\" data-id=\"637\" src=\"https:\/\/oesterioja.com.ar\/news\/wp-content\/uploads\/2026\/09\/IMG-20260904-WA0013-783x1024.jpg\" alt=\"\" class=\"wp-image-637\" srcset=\"https:\/\/oesterioja.com.ar\/news\/wp-content\/uploads\/2026\/09\/IMG-20260904-WA0013-783x1024.jpg 783w, https:\/\/oesterioja.com.ar\/news\/wp-content\/uploads\/2026\/09\/IMG-20260904-WA0013-229x300.jpg 229w, https:\/\/oesterioja.com.ar\/news\/wp-content\/uploads\/2026\/09\/IMG-20260904-WA0013-768x1004.jpg 768w, https:\/\/oesterioja.com.ar\/news\/wp-content\/uploads\/2026\/09\/IMG-20260904-WA0013-1174x1536.jpg 1174w, https:\/\/oesterioja.com.ar\/news\/wp-content\/uploads\/2026\/09\/IMG-20260904-WA0013.jpg 1182w\" sizes=\"auto, (max-width: 783px) 100vw, 783px\" \/><\/a><\/figure>\n<\/figure>\n\n\n\n<p class=\"has-black-color has-text-color has-link-color has-medium-font-size wp-elements-4 wp-block-paragraph\">*La importancia de contar con un plan de evacuaci\u00f3n*<br>Al finalizar la jornada, la directora del Jard\u00edn de Infantes N\u00facleo N.\u00b0 8, Anal\u00eda Moreno, destac\u00f3 la utilidad de incorporar conocimientos espec\u00edficos que permitan mejorar la preparaci\u00f3n de las instituciones frente a situaciones de emergencia.<br>\u201cFue una capacitaci\u00f3n muy exitosa, quedamos muy conformes porque recibimos much\u00edsima informaci\u00f3n de parte de los profesionales que disertaron. Y eso es algo muy \u00fatil porque es informaci\u00f3n que en general se desconoce\u201d, expres\u00f3.<br>Moreno se\u00f1al\u00f3 que uno de los principales aprendizajes fue la necesidad de que cada establecimiento educativo disponga de un plan de evacuaci\u00f3n que establezca c\u00f3mo proceder ante un sismo u otro tipo de emergencia, como un incendio.<br>\u201cLo que qued\u00f3 en claro es que todos los establecimientos educativos deber\u00edan contar con un plan de evacuaci\u00f3n y que a ese plan de evacuaci\u00f3n lo conozcan todos los integrantes de cada instituci\u00f3n\u201d, afirm\u00f3.<br><strong>La directora destac\u00f3 adem\u00e1s la amplia participaci\u00f3n institucional que tuvo la jornada. Adem\u00e1s de docentes, personal de servicios generales y el equipo directivo del jard\u00edn, asistieron integrantes de otras escuelas primarias, autoridades de la comisar\u00eda local, Defensa Civil, Bomberos, personal de la Municipalidad y del hospital de San Blas de los Sauces.<br><\/strong>La participaci\u00f3n de diferentes instituciones permiti\u00f3 abordar la prevenci\u00f3n desde una perspectiva compartida, poniendo el acento en la preparaci\u00f3n, la organizaci\u00f3n y el conocimiento previo de c\u00f3mo actuar para reducir riesgos frente a una eventual situaci\u00f3n de emergencia.<\/p>\n\n\n\n<p class=\"has-text-align-center has-black-color has-text-color has-link-color has-medium-font-size wp-elements-5 wp-block-paragraph\"><strong>Seguinos en nuestras redes sociales!<br><a href=\"https:\/\/www.instagram.com\/oesterioja.com.ar\/\">https:\/\/www.instagram.com\/oesterioja.com.ar\/<\/a><br><a href=\"https:\/\/www.facebook.com\/oesterioja.com.ar\">https:\/\/www.facebook.com\/oesterioja.com.ar<\/a><br><a href=\"https:\/\/x.com\/oesteriojaok\">https:\/\/x.com\/oesteriojaok<\/a><br><a href=\"https:\/\/www.youtube.com\/@oesterioja\">https:\/\/www.youtube.com\/@oesterioja<\/a><br><a href=\"https:\/\/www.tiktok.com\/@oesteriojatiktok\">https:\/\/www.tiktok.com\/@oesteriojatiktok<\/a><\/strong><\/p>\n\n\n\n<figure class=\"wp-block-image\"><a href=\"https:\/\/chat.whatsapp.com\/LiGy1PVnV4gJnbsFBgRI40\" target=\"_blank\" rel=\" noreferrer noopener\"><img loading=\"lazy\" decoding=\"async\" width=\"2560\" height=\"333\" src=\"https:\/\/oesterioja.com.ar\/news\/wp-content\/uploads\/2026\/07\/Gemini_Generated_Image_vwbndtvwbndtvwbn-scaled.png\" alt=\"\" class=\"wp-image-249\" srcset=\"https:\/\/oesterioja.com.ar\/news\/wp-content\/uploads\/2026\/07\/Gemini_Generated_Image_vwbndtvwbndtvwbn-scaled.png 2560w, https:\/\/oesterioja.com.ar\/news\/wp-content\/uploads\/2026\/07\/Gemini_Generated_Image_vwbndtvwbndtvwbn-300x39.png 300w, https:\/\/oesterioja.com.ar\/news\/wp-content\/uploads\/2026\/07\/Gemini_Generated_Image_vwbndtvwbndtvwbn-1024x133.png 1024w, https:\/\/oesterioja.com.ar\/news\/wp-content\/uploads\/2026\/07\/Gemini_Generated_Image_vwbndtvwbndtvwbn-768x100.png 768w, https:\/\/oesterioja.com.ar\/news\/wp-content\/uploads\/2026\/07\/Gemini_Generated_Image_vwbndtvwbndtvwbn-1536x200.png 1536w, https:\/\/oesterioja.com.ar\/news\/wp-content\/uploads\/2026\/07\/Gemini_Generated_Image_vwbndtvwbndtvwbn-2048x266.png 2048w\" sizes=\"auto, (max-width: 2560px) 100vw, 2560px\" \/><\/a><\/figure>\n\n\n\n<figure class=\"wp-block-image size-large\"><a href=\"https:\/\/josemarialr.com.ar\/web\/\"><img loading=\"lazy\" decoding=\"async\" width=\"1024\" height=\"399\" src=\"https:\/\/oesterioja.com.ar\/news\/wp-content\/uploads\/2026\/08\/Gemini_Generated_Image_7q8oo87q8oo87q8o-1024x399.jpg\" alt=\"\" class=\"wp-image-426\" srcset=\"https:\/\/oesterioja.com.ar\/news\/wp-content\/uploads\/2026\/08\/Gemini_Generated_Image_7q8oo87q8oo87q8o-1024x399.jpg 1024w, https:\/\/oesterioja.com.ar\/news\/wp-content\/uploads\/2026\/08\/Gemini_Generated_Image_7q8oo87q8oo87q8o-300x117.jpg 300w, https:\/\/oesterioja.com.ar\/news\/wp-content\/uploads\/2026\/08\/Gemini_Generated_Image_7q8oo87q8oo87q8o-768x299.jpg 768w, https:\/\/oesterioja.com.ar\/news\/wp-content\/uploads\/2026\/08\/Gemini_Generated_Image_7q8oo87q8oo87q8o-1536x598.jpg 1536w, https:\/\/oesterioja.com.ar\/news\/wp-content\/uploads\/2026\/08\/Gemini_Generated_Image_7q8oo87q8oo87q8o.jpg 1644w\" sizes=\"auto, (max-width: 1024px) 100vw, 1024px\" \/><\/a><\/figure>\n\n\n\n<p class=\"has-text-align-center has-black-color has-text-color has-link-color has-medium-font-size wp-elements-6 wp-block-paragraph\"><strong>Make software design for all device<br>JoseMaria Designer<br><a href=\"https:\/\/github.com\/josemarialr\">https:\/\/github.com\/josemarialr<\/a><br><a href=\"https:\/\/www.facebook.com\/josemariafvarela\">https:\/\/www.facebook.com\/josemariafvarela<\/a><br><a href=\"https:\/\/x.com\/josemarialrX\">https:\/\/x.com\/josemarialrX<\/a><\/strong><\/p>\n\n<div class=\"twitter-share\"><a href=\"https:\/\/twitter.com\/intent\/tweet?via=OesteriojaOK\" class=\"twitter-share-button\" data-size=\"large\">Twittear<\/a><\/div>\n","protected":false},"excerpt":{"rendered":"<p>&gt; _SEGURIDAD Y PREVENCI\u00d3N EN LAS ESCUELAS_ _Personal de instituciones educativas, sanitarias y de distintos organismos particip\u00f3 en Cuip\u00e1n de un taller sobre seguridad ante situaciones s\u00edsmicas. La capacitaci\u00f3n brind\u00f3 herramientas para actuar frente a una emergencia y destac\u00f3 la importancia de que cada establecimiento educativo cuente con un plan de evacuaci\u00f3n conocido por todos [&hellip;]<\/p>\n","protected":false},"author":2,"featured_media":635,"comment_status":"closed","ping_status":"closed","sticky":false,"template":"","format":"standard","meta":{"wp_popup_display_lightbox":0,"wp_popup_suppress":"","wp_popup_trigger":"","wp_popup_trigger_amount":0,"wp_popup_disable_on_mobile":false,"footnotes":"","jetpack_publicize_message":"","jetpack_publicize_feature_enabled":true,"jetpack_social_post_already_shared":true,"jetpack_social_options":{"image_generator_settings":{"template":"highway","default_image_id":0,"font":"","enabled":false},"version":2}},"categories":[4],"tags":[26,10,9,166],"class_list":["post-633","post","type-post","status-publish","format-standard","has-post-thumbnail","hentry","category-provinciales","tag-gaby-pedrali","tag-la-rioja","tag-ricardo-quintela","tag-san-blas-de-los-sauces"],"jetpack_publicize_connections":[],"_links":{"self":[{"href":"https:\/\/oesterioja.com.ar\/news\/wp-json\/wp\/v2\/posts\/633","targetHints":{"allow":["GET"]}}],"collection":[{"href":"https:\/\/oesterioja.com.ar\/news\/wp-json\/wp\/v2\/posts"}],"about":[{"href":"https:\/\/oesterioja.com.ar\/news\/wp-json\/wp\/v2\/types\/post"}],"author":[{"embeddable":true,"href":"https:\/\/oesterioja.com.ar\/news\/wp-json\/wp\/v2\/users\/2"}],"replies":[{"embeddable":true,"href":"https:\/\/oesterioja.com.ar\/news\/wp-json\/wp\/v2\/comments?post=633"}],"version-history":[{"count":1,"href":"https:\/\/oesterioja.com.ar\/news\/wp-json\/wp\/v2\/posts\/633\/revisions"}],"predecessor-version":[{"id":638,"href":"https:\/\/oesterioja.com.ar\/news\/wp-json\/wp\/v2\/posts\/633\/revisions\/638"}],"wp:featuredmedia":[{"embeddable":true,"href":"https:\/\/oesterioja.com.ar\/news\/wp-json\/wp\/v2\/media\/635"}],"wp:attachment":[{"href":"https:\/\/oesterioja.com.ar\/news\/wp-json\/wp\/v2\/media?parent=633"}],"wp:term":[{"taxonomy":"category","embeddable":true,"href":"https:\/\/oesterioja.com.ar\/news\/wp-json\/wp\/v2\/categories?post=633"},{"taxonomy":"post_tag","embeddable":true,"href":"https:\/\/oesterioja.com.ar\/news\/wp-json\/wp\/v2\/tags?post=633"}],"curies":[{"name":"wp","href":"https:\/\/api.w.org\/{rel}","templated":true}]}}