{"id":628,"date":"2026-09-04T23:43:12","date_gmt":"2026-09-04T23:43:12","guid":{"rendered":"https:\/\/oesterioja.com.ar\/news\/?p=628"},"modified":"2026-09-04T23:43:13","modified_gmt":"2026-09-04T23:43:13","slug":"salud-fortalece-el-rol-de-los-trabajadores-sociales-en-los-centros-de-atencion-primaria","status":"publish","type":"post","link":"https:\/\/oesterioja.com.ar\/news\/salud-fortalece-el-rol-de-los-trabajadores-sociales-en-los-centros-de-atencion-primaria\/","title":{"rendered":"Salud fortalece el rol de los trabajadores sociales en los centros de atenci\u00f3n primaria"},"content":{"rendered":"\n<blockquote class=\"wp-block-quote has-black-color has-text-color has-link-color has-medium-font-size wp-elements-1 is-layout-flow wp-block-quote-is-layout-flow\">\n<p class=\"wp-block-paragraph\">&gt; _PRIMER NIVEL DE ATENCI\u00d3N_<\/p>\n<\/blockquote>\n\n\n\n<p class=\"has-black-color has-text-color has-link-color has-medium-font-size wp-elements-2 wp-block-paragraph\"><strong>_El Ministerio de Salud present\u00f3 un manual elaborado de manera colectiva con profesionales de Capital y el interior provincial. La herramienta establece criterios comunes sobre competencias, roles, protocolos de actuaci\u00f3n, registros y gesti\u00f3n, con el objetivo de fortalecer la intervenci\u00f3n de los trabajadores sociales y su integraci\u00f3n a los equipos interdisciplinarios._<\/strong><\/p>\n\n\n\n<p class=\"has-black-color has-text-color has-link-color has-medium-font-size wp-elements-3 wp-block-paragraph\">El Ministerio de Salud present\u00f3 este lunes el Manual de Roles y Funciones de los Trabajadores Sociales del Primer Nivel de Atenci\u00f3n, una herramienta construida de manera colectiva que busca institucionalizar y unificar los criterios que orientan la intervenci\u00f3n de estos profesionales dentro de los equipos de salud.<\/p>\n\n\n\n<figure class=\"wp-block-gallery has-nested-images columns-default is-cropped wp-block-gallery-1 is-layout-flex wp-block-gallery-is-layout-flex\">\n<figure class=\"wp-block-image size-large\"><a href=\"https:\/\/oesterioja.com.ar\/news\/wp-content\/uploads\/2026\/09\/IMG-20260904-WA0007.jpg\"><img loading=\"lazy\" decoding=\"async\" width=\"1024\" height=\"683\" data-id=\"629\" src=\"https:\/\/oesterioja.com.ar\/news\/wp-content\/uploads\/2026\/09\/IMG-20260904-WA0007-1024x683.jpg\" alt=\"\" class=\"wp-image-629\" srcset=\"https:\/\/oesterioja.com.ar\/news\/wp-content\/uploads\/2026\/09\/IMG-20260904-WA0007-1024x683.jpg 1024w, https:\/\/oesterioja.com.ar\/news\/wp-content\/uploads\/2026\/09\/IMG-20260904-WA0007-768x512.jpg 768w, https:\/\/oesterioja.com.ar\/news\/wp-content\/uploads\/2026\/09\/IMG-20260904-WA0007-300x200.jpg 300w, https:\/\/oesterioja.com.ar\/news\/wp-content\/uploads\/2026\/09\/IMG-20260904-WA0007-1536x1024.jpg 1536w, https:\/\/oesterioja.com.ar\/news\/wp-content\/uploads\/2026\/09\/IMG-20260904-WA0007.jpg 1599w\" sizes=\"auto, (max-width: 1024px) 100vw, 1024px\" \/><\/a><\/figure>\n\n\n\n<figure class=\"wp-block-image size-large\"><a href=\"https:\/\/oesterioja.com.ar\/news\/wp-content\/uploads\/2026\/09\/IMG-20260904-WA0008.jpg\"><img loading=\"lazy\" decoding=\"async\" width=\"1024\" height=\"683\" data-id=\"630\" src=\"https:\/\/oesterioja.com.ar\/news\/wp-content\/uploads\/2026\/09\/IMG-20260904-WA0008-1024x683.jpg\" alt=\"\" class=\"wp-image-630\" srcset=\"https:\/\/oesterioja.com.ar\/news\/wp-content\/uploads\/2026\/09\/IMG-20260904-WA0008-1024x683.jpg 1024w, https:\/\/oesterioja.com.ar\/news\/wp-content\/uploads\/2026\/09\/IMG-20260904-WA0008-300x200.jpg 300w, https:\/\/oesterioja.com.ar\/news\/wp-content\/uploads\/2026\/09\/IMG-20260904-WA0008-768x512.jpg 768w, https:\/\/oesterioja.com.ar\/news\/wp-content\/uploads\/2026\/09\/IMG-20260904-WA0008-1536x1024.jpg 1536w, https:\/\/oesterioja.com.ar\/news\/wp-content\/uploads\/2026\/09\/IMG-20260904-WA0008.jpg 1599w\" sizes=\"auto, (max-width: 1024px) 100vw, 1024px\" \/><\/a><\/figure>\n\n\n\n<figure class=\"wp-block-image size-large\"><a href=\"https:\/\/oesterioja.com.ar\/news\/wp-content\/uploads\/2026\/09\/IMG-20260904-WA0009.jpg\"><img loading=\"lazy\" decoding=\"async\" width=\"1024\" height=\"676\" data-id=\"631\" src=\"https:\/\/oesterioja.com.ar\/news\/wp-content\/uploads\/2026\/09\/IMG-20260904-WA0009-1024x676.jpg\" alt=\"\" class=\"wp-image-631\" srcset=\"https:\/\/oesterioja.com.ar\/news\/wp-content\/uploads\/2026\/09\/IMG-20260904-WA0009-1024x676.jpg 1024w, https:\/\/oesterioja.com.ar\/news\/wp-content\/uploads\/2026\/09\/IMG-20260904-WA0009-300x198.jpg 300w, https:\/\/oesterioja.com.ar\/news\/wp-content\/uploads\/2026\/09\/IMG-20260904-WA0009-767x506.jpg 767w, https:\/\/oesterioja.com.ar\/news\/wp-content\/uploads\/2026\/09\/IMG-20260904-WA0009.jpg 1490w\" sizes=\"auto, (max-width: 1024px) 100vw, 1024px\" \/><\/a><\/figure>\n<\/figure>\n\n\n\n<p class=\"has-black-color has-text-color has-link-color has-medium-font-size wp-elements-4 wp-block-paragraph\"><br>El documento fue elaborado con la participaci\u00f3n de trabajadores sociales de centros de salud, direcciones, programas y distintos dispositivos dependientes de la cartera sanitaria, tanto de Capital como del interior provincial.<br><strong>El manual incorpora un marco de referencia conceptual e institucional, aspectos normativos y \u00e9tico-profesionales, competencias, roles y funciones operativas, protocolos de actuaci\u00f3n ante situaciones espec\u00edficas, herramientas de registro y gesti\u00f3n y sistemas de informaci\u00f3n.<br><\/strong>De esta manera, se busca establecer pautas compartidas para el desempe\u00f1o profesional en el primer nivel de atenci\u00f3n y, al mismo tiempo, fortalecer la articulaci\u00f3n de los trabajadores sociales con los dem\u00e1s integrantes de los equipos interdisciplinarios.<\/p>\n\n\n\n<p class=\"has-black-color has-text-color has-link-color has-medium-font-size wp-elements-5 wp-block-paragraph\"><strong><em>*Una herramienta construida desde la experiencia*<\/em><\/strong><\/p>\n\n\n\n<p class=\"has-black-color has-text-color has-link-color has-medium-font-size wp-elements-6 wp-block-paragraph\"><strong><em><br><\/em>La presentaci\u00f3n se realiz\u00f3 en la Sala de Situaci\u00f3n del Ministerio de Salud y cont\u00f3 con la presencia del ministro Juan Carlos Vergara; la coordinadora ejecutiva del Plan Provincial de Salud, Romina Cuello; la subsecretaria de Ciclos de Vida y Objetivos Sanitarios Priorizados, Eliana Alem; y coordinadores de los Centros de Atenci\u00f3n Primaria de la Salud (CAPS).<\/strong><\/p>\n\n\n\n<p class=\"has-black-color has-text-color has-link-color has-medium-font-size wp-elements-7 wp-block-paragraph\"><strong><br><\/strong>Durante el encuentro, Vergara destac\u00f3 especialmente el proceso colectivo que permiti\u00f3 construir el documento y plante\u00f3 que el manual deber\u00e1 continuar enriqueci\u00e9ndose a partir de su aplicaci\u00f3n y de las experiencias de los propios equipos.<\/p>\n\n\n\n<p class=\"has-black-color has-text-color has-link-color has-medium-font-size wp-elements-8 wp-block-paragraph\"><br>\u201cHagamos este manual de funciones y a partir de ac\u00e1 tratemos todos de trabajar, ver qu\u00e9 experiencias tomamos y, a partir de los a\u00f1os, del paso del tiempo, seguramente esto se va a perfeccionar\u201d, sostuvo.<br>El Ministro vincul\u00f3 adem\u00e1s la iniciativa con uno de los objetivos del Plan Provincial de Salud: mejorar tanto el acceso y las condiciones de salud de la poblaci\u00f3n como las condiciones en las que desempe\u00f1an sus tareas quienes integran el sistema sanitario.<\/p>\n\n\n\n<blockquote class=\"wp-block-quote has-black-color has-text-color has-link-color has-medium-font-size wp-elements-9 is-layout-flow wp-block-quote-is-layout-flow\">\n<p class=\"has-black-color has-text-color has-link-color has-medium-font-size wp-elements-10 wp-block-paragraph\"><br><strong>\u201cYo hago algo por algo y para algo. Y s\u00e9 por qu\u00e9 lo hago, lo puedo medir. Entonces, si yo hice esto o todos hicimos esto y no nos dio resultados, bueno, veamos, nos juntemos y veamos c\u00f3mo cambiamos\u201d, expres\u00f3.<br><\/strong>Vergara valor\u00f3 asimismo la participaci\u00f3n directa de los trabajadores sociales en la elaboraci\u00f3n de la herramienta y consider\u00f3 que experiencias similares deber\u00edan avanzar sobre otras disciplinas. \u201cLa conformaci\u00f3n de los equipos de salud del primer nivel de atenci\u00f3n es lo m\u00e1s importante que nosotros vamos a dejar como legado\u201d, afirm\u00f3.<\/p>\n<\/blockquote>\n\n\n\n<p class=\"has-black-color has-text-color has-link-color has-medium-font-size wp-elements-11 wp-block-paragraph\">*Fortalecer el trabajo interdisciplinario*<br>Por su parte, Romina Cuello destac\u00f3 el acompa\u00f1amiento al proceso de construcci\u00f3n colectiva y la posibilidad de que el documento se convierta en una herramienta que permanezca m\u00e1s all\u00e1 de la actual gesti\u00f3n.<br>El manual \u201cnos va a trascender como gesti\u00f3n y va a seguir acompa\u00f1ando a cada uno de los chicos que han podido construir esto para poder seguir fortaleciendo todo lo que es la atenci\u00f3n primaria\u201d, se\u00f1al\u00f3.<br>Cuello destac\u00f3 adem\u00e1s el papel que desempe\u00f1an los trabajadores sociales como nexo entre el sistema sanitario, las personas y las comunidades, y su necesaria articulaci\u00f3n con diferentes \u00e1reas del Estado, entre ellas Salud, Desarrollo Social, los municipios y otras instituciones.<br>En tanto, Eliana Alem explic\u00f3 que el objetivo es \u201cinstitucionalizar y unificar los criterios te\u00f3ricos, metodol\u00f3gicos y operativos que gu\u00edan la intervenci\u00f3n del trabajo social\u201d, fortaleciendo su articulaci\u00f3n con los equipos interdisciplinarios.<br>La herramienta se incorpora as\u00ed al Plan Provincial de Salud desde un enfoque integral de derechos, con el prop\u00f3sito de ordenar las pr\u00e1cticas, fortalecer el trabajo interdisciplinario y consolidar el papel de los trabajadores sociales dentro de los equipos del primer nivel de atenci\u00f3n.<\/p>\n\n\n\n<p class=\"has-text-align-center has-black-color has-text-color has-link-color has-medium-font-size wp-elements-12 wp-block-paragraph\"><strong>Seguinos en nuestras redes sociales!<br><a href=\"https:\/\/www.instagram.com\/oesterioja.com.ar\/\">https:\/\/www.instagram.com\/oesterioja.com.ar\/<\/a><br><a href=\"https:\/\/www.facebook.com\/oesterioja.com.ar\">https:\/\/www.facebook.com\/oesterioja.com.ar<\/a><br><a href=\"https:\/\/x.com\/oesteriojaok\">https:\/\/x.com\/oesteriojaok<\/a><br><a href=\"https:\/\/www.youtube.com\/@oesterioja\">https:\/\/www.youtube.com\/@oesterioja<\/a><br><a href=\"https:\/\/www.tiktok.com\/@oesteriojatiktok\">https:\/\/www.tiktok.com\/@oesteriojatiktok<\/a><\/strong><\/p>\n\n\n\n<figure class=\"wp-block-image\"><a href=\"https:\/\/chat.whatsapp.com\/LiGy1PVnV4gJnbsFBgRI40\" target=\"_blank\" rel=\" noreferrer noopener\"><img loading=\"lazy\" decoding=\"async\" width=\"2560\" height=\"333\" src=\"https:\/\/oesterioja.com.ar\/news\/wp-content\/uploads\/2026\/07\/Gemini_Generated_Image_vwbndtvwbndtvwbn-scaled.png\" alt=\"\" class=\"wp-image-249\" srcset=\"https:\/\/oesterioja.com.ar\/news\/wp-content\/uploads\/2026\/07\/Gemini_Generated_Image_vwbndtvwbndtvwbn-scaled.png 2560w, https:\/\/oesterioja.com.ar\/news\/wp-content\/uploads\/2026\/07\/Gemini_Generated_Image_vwbndtvwbndtvwbn-300x39.png 300w, https:\/\/oesterioja.com.ar\/news\/wp-content\/uploads\/2026\/07\/Gemini_Generated_Image_vwbndtvwbndtvwbn-1024x133.png 1024w, https:\/\/oesterioja.com.ar\/news\/wp-content\/uploads\/2026\/07\/Gemini_Generated_Image_vwbndtvwbndtvwbn-768x100.png 768w, https:\/\/oesterioja.com.ar\/news\/wp-content\/uploads\/2026\/07\/Gemini_Generated_Image_vwbndtvwbndtvwbn-1536x200.png 1536w, https:\/\/oesterioja.com.ar\/news\/wp-content\/uploads\/2026\/07\/Gemini_Generated_Image_vwbndtvwbndtvwbn-2048x266.png 2048w\" sizes=\"auto, (max-width: 2560px) 100vw, 2560px\" \/><\/a><\/figure>\n\n\n\n<figure class=\"wp-block-image size-large\"><a href=\"https:\/\/josemarialr.com.ar\/web\/\"><img loading=\"lazy\" decoding=\"async\" width=\"1024\" height=\"399\" src=\"https:\/\/oesterioja.com.ar\/news\/wp-content\/uploads\/2026\/08\/Gemini_Generated_Image_7q8oo87q8oo87q8o-1024x399.jpg\" alt=\"\" class=\"wp-image-426\" srcset=\"https:\/\/oesterioja.com.ar\/news\/wp-content\/uploads\/2026\/08\/Gemini_Generated_Image_7q8oo87q8oo87q8o-1024x399.jpg 1024w, https:\/\/oesterioja.com.ar\/news\/wp-content\/uploads\/2026\/08\/Gemini_Generated_Image_7q8oo87q8oo87q8o-300x117.jpg 300w, https:\/\/oesterioja.com.ar\/news\/wp-content\/uploads\/2026\/08\/Gemini_Generated_Image_7q8oo87q8oo87q8o-768x299.jpg 768w, https:\/\/oesterioja.com.ar\/news\/wp-content\/uploads\/2026\/08\/Gemini_Generated_Image_7q8oo87q8oo87q8o-1536x598.jpg 1536w, https:\/\/oesterioja.com.ar\/news\/wp-content\/uploads\/2026\/08\/Gemini_Generated_Image_7q8oo87q8oo87q8o.jpg 1644w\" sizes=\"auto, (max-width: 1024px) 100vw, 1024px\" \/><\/a><\/figure>\n\n\n\n<p class=\"has-text-align-center has-black-color has-text-color has-link-color has-medium-font-size wp-elements-13 wp-block-paragraph\"><strong>Make software design for all device<br>JoseMaria Designer<br><a href=\"https:\/\/github.com\/josemarialr\">https:\/\/github.com\/josemarialr<\/a><br><a href=\"https:\/\/www.facebook.com\/josemariafvarela\">https:\/\/www.facebook.com\/josemariafvarela<\/a><br><a href=\"https:\/\/x.com\/josemarialrX\">https:\/\/x.com\/josemarialrX<\/a><\/strong><\/p>\n\n<div class=\"twitter-share\"><a href=\"https:\/\/twitter.com\/intent\/tweet?via=OesteriojaOK\" class=\"twitter-share-button\" data-size=\"large\">Twittear<\/a><\/div>\n","protected":false},"excerpt":{"rendered":"<p>&gt; _PRIMER NIVEL DE ATENCI\u00d3N_ _El Ministerio de Salud present\u00f3 un manual elaborado de manera colectiva con profesionales de Capital y el interior provincial. La herramienta establece criterios comunes sobre competencias, roles, protocolos de actuaci\u00f3n, registros y gesti\u00f3n, con el objetivo de fortalecer la intervenci\u00f3n de los trabajadores sociales y su integraci\u00f3n a los equipos [&hellip;]<\/p>\n","protected":false},"author":2,"featured_media":630,"comment_status":"closed","ping_status":"closed","sticky":false,"template":"","format":"standard","meta":{"wp_popup_display_lightbox":0,"wp_popup_suppress":"","wp_popup_trigger":"","wp_popup_trigger_amount":0,"wp_popup_disable_on_mobile":false,"footnotes":"","jetpack_publicize_message":"","jetpack_publicize_feature_enabled":true,"jetpack_social_post_already_shared":true,"jetpack_social_options":{"image_generator_settings":{"template":"highway","default_image_id":0,"font":"","enabled":false},"version":2}},"categories":[4],"tags":[17,26,10,9],"class_list":["post-628","post","type-post","status-publish","format-standard","has-post-thumbnail","hentry","category-provinciales","tag-carlos-vergara","tag-gaby-pedrali","tag-la-rioja","tag-ricardo-quintela"],"jetpack_publicize_connections":[],"_links":{"self":[{"href":"https:\/\/oesterioja.com.ar\/news\/wp-json\/wp\/v2\/posts\/628","targetHints":{"allow":["GET"]}}],"collection":[{"href":"https:\/\/oesterioja.com.ar\/news\/wp-json\/wp\/v2\/posts"}],"about":[{"href":"https:\/\/oesterioja.com.ar\/news\/wp-json\/wp\/v2\/types\/post"}],"author":[{"embeddable":true,"href":"https:\/\/oesterioja.com.ar\/news\/wp-json\/wp\/v2\/users\/2"}],"replies":[{"embeddable":true,"href":"https:\/\/oesterioja.com.ar\/news\/wp-json\/wp\/v2\/comments?post=628"}],"version-history":[{"count":1,"href":"https:\/\/oesterioja.com.ar\/news\/wp-json\/wp\/v2\/posts\/628\/revisions"}],"predecessor-version":[{"id":632,"href":"https:\/\/oesterioja.com.ar\/news\/wp-json\/wp\/v2\/posts\/628\/revisions\/632"}],"wp:featuredmedia":[{"embeddable":true,"href":"https:\/\/oesterioja.com.ar\/news\/wp-json\/wp\/v2\/media\/630"}],"wp:attachment":[{"href":"https:\/\/oesterioja.com.ar\/news\/wp-json\/wp\/v2\/media?parent=628"}],"wp:term":[{"taxonomy":"category","embeddable":true,"href":"https:\/\/oesterioja.com.ar\/news\/wp-json\/wp\/v2\/categories?post=628"},{"taxonomy":"post_tag","embeddable":true,"href":"https:\/\/oesterioja.com.ar\/news\/wp-json\/wp\/v2\/tags?post=628"}],"curies":[{"name":"wp","href":"https:\/\/api.w.org\/{rel}","templated":true}]}}