{"id":623,"date":"2026-09-04T23:37:58","date_gmt":"2026-09-04T23:37:58","guid":{"rendered":"https:\/\/oesterioja.com.ar\/news\/?p=623"},"modified":"2026-09-04T23:38:00","modified_gmt":"2026-09-04T23:38:00","slug":"gota-a-gota-la-escuela-brota-estudiantes-riojanos-convierten-el-cuidado-del-agua-en-una-solucion-concreta","status":"publish","type":"post","link":"https:\/\/oesterioja.com.ar\/news\/gota-a-gota-la-escuela-brota-estudiantes-riojanos-convierten-el-cuidado-del-agua-en-una-solucion-concreta\/","title":{"rendered":"\u201cGota a gota la escuela brota\u201d: estudiantes riojanos convierten el cuidado del agua en una soluci\u00f3n concreta"},"content":{"rendered":"\n<blockquote class=\"wp-block-quote is-layout-flow wp-block-quote-is-layout-flow\">\n<p class=\"has-black-color has-text-color has-link-color has-medium-font-size wp-elements-1 wp-block-paragraph\">&gt; _CONCIENCIA H\u00cdDRICA_<br><br><strong>_Alumnos de cuarto grado de la Escuela N.\u00b0 417 del barrio N\u00e9stor Kirchner desarrollaron una propuesta para recuperar el agua que se desperdicia en los bebederos y reutilizarla en el riego de los canteros. Los estudiantes presentaron la iniciativa ante autoridades del Ministerio de Agua y Energ\u00eda y proyectan incorporar nuevas aplicaciones y tecnolog\u00eda para ampliar el aprovechamiento y medir el recurso recuperado._<\/strong><\/p>\n\n\n\n<p class=\"has-black-color has-text-color has-link-color has-medium-font-size wp-elements-2 wp-block-paragraph\"><br><br><strong>Estudiantes de cuarto grado de la Escuela N.\u00b0 417 del barrio N\u00e9stor Kirchner presentaron ante el Ministerio de Agua y Energ\u00eda el proyecto \u201cGota a gota la escuela brota\u201d, una iniciativa nacida de la observaci\u00f3n de un problema cotidiano y orientada a generar una soluci\u00f3n concreta para el cuidado y aprovechamiento del agua.<\/strong><\/p>\n\n\n\n<figure class=\"wp-block-gallery has-nested-images columns-default is-cropped wp-block-gallery-1 is-layout-flex wp-block-gallery-is-layout-flex\">\n<figure class=\"wp-block-image size-large\"><a href=\"https:\/\/oesterioja.com.ar\/news\/wp-content\/uploads\/2026\/09\/IMG-20260904-WA0004.jpg\"><img loading=\"lazy\" decoding=\"async\" width=\"1024\" height=\"682\" data-id=\"624\" src=\"https:\/\/oesterioja.com.ar\/news\/wp-content\/uploads\/2026\/09\/IMG-20260904-WA0004-1024x682.jpg\" alt=\"\" class=\"wp-image-624\" srcset=\"https:\/\/oesterioja.com.ar\/news\/wp-content\/uploads\/2026\/09\/IMG-20260904-WA0004-1024x682.jpg 1024w, https:\/\/oesterioja.com.ar\/news\/wp-content\/uploads\/2026\/09\/IMG-20260904-WA0004-300x200.jpg 300w, https:\/\/oesterioja.com.ar\/news\/wp-content\/uploads\/2026\/09\/IMG-20260904-WA0004-767x511.jpg 767w, https:\/\/oesterioja.com.ar\/news\/wp-content\/uploads\/2026\/09\/IMG-20260904-WA0004-1536x1023.jpg 1536w, https:\/\/oesterioja.com.ar\/news\/wp-content\/uploads\/2026\/09\/IMG-20260904-WA0004.jpg 1600w\" sizes=\"auto, (max-width: 1024px) 100vw, 1024px\" \/><\/a><\/figure>\n\n\n\n<figure class=\"wp-block-image size-large\"><a href=\"https:\/\/oesterioja.com.ar\/news\/wp-content\/uploads\/2026\/09\/IMG-20260904-WA0005.jpg\"><img loading=\"lazy\" decoding=\"async\" width=\"1024\" height=\"580\" data-id=\"625\" src=\"https:\/\/oesterioja.com.ar\/news\/wp-content\/uploads\/2026\/09\/IMG-20260904-WA0005-1024x580.jpg\" alt=\"\" class=\"wp-image-625\" srcset=\"https:\/\/oesterioja.com.ar\/news\/wp-content\/uploads\/2026\/09\/IMG-20260904-WA0005-1024x580.jpg 1024w, https:\/\/oesterioja.com.ar\/news\/wp-content\/uploads\/2026\/09\/IMG-20260904-WA0005-300x170.jpg 300w, https:\/\/oesterioja.com.ar\/news\/wp-content\/uploads\/2026\/09\/IMG-20260904-WA0005-767x435.jpg 767w, https:\/\/oesterioja.com.ar\/news\/wp-content\/uploads\/2026\/09\/IMG-20260904-WA0005-1536x871.jpg 1536w, https:\/\/oesterioja.com.ar\/news\/wp-content\/uploads\/2026\/09\/IMG-20260904-WA0005.jpg 1600w\" sizes=\"auto, (max-width: 1024px) 100vw, 1024px\" \/><\/a><\/figure>\n\n\n\n<figure class=\"wp-block-image size-large\"><a href=\"https:\/\/oesterioja.com.ar\/news\/wp-content\/uploads\/2026\/09\/IMG-20260904-WA0006.jpg\"><img loading=\"lazy\" decoding=\"async\" width=\"1024\" height=\"682\" data-id=\"626\" src=\"https:\/\/oesterioja.com.ar\/news\/wp-content\/uploads\/2026\/09\/IMG-20260904-WA0006-1024x682.jpg\" alt=\"\" class=\"wp-image-626\" srcset=\"https:\/\/oesterioja.com.ar\/news\/wp-content\/uploads\/2026\/09\/IMG-20260904-WA0006-1024x682.jpg 1024w, https:\/\/oesterioja.com.ar\/news\/wp-content\/uploads\/2026\/09\/IMG-20260904-WA0006-767x511.jpg 767w, https:\/\/oesterioja.com.ar\/news\/wp-content\/uploads\/2026\/09\/IMG-20260904-WA0006-300x200.jpg 300w, https:\/\/oesterioja.com.ar\/news\/wp-content\/uploads\/2026\/09\/IMG-20260904-WA0006-1536x1023.jpg 1536w, https:\/\/oesterioja.com.ar\/news\/wp-content\/uploads\/2026\/09\/IMG-20260904-WA0006.jpg 1600w\" sizes=\"auto, (max-width: 1024px) 100vw, 1024px\" \/><\/a><\/figure>\n<\/figure>\n\n\n\n<p class=\"has-black-color has-text-color has-link-color has-medium-font-size wp-elements-3 wp-block-paragraph\"><strong><br><\/strong>El ministro de Agua y Energ\u00eda, Adolfo Scaglioni, recibi\u00f3 a los alumnos, quienes explicaron los objetivos, el proceso de desarrollo y las posibilidades de crecimiento de una propuesta que comenz\u00f3 cuando detectaron que la excesiva presi\u00f3n de los bebederos de la instituci\u00f3n dificultaba el llenado de las botellas y provocaba el desperdicio de agua.<br><strong>A partir de esa situaci\u00f3n y teniendo en cuenta el contexto de emergencia h\u00eddrica que atraviesa la Provincia, los estudiantes buscaron una alternativa de costo cero para recuperar esa agua y utilizarla en el riego de los canteros de la escuela.<br><\/strong>El proyecto fue desarrollado con el acompa\u00f1amiento de los docentes Emanuel Z\u00e1rate Salom\u00f3n, del \u00e1rea de Educaci\u00f3n Tecnol\u00f3gica; Ivanna Mariel Maldonado, de Artes Visuales; y Mar\u00eda Isidora Porra Mercado, de Lengua y Literatura.<br>Del encuentro participaron adem\u00e1s el secretario de Agua, Edgardo Karam; la directora de Gesti\u00f3n Ambiental y Social, Bel\u00e9n Cuenca; y el representante de la Escuela de Cultura H\u00eddrica, Gustavo Pablo Carrizo.<br><br>*Una propuesta que puede seguir creciendo*<br>La iniciativa no se limita al aprovechamiento del agua para riego. Como parte de una pr\u00f3xima etapa, los alumnos plantearon desarrollar una conexi\u00f3n mediante una manguera que permita conducir el agua recuperada desde los bebederos hacia las mochilas de carga de los sanitarios, ampliando as\u00ed las posibilidades de reutilizaci\u00f3n dentro de la propia escuela.<br>El proyecto contempla adem\u00e1s incorporar tecnolog\u00eda para automatizar el registro del agua recuperada. Los estudiantes proyectan utilizar sensores de flujo conectados a una placa programable Arduino, lo que permitir\u00eda medir digitalmente la cantidad de agua aprovechada y visualizar los datos en tiempo real.<br>En una etapa posterior, la propuesta prev\u00e9 sumar conectividad Wi-Fi y una aplicaci\u00f3n m\u00f3vil que posibilite realizar un monitoreo remoto del sistema.<br>Actualmente, los alumnos contin\u00faan trabajando en el aula para incorporar mejoras t\u00e9cnicas al dispositivo. La experiencia tambi\u00e9n comenz\u00f3 a trascender el \u00e1mbito escolar a trav\u00e9s de una campa\u00f1a de difusi\u00f3n en medios locales, donde estudiantes y docentes compartieron el proyecto y su mensaje sobre la importancia del uso responsable del agua.<br><br><strong><em>*El compromiso de las nuevas generaciones*<br><\/em>Al finalizar el encuentro, Scaglioni entreg\u00f3 una tablet a cada estudiante como reconocimiento por el trabajo realizado y los alent\u00f3 a continuar desarrollando propuestas vinculadas con el cuidado del recurso h\u00eddrico.<\/strong><\/p>\n\n\n\n<p class=\"has-black-color has-text-color has-link-color has-medium-font-size wp-elements-4 wp-block-paragraph\"><strong><br>El Ministro destac\u00f3 especialmente la importancia de involucrar a ni\u00f1os y j\u00f3venes en la construcci\u00f3n de una cultura del agua, entendiendo que los aprendizajes y las pr\u00e1cticas desarrolladas en la escuela pueden trasladarse tambi\u00e9n a las familias y al conjunto de la comunidad.<br><\/strong>A trav\u00e9s del acompa\u00f1amiento a iniciativas como \u201cGota a gota la escuela brota\u201d, el Gobierno de La Rioja busca fortalecer las pol\u00edticas de concientizaci\u00f3n y uso responsable del agua, promoviendo la participaci\u00f3n de las nuevas generaciones y poniendo en valor propuestas que transforman el aprendizaje y la conciencia ambiental en soluciones concretas frente a problem\u00e1ticas cotidianas.<\/p>\n<\/blockquote>\n\n\n\n<p class=\"has-text-align-center has-black-color has-text-color has-link-color has-medium-font-size wp-elements-5 wp-block-paragraph\"><strong>Seguinos en nuestras redes sociales!<br><a href=\"https:\/\/www.instagram.com\/oesterioja.com.ar\/\">https:\/\/www.instagram.com\/oesterioja.com.ar\/<\/a><br><a href=\"https:\/\/www.facebook.com\/oesterioja.com.ar\">https:\/\/www.facebook.com\/oesterioja.com.ar<\/a><br><a href=\"https:\/\/x.com\/oesteriojaok\">https:\/\/x.com\/oesteriojaok<\/a><br><a href=\"https:\/\/www.youtube.com\/@oesterioja\">https:\/\/www.youtube.com\/@oesterioja<\/a><br><a href=\"https:\/\/www.tiktok.com\/@oesteriojatiktok\">https:\/\/www.tiktok.com\/@oesteriojatiktok<\/a><\/strong><\/p>\n\n\n\n<figure class=\"wp-block-image\"><a href=\"https:\/\/chat.whatsapp.com\/LiGy1PVnV4gJnbsFBgRI40\" target=\"_blank\" rel=\" noreferrer noopener\"><img loading=\"lazy\" decoding=\"async\" width=\"2560\" height=\"333\" src=\"https:\/\/oesterioja.com.ar\/news\/wp-content\/uploads\/2026\/07\/Gemini_Generated_Image_vwbndtvwbndtvwbn-scaled.png\" alt=\"\" class=\"wp-image-249\" srcset=\"https:\/\/oesterioja.com.ar\/news\/wp-content\/uploads\/2026\/07\/Gemini_Generated_Image_vwbndtvwbndtvwbn-scaled.png 2560w, https:\/\/oesterioja.com.ar\/news\/wp-content\/uploads\/2026\/07\/Gemini_Generated_Image_vwbndtvwbndtvwbn-300x39.png 300w, https:\/\/oesterioja.com.ar\/news\/wp-content\/uploads\/2026\/07\/Gemini_Generated_Image_vwbndtvwbndtvwbn-1024x133.png 1024w, https:\/\/oesterioja.com.ar\/news\/wp-content\/uploads\/2026\/07\/Gemini_Generated_Image_vwbndtvwbndtvwbn-768x100.png 768w, https:\/\/oesterioja.com.ar\/news\/wp-content\/uploads\/2026\/07\/Gemini_Generated_Image_vwbndtvwbndtvwbn-1536x200.png 1536w, https:\/\/oesterioja.com.ar\/news\/wp-content\/uploads\/2026\/07\/Gemini_Generated_Image_vwbndtvwbndtvwbn-2048x266.png 2048w\" sizes=\"auto, (max-width: 2560px) 100vw, 2560px\" \/><\/a><\/figure>\n\n\n\n<figure class=\"wp-block-image size-large\"><a href=\"https:\/\/josemarialr.com.ar\/web\/\"><img loading=\"lazy\" decoding=\"async\" width=\"1024\" height=\"399\" src=\"https:\/\/oesterioja.com.ar\/news\/wp-content\/uploads\/2026\/08\/Gemini_Generated_Image_7q8oo87q8oo87q8o-1024x399.jpg\" alt=\"\" class=\"wp-image-426\" srcset=\"https:\/\/oesterioja.com.ar\/news\/wp-content\/uploads\/2026\/08\/Gemini_Generated_Image_7q8oo87q8oo87q8o-1024x399.jpg 1024w, https:\/\/oesterioja.com.ar\/news\/wp-content\/uploads\/2026\/08\/Gemini_Generated_Image_7q8oo87q8oo87q8o-300x117.jpg 300w, https:\/\/oesterioja.com.ar\/news\/wp-content\/uploads\/2026\/08\/Gemini_Generated_Image_7q8oo87q8oo87q8o-768x299.jpg 768w, https:\/\/oesterioja.com.ar\/news\/wp-content\/uploads\/2026\/08\/Gemini_Generated_Image_7q8oo87q8oo87q8o-1536x598.jpg 1536w, https:\/\/oesterioja.com.ar\/news\/wp-content\/uploads\/2026\/08\/Gemini_Generated_Image_7q8oo87q8oo87q8o.jpg 1644w\" sizes=\"auto, (max-width: 1024px) 100vw, 1024px\" \/><\/a><\/figure>\n\n\n\n<p class=\"has-text-align-center has-black-color has-text-color has-link-color has-medium-font-size wp-elements-6 wp-block-paragraph\"><strong>Make software design for all device<br>JoseMaria Designer<br><a href=\"https:\/\/github.com\/josemarialr\">https:\/\/github.com\/josemarialr<\/a><br><a href=\"https:\/\/www.facebook.com\/josemariafvarela\">https:\/\/www.facebook.com\/josemariafvarela<\/a><br><a href=\"https:\/\/x.com\/josemarialrX\">https:\/\/x.com\/josemarialrX<\/a><\/strong><\/p>\n\n<div class=\"twitter-share\"><a href=\"https:\/\/twitter.com\/intent\/tweet?via=OesteriojaOK\" class=\"twitter-share-button\" data-size=\"large\">Twittear<\/a><\/div>\n","protected":false},"excerpt":{"rendered":"<p>Seguinos en nuestras redes sociales!https:\/\/www.instagram.com\/oesterioja.com.ar\/https:\/\/www.facebook.com\/oesterioja.com.arhttps:\/\/x.com\/oesteriojaokhttps:\/\/www.youtube.com\/@oesteriojahttps:\/\/www.tiktok.com\/@oesteriojatiktok Make software design for all deviceJoseMaria Designerhttps:\/\/github.com\/josemarialrhttps:\/\/www.facebook.com\/josemariafvarelahttps:\/\/x.com\/josemarialrX<\/p>\n","protected":false},"author":2,"featured_media":624,"comment_status":"closed","ping_status":"closed","sticky":false,"template":"","format":"standard","meta":{"wp_popup_display_lightbox":0,"wp_popup_suppress":"","wp_popup_trigger":"","wp_popup_trigger_amount":0,"wp_popup_disable_on_mobile":false,"footnotes":"","jetpack_publicize_message":"","jetpack_publicize_feature_enabled":true,"jetpack_social_post_already_shared":true,"jetpack_social_options":{"image_generator_settings":{"template":"highway","default_image_id":0,"font":"","enabled":false},"version":2}},"categories":[4],"tags":[162,26,10,161,9],"class_list":["post-623","post","type-post","status-publish","format-standard","has-post-thumbnail","hentry","category-provinciales","tag-adolfo-scaglioni","tag-gaby-pedrali","tag-la-rioja","tag-ministerio-de-agua-y-energia","tag-ricardo-quintela"],"jetpack_publicize_connections":[],"_links":{"self":[{"href":"https:\/\/oesterioja.com.ar\/news\/wp-json\/wp\/v2\/posts\/623","targetHints":{"allow":["GET"]}}],"collection":[{"href":"https:\/\/oesterioja.com.ar\/news\/wp-json\/wp\/v2\/posts"}],"about":[{"href":"https:\/\/oesterioja.com.ar\/news\/wp-json\/wp\/v2\/types\/post"}],"author":[{"embeddable":true,"href":"https:\/\/oesterioja.com.ar\/news\/wp-json\/wp\/v2\/users\/2"}],"replies":[{"embeddable":true,"href":"https:\/\/oesterioja.com.ar\/news\/wp-json\/wp\/v2\/comments?post=623"}],"version-history":[{"count":1,"href":"https:\/\/oesterioja.com.ar\/news\/wp-json\/wp\/v2\/posts\/623\/revisions"}],"predecessor-version":[{"id":627,"href":"https:\/\/oesterioja.com.ar\/news\/wp-json\/wp\/v2\/posts\/623\/revisions\/627"}],"wp:featuredmedia":[{"embeddable":true,"href":"https:\/\/oesterioja.com.ar\/news\/wp-json\/wp\/v2\/media\/624"}],"wp:attachment":[{"href":"https:\/\/oesterioja.com.ar\/news\/wp-json\/wp\/v2\/media?parent=623"}],"wp:term":[{"taxonomy":"category","embeddable":true,"href":"https:\/\/oesterioja.com.ar\/news\/wp-json\/wp\/v2\/categories?post=623"},{"taxonomy":"post_tag","embeddable":true,"href":"https:\/\/oesterioja.com.ar\/news\/wp-json\/wp\/v2\/tags?post=623"}],"curies":[{"name":"wp","href":"https:\/\/api.w.org\/{rel}","templated":true}]}}