{"id":617,"date":"2026-09-04T23:26:07","date_gmt":"2026-09-04T23:26:07","guid":{"rendered":"https:\/\/oesterioja.com.ar\/news\/?p=617"},"modified":"2026-09-04T23:26:08","modified_gmt":"2026-09-04T23:26:08","slug":"manzanas-saludables-mejora-el-entorno-de-mas-de-2-400-hogares-y-recupera-espacios-para-la-comunidad","status":"publish","type":"post","link":"https:\/\/oesterioja.com.ar\/news\/manzanas-saludables-mejora-el-entorno-de-mas-de-2-400-hogares-y-recupera-espacios-para-la-comunidad\/","title":{"rendered":"Manzanas Saludables mejora el entorno de m\u00e1s de 2.400 hogares y recupera espacios para la comunidad"},"content":{"rendered":"\n<blockquote class=\"wp-block-quote is-layout-flow wp-block-quote-is-layout-flow\">\n<p class=\"has-black-color has-text-color has-link-color has-medium-font-size wp-elements-1 wp-block-paragraph\"><strong>> _POL\u00cdTICA AMBIENTAL DE CERCAN\u00cdA_<\/strong><\/p>\n<\/blockquote>\n\n\n\n<p class=\"has-black-color has-text-color has-link-color has-medium-font-size wp-elements-2 wp-block-paragraph\"><strong>_El programa del Instituto de Servicios Ambientales alcanz\u00f3 140 manzanas y 2.444 domicilios durante la segunda mitad del a\u00f1o, con acciones de prevenci\u00f3n socioambiental, retiro de residuos y malezas y abordajes espec\u00edficos en distintos sectores de la ciudad. El trabajo incorpora adem\u00e1s la recuperaci\u00f3n de espacios para actividades comunitarias y deportivas destinadas a ni\u00f1as, ni\u00f1os y j\u00f3venes._<\/strong><\/p>\n\n\n\n<p class=\"has-black-color has-text-color has-link-color has-medium-font-size wp-elements-3 wp-block-paragraph\"><strong>El programa Manzanas Saludables contin\u00faa profundizando su presencia en los barrios de la ciudad mediante una estrategia que combina saneamiento y prevenci\u00f3n socioambiental, recuperaci\u00f3n de espacios y articulaci\u00f3n con otras \u00e1reas del Estado para responder a las necesidades detectadas junto a las comunidades.<\/strong><\/p>\n\n\n\n<figure class=\"wp-block-gallery has-nested-images columns-default is-cropped wp-block-gallery-1 is-layout-flex wp-block-gallery-is-layout-flex\">\n<figure class=\"wp-block-image size-large\"><a href=\"https:\/\/oesterioja.com.ar\/news\/wp-content\/uploads\/2026\/09\/IMG-20260904-WA0000.jpg\"><img loading=\"lazy\" decoding=\"async\" width=\"1024\" height=\"682\" data-id=\"620\" src=\"https:\/\/oesterioja.com.ar\/news\/wp-content\/uploads\/2026\/09\/IMG-20260904-WA0000-1024x682.jpg\" alt=\"\" class=\"wp-image-620\" srcset=\"https:\/\/oesterioja.com.ar\/news\/wp-content\/uploads\/2026\/09\/IMG-20260904-WA0000-1024x682.jpg 1024w, https:\/\/oesterioja.com.ar\/news\/wp-content\/uploads\/2026\/09\/IMG-20260904-WA0000-300x200.jpg 300w, https:\/\/oesterioja.com.ar\/news\/wp-content\/uploads\/2026\/09\/IMG-20260904-WA0000-767x511.jpg 767w, https:\/\/oesterioja.com.ar\/news\/wp-content\/uploads\/2026\/09\/IMG-20260904-WA0000-1536x1023.jpg 1536w, https:\/\/oesterioja.com.ar\/news\/wp-content\/uploads\/2026\/09\/IMG-20260904-WA0000.jpg 1600w\" sizes=\"auto, (max-width: 1024px) 100vw, 1024px\" \/><\/a><\/figure>\n\n\n\n<figure class=\"wp-block-image size-large\"><a href=\"https:\/\/oesterioja.com.ar\/news\/wp-content\/uploads\/2026\/09\/IMG-20260904-WA0001.jpg\"><img loading=\"lazy\" decoding=\"async\" width=\"1024\" height=\"647\" data-id=\"618\" src=\"https:\/\/oesterioja.com.ar\/news\/wp-content\/uploads\/2026\/09\/IMG-20260904-WA0001-1024x647.jpg\" alt=\"\" class=\"wp-image-618\" srcset=\"https:\/\/oesterioja.com.ar\/news\/wp-content\/uploads\/2026\/09\/IMG-20260904-WA0001-1024x647.jpg 1024w, https:\/\/oesterioja.com.ar\/news\/wp-content\/uploads\/2026\/09\/IMG-20260904-WA0001-300x190.jpg 300w, https:\/\/oesterioja.com.ar\/news\/wp-content\/uploads\/2026\/09\/IMG-20260904-WA0001-767x485.jpg 767w, https:\/\/oesterioja.com.ar\/news\/wp-content\/uploads\/2026\/09\/IMG-20260904-WA0001.jpg 1411w\" sizes=\"auto, (max-width: 1024px) 100vw, 1024px\" \/><\/a><\/figure>\n\n\n\n<figure class=\"wp-block-image size-large\"><a href=\"https:\/\/oesterioja.com.ar\/news\/wp-content\/uploads\/2026\/09\/IMG-20260904-WA0002.jpg\"><img loading=\"lazy\" decoding=\"async\" width=\"1024\" height=\"682\" data-id=\"621\" src=\"https:\/\/oesterioja.com.ar\/news\/wp-content\/uploads\/2026\/09\/IMG-20260904-WA0002-1024x682.jpg\" alt=\"\" class=\"wp-image-621\" srcset=\"https:\/\/oesterioja.com.ar\/news\/wp-content\/uploads\/2026\/09\/IMG-20260904-WA0002-1024x682.jpg 1024w, https:\/\/oesterioja.com.ar\/news\/wp-content\/uploads\/2026\/09\/IMG-20260904-WA0002-300x200.jpg 300w, https:\/\/oesterioja.com.ar\/news\/wp-content\/uploads\/2026\/09\/IMG-20260904-WA0002-767x511.jpg 767w, https:\/\/oesterioja.com.ar\/news\/wp-content\/uploads\/2026\/09\/IMG-20260904-WA0002-1536x1023.jpg 1536w, https:\/\/oesterioja.com.ar\/news\/wp-content\/uploads\/2026\/09\/IMG-20260904-WA0002.jpg 1600w\" sizes=\"auto, (max-width: 1024px) 100vw, 1024px\" \/><\/a><\/figure>\n\n\n\n<figure class=\"wp-block-image size-large\"><a href=\"https:\/\/oesterioja.com.ar\/news\/wp-content\/uploads\/2026\/09\/IMG-20260904-WA0003.jpg\"><img loading=\"lazy\" decoding=\"async\" width=\"1024\" height=\"682\" data-id=\"619\" src=\"https:\/\/oesterioja.com.ar\/news\/wp-content\/uploads\/2026\/09\/IMG-20260904-WA0003-1024x682.jpg\" alt=\"\" class=\"wp-image-619\" srcset=\"https:\/\/oesterioja.com.ar\/news\/wp-content\/uploads\/2026\/09\/IMG-20260904-WA0003-1024x682.jpg 1024w, https:\/\/oesterioja.com.ar\/news\/wp-content\/uploads\/2026\/09\/IMG-20260904-WA0003-300x200.jpg 300w, https:\/\/oesterioja.com.ar\/news\/wp-content\/uploads\/2026\/09\/IMG-20260904-WA0003-767x511.jpg 767w, https:\/\/oesterioja.com.ar\/news\/wp-content\/uploads\/2026\/09\/IMG-20260904-WA0003-1536x1023.jpg 1536w, https:\/\/oesterioja.com.ar\/news\/wp-content\/uploads\/2026\/09\/IMG-20260904-WA0003.jpg 1600w\" sizes=\"auto, (max-width: 1024px) 100vw, 1024px\" \/><\/a><\/figure>\n<\/figure>\n\n\n\n<p class=\"has-black-color has-text-color has-link-color has-medium-font-size wp-elements-4 wp-block-paragraph\"><br><strong>En lo transcurrido de la segunda mitad del a\u00f1o, el programa alcanz\u00f3 140 manzanas y 2.444 domicilios, mientras que los operativos permitieron completar 155 vueltas de retiro de residuos, malezas y cacharros.<br>A estas tareas se sumaron intervenciones espec\u00edficas en sectores que, por sus caracter\u00edsticas o por las situaciones socioambientales detectadas durante los relevamientos, requirieron un abordaje particular.<\/strong><\/p>\n\n\n\n<blockquote class=\"wp-block-quote is-layout-flow wp-block-quote-is-layout-flow\">\n<p class=\"has-black-color has-text-color has-link-color has-medium-font-size wp-elements-5 wp-block-paragraph\"><strong><br><em>\u201cEsto es pol\u00edtica barrial y de cercan\u00eda. Manzanas Saludables est\u00e1 donde tiene que estar: en los barrios, junto a los vecinos, buscando soluciones en conjunto y transformando las necesidades que encontramos en acciones concretas\u201d, destac\u00f3 el presidente del Instituto de Servicios Ambientales, Christian Albrecht.<\/em><\/strong><\/p>\n<\/blockquote>\n\n\n\n<p class=\"has-black-color has-text-color has-link-color has-medium-font-size wp-elements-6 wp-block-paragraph\">*Saneamiento y respuestas a necesidades concretas*<br>Entre las intervenciones realizadas se encuentra el trabajo en el lateral de Olivos de la Quebrada, donde se retiraron tres vueltas de residuos y malezas. Tambi\u00e9n se desarrollaron tareas en el Hogar de las Monjas, el helipuerto de la Polic\u00eda y la Escuela de Cadetes, con el retiro de material vegetal y residuos acumulados.<br>Los recorridos territoriales permiten adem\u00e1s identificar situaciones particulares que requieren otro tipo de respuestas. En los barrios Santa Rosa y Beder Herrera, por ejemplo, se brind\u00f3 asistencia en domicilios que presentaban problem\u00e1ticas socioambientales, mediante acciones destinadas a reducir factores que pod\u00edan afectar las condiciones sanitarias y ambientales del entorno.<br>De esta manera, el programa no se limita al acondicionamiento general de los barrios, sino que incorpora la detecci\u00f3n de necesidades espec\u00edficas y la articulaci\u00f3n de respuestas seg\u00fan las caracter\u00edsticas de cada sector.<\/p>\n\n\n\n<p class=\"has-black-color has-text-color has-link-color has-medium-font-size wp-elements-7 wp-block-paragraph\">*Recuperar espacios para generar nuevas oportunidades*<br>Otra de las l\u00edneas de trabajo est\u00e1 orientada a recuperar espacios y devolverles una utilidad comunitaria. En ese marco, Manzanas Saludables intervino en el predio del Club Social y Deportivo 13 de Enero, donde las tareas de acondicionamiento permitieron avanzar en una propuesta articulada con el \u00e1rea de Deporte Social.<br>A partir de esa recuperaci\u00f3n se proyecta fortalecer las actividades deportivas destinadas a ni\u00f1as, ni\u00f1os y j\u00f3venes, incluyendo escuelas de f\u00fatbol infantil, femenino y masculino.<br>La articulaci\u00f3n comprende a cinco barrios: Virgen Desatanudos, 13 de Enero, Las Talas, Loteo San Andr\u00e9s y 129 Viviendas, con el objetivo de conformar una red de espacios y propuestas que favorezcan la participaci\u00f3n comunitaria y ampl\u00eden las posibilidades de acceso al deporte.<br>El trabajo prev\u00e9 tambi\u00e9n la intervenci\u00f3n de otros organismos, entre ellos EDELAR, para evaluar mejoras en la iluminaci\u00f3n de los espacios y acompa\u00f1ar el desarrollo de las actividades proyectadas.<\/p>\n\n\n\n<p class=\"has-black-color has-text-color has-link-color has-medium-font-size wp-elements-8 wp-block-paragraph\">*Una pol\u00edtica de cercan\u00eda en los barrios*<br>Desde el Instituto de Servicios Ambientales destacaron que la presencia permanente en territorio permite no solamente mejorar las condiciones ambientales de los sectores intervenidos, sino tambi\u00e9n conocer de primera mano las necesidades de las comunidades y articular soluciones con otras \u00e1reas del Estado y actores barriales.<br>Manzanas Saludables consolida as\u00ed una modalidad de intervenci\u00f3n basada en la prevenci\u00f3n, la cercan\u00eda y el trabajo articulado, entendiendo que mejorar los entornos implica tambi\u00e9n recuperar lugares de encuentro, acompa\u00f1ar iniciativas comunitarias y generar nuevas oportunidades para las familias.<br>El objetivo es continuar ampliando el alcance territorial del programa y sostener una pol\u00edtica ambiental que contribuya a construir barrios m\u00e1s cuidados, saludables y con espacios recuperados para el encuentro y la participaci\u00f3n comunitaria.<\/p>\n\n\n<p class=\"has-text-align-center has-black-color has-text-color has-link-color has-medium-font-size wp-elements-9 wp-block-paragraph\"><strong>Seguinos en nuestras redes sociales!<br><a href=\"https:\/\/www.instagram.com\/oesterioja.com.ar\/\">https:\/\/www.instagram.com\/oesterioja.com.ar\/<\/a><br><a href=\"https:\/\/www.facebook.com\/oesterioja.com.ar\">https:\/\/www.facebook.com\/oesterioja.com.ar<\/a><br><a href=\"https:\/\/x.com\/oesteriojaok\">https:\/\/x.com\/oesteriojaok<\/a><br><a href=\"https:\/\/www.youtube.com\/@oesterioja\">https:\/\/www.youtube.com\/@oesterioja<\/a><br><a href=\"https:\/\/www.tiktok.com\/@oesteriojatiktok\">https:\/\/www.tiktok.com\/@oesteriojatiktok<\/a><\/strong><\/p>\n\n\n\n<figure class=\"wp-block-image\"><a href=\"https:\/\/chat.whatsapp.com\/LiGy1PVnV4gJnbsFBgRI40\" target=\"_blank\" rel=\" noreferrer noopener\"><img loading=\"lazy\" decoding=\"async\" width=\"2560\" height=\"333\" src=\"https:\/\/oesterioja.com.ar\/news\/wp-content\/uploads\/2026\/07\/Gemini_Generated_Image_vwbndtvwbndtvwbn-scaled.png\" alt=\"\" class=\"wp-image-249\" srcset=\"https:\/\/oesterioja.com.ar\/news\/wp-content\/uploads\/2026\/07\/Gemini_Generated_Image_vwbndtvwbndtvwbn-scaled.png 2560w, https:\/\/oesterioja.com.ar\/news\/wp-content\/uploads\/2026\/07\/Gemini_Generated_Image_vwbndtvwbndtvwbn-300x39.png 300w, https:\/\/oesterioja.com.ar\/news\/wp-content\/uploads\/2026\/07\/Gemini_Generated_Image_vwbndtvwbndtvwbn-1024x133.png 1024w, https:\/\/oesterioja.com.ar\/news\/wp-content\/uploads\/2026\/07\/Gemini_Generated_Image_vwbndtvwbndtvwbn-768x100.png 768w, https:\/\/oesterioja.com.ar\/news\/wp-content\/uploads\/2026\/07\/Gemini_Generated_Image_vwbndtvwbndtvwbn-1536x200.png 1536w, https:\/\/oesterioja.com.ar\/news\/wp-content\/uploads\/2026\/07\/Gemini_Generated_Image_vwbndtvwbndtvwbn-2048x266.png 2048w\" sizes=\"auto, (max-width: 2560px) 100vw, 2560px\" \/><\/a><\/figure>\n\n\n\n<figure class=\"wp-block-image size-large\"><a href=\"https:\/\/josemarialr.com.ar\/web\/\"><img loading=\"lazy\" decoding=\"async\" width=\"1024\" height=\"399\" src=\"https:\/\/oesterioja.com.ar\/news\/wp-content\/uploads\/2026\/08\/Gemini_Generated_Image_7q8oo87q8oo87q8o-1024x399.jpg\" alt=\"\" class=\"wp-image-426\" srcset=\"https:\/\/oesterioja.com.ar\/news\/wp-content\/uploads\/2026\/08\/Gemini_Generated_Image_7q8oo87q8oo87q8o-1024x399.jpg 1024w, https:\/\/oesterioja.com.ar\/news\/wp-content\/uploads\/2026\/08\/Gemini_Generated_Image_7q8oo87q8oo87q8o-300x117.jpg 300w, https:\/\/oesterioja.com.ar\/news\/wp-content\/uploads\/2026\/08\/Gemini_Generated_Image_7q8oo87q8oo87q8o-768x299.jpg 768w, https:\/\/oesterioja.com.ar\/news\/wp-content\/uploads\/2026\/08\/Gemini_Generated_Image_7q8oo87q8oo87q8o-1536x598.jpg 1536w, https:\/\/oesterioja.com.ar\/news\/wp-content\/uploads\/2026\/08\/Gemini_Generated_Image_7q8oo87q8oo87q8o.jpg 1644w\" sizes=\"auto, (max-width: 1024px) 100vw, 1024px\" \/><\/a><\/figure>\n\n\n\n<p class=\"has-text-align-center has-black-color has-text-color has-link-color has-medium-font-size wp-elements-10 wp-block-paragraph\"><strong>Make software design for all device<br>JoseMaria Designer<br><a href=\"https:\/\/github.com\/josemarialr\">https:\/\/github.com\/josemarialr<\/a><br><a href=\"https:\/\/www.facebook.com\/josemariafvarela\">https:\/\/www.facebook.com\/josemariafvarela<\/a><br><a href=\"https:\/\/x.com\/josemarialrX\">https:\/\/x.com\/josemarialrX<\/a><\/strong><\/p>\n\n<div class=\"twitter-share\"><a href=\"https:\/\/twitter.com\/intent\/tweet?via=OesteriojaOK\" class=\"twitter-share-button\" data-size=\"large\">Twittear<\/a><\/div>\n","protected":false},"excerpt":{"rendered":"<p>> _POL\u00cdTICA AMBIENTAL DE CERCAN\u00cdA_ _El programa del Instituto de Servicios Ambientales alcanz\u00f3 140 manzanas y 2.444 domicilios durante la segunda mitad del a\u00f1o, con acciones de prevenci\u00f3n socioambiental, retiro de residuos y malezas y abordajes espec\u00edficos en distintos sectores de la ciudad. El trabajo incorpora adem\u00e1s la recuperaci\u00f3n de espacios para actividades comunitarias y [&hellip;]<\/p>\n","protected":false},"author":2,"featured_media":618,"comment_status":"closed","ping_status":"closed","sticky":false,"template":"","format":"standard","meta":{"wp_popup_display_lightbox":0,"wp_popup_suppress":"","wp_popup_trigger":"","wp_popup_trigger_amount":0,"wp_popup_disable_on_mobile":false,"footnotes":"","jetpack_publicize_message":"","jetpack_publicize_feature_enabled":true,"jetpack_social_post_already_shared":true,"jetpack_social_options":{"image_generator_settings":{"template":"highway","default_image_id":0,"font":"","enabled":false},"version":2}},"categories":[4],"tags":[85,26,10,165,9],"class_list":["post-617","post","type-post","status-publish","format-standard","has-post-thumbnail","hentry","category-provinciales","tag-christian-albrecht","tag-gaby-pedrali","tag-la-rioja","tag-manzanas-saludables","tag-ricardo-quintela"],"jetpack_publicize_connections":[],"_links":{"self":[{"href":"https:\/\/oesterioja.com.ar\/news\/wp-json\/wp\/v2\/posts\/617","targetHints":{"allow":["GET"]}}],"collection":[{"href":"https:\/\/oesterioja.com.ar\/news\/wp-json\/wp\/v2\/posts"}],"about":[{"href":"https:\/\/oesterioja.com.ar\/news\/wp-json\/wp\/v2\/types\/post"}],"author":[{"embeddable":true,"href":"https:\/\/oesterioja.com.ar\/news\/wp-json\/wp\/v2\/users\/2"}],"replies":[{"embeddable":true,"href":"https:\/\/oesterioja.com.ar\/news\/wp-json\/wp\/v2\/comments?post=617"}],"version-history":[{"count":1,"href":"https:\/\/oesterioja.com.ar\/news\/wp-json\/wp\/v2\/posts\/617\/revisions"}],"predecessor-version":[{"id":622,"href":"https:\/\/oesterioja.com.ar\/news\/wp-json\/wp\/v2\/posts\/617\/revisions\/622"}],"wp:featuredmedia":[{"embeddable":true,"href":"https:\/\/oesterioja.com.ar\/news\/wp-json\/wp\/v2\/media\/618"}],"wp:attachment":[{"href":"https:\/\/oesterioja.com.ar\/news\/wp-json\/wp\/v2\/media?parent=617"}],"wp:term":[{"taxonomy":"category","embeddable":true,"href":"https:\/\/oesterioja.com.ar\/news\/wp-json\/wp\/v2\/categories?post=617"},{"taxonomy":"post_tag","embeddable":true,"href":"https:\/\/oesterioja.com.ar\/news\/wp-json\/wp\/v2\/tags?post=617"}],"curies":[{"name":"wp","href":"https:\/\/api.w.org\/{rel}","templated":true}]}}