{"id":613,"date":"2026-09-03T18:01:06","date_gmt":"2026-09-03T18:01:06","guid":{"rendered":"https:\/\/oesterioja.com.ar\/news\/?p=613"},"modified":"2026-09-03T18:01:06","modified_gmt":"2026-09-03T18:01:06","slug":"la-provincia-digitaliza-la-informacion-hidrica-para-mejorar-la-planificacion-y-gestion-del-agua","status":"publish","type":"post","link":"https:\/\/oesterioja.com.ar\/news\/la-provincia-digitaliza-la-informacion-hidrica-para-mejorar-la-planificacion-y-gestion-del-agua\/","title":{"rendered":"La Provincia digitaliza la informaci\u00f3n h\u00eddrica para mejorar la planificaci\u00f3n y gesti\u00f3n del agua"},"content":{"rendered":"\n<blockquote class=\"wp-block-quote is-layout-flow wp-block-quote-is-layout-flow\">\n<blockquote class=\"wp-block-quote has-black-color has-text-color has-link-color has-medium-font-size wp-elements-1 is-layout-flow wp-block-quote-is-layout-flow\">\n<p class=\"wp-block-paragraph\"><strong>MODERNIZACI\u00d3N DE LA GESTI\u00d3N H\u00cdDRICA<\/strong><\/p>\n<\/blockquote>\n<\/blockquote>\n\n\n\n<p class=\"has-black-color has-text-color has-link-color has-medium-font-size wp-elements-2 wp-block-paragraph\"><strong>El Ministerio de Agua y Energ\u00eda present\u00f3 el proyecto de un nuevo sistema que permitir\u00e1 centralizar, organizar y preservar informaci\u00f3n t\u00e9cnica sobre obras, perforaciones, plantas, sistemas de bombeo y otros componentes de la infraestructura h\u00eddrica provincial. La herramienta facilitar\u00e1 el acceso a datos estrat\u00e9gicos para la planificaci\u00f3n, ejecuci\u00f3n y seguimiento de obras y la toma de decisiones.<\/strong><\/p>\n\n\n\n<p class=\"has-black-color has-text-color has-link-color has-medium-font-size wp-elements-3 wp-block-paragraph\">El Ministerio de Agua y Energ\u00eda avanza en la incorporaci\u00f3n de herramientas tecnol\u00f3gicas para fortalecer la gesti\u00f3n de los recursos h\u00eddricos de La Rioja. En ese marco, present\u00f3 este martes el proyecto de Sistema Digital para la Gesti\u00f3n Integral de Informaci\u00f3n T\u00e9cnica e Infraestructura H\u00eddrica de la Secretar\u00eda del Agua.<br><strong>La iniciativa permitir\u00e1 reunir y organizar en una misma herramienta informaci\u00f3n t\u00e9cnica, documental, cartogr\u00e1fica y operativa que actualmente se encuentra distribuida en diferentes soportes f\u00edsicos y digitales. De esta manera, se busca preservar antecedentes estrat\u00e9gicos y facilitar su disponibilidad para los equipos encargados de planificar, ejecutar y realizar el seguimiento de las obras h\u00eddricas.<br>La presentaci\u00f3n se realiz\u00f3 en las instalaciones del Ministerio de Agua y Energ\u00eda y cont\u00f3 con la participaci\u00f3n del ministro Adolfo Scaglioni; el secretario de Agua, Edgardo Karam; y representantes de las Secretar\u00edas de Ingenier\u00eda y Desarrollo y de Recursos H\u00eddricos.<br><\/strong>El desarrollo e implementaci\u00f3n del sistema estar\u00e1 a cargo de la empresa Sofwide S.A.S., a trav\u00e9s del Consejo Federal de Inversiones (CFI).<\/p>\n\n\n\n<figure class=\"wp-block-image size-large\"><a href=\"https:\/\/oesterioja.com.ar\/news\/wp-content\/uploads\/2026\/09\/WhatsApp-Image-2026-09-03-at-13.47.08.jpeg\"><img loading=\"lazy\" decoding=\"async\" width=\"1024\" height=\"682\" src=\"https:\/\/oesterioja.com.ar\/news\/wp-content\/uploads\/2026\/09\/WhatsApp-Image-2026-09-03-at-13.47.08-1024x682.jpeg\" alt=\"\" class=\"wp-image-614\" srcset=\"https:\/\/oesterioja.com.ar\/news\/wp-content\/uploads\/2026\/09\/WhatsApp-Image-2026-09-03-at-13.47.08-1024x682.jpeg 1024w, https:\/\/oesterioja.com.ar\/news\/wp-content\/uploads\/2026\/09\/WhatsApp-Image-2026-09-03-at-13.47.08-300x200.jpeg 300w, https:\/\/oesterioja.com.ar\/news\/wp-content\/uploads\/2026\/09\/WhatsApp-Image-2026-09-03-at-13.47.08-768x512.jpeg 768w, https:\/\/oesterioja.com.ar\/news\/wp-content\/uploads\/2026\/09\/WhatsApp-Image-2026-09-03-at-13.47.08-1536x1023.jpeg 1536w, https:\/\/oesterioja.com.ar\/news\/wp-content\/uploads\/2026\/09\/WhatsApp-Image-2026-09-03-at-13.47.08.jpeg 1600w\" sizes=\"auto, (max-width: 1024px) 100vw, 1024px\" \/><\/a><\/figure>\n\n\n\n<p class=\"has-black-color has-text-color has-link-color has-medium-font-size wp-elements-4 wp-block-paragraph\">Informaci\u00f3n integrada para planificar y tomar decisiones<br>Entre las funcionalidades previstas se encuentra la gesti\u00f3n y almacenamiento de archivos georreferenciados (GIS), la digitalizaci\u00f3n de documentaci\u00f3n t\u00e9cnica y planos h\u00eddricos y el registro de informaci\u00f3n sobre plantas de agua, bombas, perforaciones y otras infraestructuras, incorporando sus caracter\u00edsticas t\u00e9cnicas y antecedentes de mantenimiento.<br>La herramienta permitir\u00e1 as\u00ed avanzar en la construcci\u00f3n de una base de informaci\u00f3n integrada y segura, facilitando que los equipos t\u00e9cnicos puedan acceder a los antecedentes necesarios para planificar intervenciones y realizar el seguimiento de la infraestructura existente.<br>Desde la Secretar\u00eda del Agua se\u00f1alaron que el sistema contribuir\u00e1 adem\u00e1s a optimizar los procesos de trabajo y disponer de informaci\u00f3n confiable en tiempo y forma, reduciendo la necesidad de recurrir permanentemente a documentaci\u00f3n f\u00edsica o realizar desplazamientos al territorio cuando los datos requeridos ya se encuentren disponibles de manera digital.<\/p>\n\n\n\n<p class=\"has-black-color has-text-color has-link-color has-medium-font-size wp-elements-5 wp-block-paragraph\"><br><strong>En una primera etapa, la herramienta estar\u00e1 destinada al \u00c1rea de Proyecto y Obra de la Secretar\u00eda del Agua, que concentra informaci\u00f3n t\u00e9cnica, documental y cartogr\u00e1fica vinculada a la planificaci\u00f3n y ejecuci\u00f3n de obras.<br><\/strong>All\u00ed podr\u00e1n integrarse datos relacionados con cuencas h\u00eddricas, perforaciones, infraestructura de bombeo, documentaci\u00f3n t\u00e9cnica, planos y archivos generados mediante herramientas GIS, entre otros antecedentes necesarios para la gesti\u00f3n.<br>Con la implementaci\u00f3n del nuevo sistema, la Provincia busca transformar informaci\u00f3n actualmente dispersa en una herramienta estrat\u00e9gica para la gesti\u00f3n h\u00eddrica, fortaleciendo la capacidad de planificaci\u00f3n, preservando los antecedentes t\u00e9cnicos y facilitando la toma de decisiones sobre las obras y los recursos h\u00eddricos de La Rioja.<\/p>\n\n\n<p class=\"has-text-align-center has-black-color has-text-color has-link-color has-medium-font-size wp-elements-6 wp-block-paragraph\"><strong>Seguinos en nuestras redes sociales!<br><a href=\"https:\/\/www.instagram.com\/oesterioja.com.ar\/\">https:\/\/www.instagram.com\/oesterioja.com.ar\/<\/a><br><a href=\"https:\/\/www.facebook.com\/oesterioja.com.ar\">https:\/\/www.facebook.com\/oesterioja.com.ar<\/a><br><a href=\"https:\/\/x.com\/oesteriojaok\">https:\/\/x.com\/oesteriojaok<\/a><br><a href=\"https:\/\/www.youtube.com\/@oesterioja\">https:\/\/www.youtube.com\/@oesterioja<\/a><br><a href=\"https:\/\/www.tiktok.com\/@oesteriojatiktok\">https:\/\/www.tiktok.com\/@oesteriojatiktok<\/a><\/strong><\/p>\n\n\n\n<figure class=\"wp-block-image\"><a href=\"https:\/\/chat.whatsapp.com\/LiGy1PVnV4gJnbsFBgRI40\" target=\"_blank\" rel=\" noreferrer noopener\"><img loading=\"lazy\" decoding=\"async\" width=\"2560\" height=\"333\" src=\"https:\/\/oesterioja.com.ar\/news\/wp-content\/uploads\/2026\/07\/Gemini_Generated_Image_vwbndtvwbndtvwbn-scaled.png\" alt=\"\" class=\"wp-image-249\" srcset=\"https:\/\/oesterioja.com.ar\/news\/wp-content\/uploads\/2026\/07\/Gemini_Generated_Image_vwbndtvwbndtvwbn-scaled.png 2560w, https:\/\/oesterioja.com.ar\/news\/wp-content\/uploads\/2026\/07\/Gemini_Generated_Image_vwbndtvwbndtvwbn-300x39.png 300w, https:\/\/oesterioja.com.ar\/news\/wp-content\/uploads\/2026\/07\/Gemini_Generated_Image_vwbndtvwbndtvwbn-1024x133.png 1024w, https:\/\/oesterioja.com.ar\/news\/wp-content\/uploads\/2026\/07\/Gemini_Generated_Image_vwbndtvwbndtvwbn-768x100.png 768w, https:\/\/oesterioja.com.ar\/news\/wp-content\/uploads\/2026\/07\/Gemini_Generated_Image_vwbndtvwbndtvwbn-1536x200.png 1536w, https:\/\/oesterioja.com.ar\/news\/wp-content\/uploads\/2026\/07\/Gemini_Generated_Image_vwbndtvwbndtvwbn-2048x266.png 2048w\" sizes=\"auto, (max-width: 2560px) 100vw, 2560px\" \/><\/a><\/figure>\n\n\n\n<figure class=\"wp-block-image size-large\"><a href=\"https:\/\/josemarialr.com.ar\/web\/\"><img loading=\"lazy\" decoding=\"async\" width=\"1024\" height=\"399\" src=\"https:\/\/oesterioja.com.ar\/news\/wp-content\/uploads\/2026\/08\/Gemini_Generated_Image_7q8oo87q8oo87q8o-1024x399.jpg\" alt=\"\" class=\"wp-image-426\" srcset=\"https:\/\/oesterioja.com.ar\/news\/wp-content\/uploads\/2026\/08\/Gemini_Generated_Image_7q8oo87q8oo87q8o-1024x399.jpg 1024w, https:\/\/oesterioja.com.ar\/news\/wp-content\/uploads\/2026\/08\/Gemini_Generated_Image_7q8oo87q8oo87q8o-300x117.jpg 300w, https:\/\/oesterioja.com.ar\/news\/wp-content\/uploads\/2026\/08\/Gemini_Generated_Image_7q8oo87q8oo87q8o-768x299.jpg 768w, https:\/\/oesterioja.com.ar\/news\/wp-content\/uploads\/2026\/08\/Gemini_Generated_Image_7q8oo87q8oo87q8o-1536x598.jpg 1536w, https:\/\/oesterioja.com.ar\/news\/wp-content\/uploads\/2026\/08\/Gemini_Generated_Image_7q8oo87q8oo87q8o.jpg 1644w\" sizes=\"auto, (max-width: 1024px) 100vw, 1024px\" \/><\/a><\/figure>\n\n\n\n<p class=\"has-text-align-center has-black-color has-text-color has-link-color has-medium-font-size wp-elements-7 wp-block-paragraph\"><strong>Make software design for all device<br>JoseMaria Designer<br><a href=\"https:\/\/github.com\/josemarialr\">https:\/\/github.com\/josemarialr<\/a><br><a href=\"https:\/\/www.facebook.com\/josemariafvarela\">https:\/\/www.facebook.com\/josemariafvarela<\/a><br><a href=\"https:\/\/x.com\/josemarialrX\">https:\/\/x.com\/josemarialrX<\/a><\/strong><\/p>\n\n<div class=\"twitter-share\"><a href=\"https:\/\/twitter.com\/intent\/tweet?via=OesteriojaOK\" class=\"twitter-share-button\" data-size=\"large\">Twittear<\/a><\/div>\n","protected":false},"excerpt":{"rendered":"<p>El Ministerio de Agua y Energ\u00eda present\u00f3 el proyecto de un nuevo sistema que permitir\u00e1 centralizar, organizar y preservar informaci\u00f3n t\u00e9cnica sobre obras, perforaciones, plantas, sistemas de bombeo y otros componentes de la infraestructura h\u00eddrica provincial. La herramienta facilitar\u00e1 el acceso a datos estrat\u00e9gicos para la planificaci\u00f3n, ejecuci\u00f3n y seguimiento de obras y la toma [&hellip;]<\/p>\n","protected":false},"author":2,"featured_media":615,"comment_status":"closed","ping_status":"closed","sticky":false,"template":"","format":"standard","meta":{"wp_popup_display_lightbox":0,"wp_popup_suppress":"","wp_popup_trigger":"","wp_popup_trigger_amount":0,"wp_popup_disable_on_mobile":false,"footnotes":"","jetpack_publicize_message":"","jetpack_publicize_feature_enabled":true,"jetpack_social_post_already_shared":true,"jetpack_social_options":{"image_generator_settings":{"template":"highway","default_image_id":0,"font":"","enabled":false},"version":2}},"categories":[4],"tags":[162,163,26,10,161,9,164],"class_list":["post-613","post","type-post","status-publish","format-standard","has-post-thumbnail","hentry","category-provinciales","tag-adolfo-scaglioni","tag-edgardo-karam","tag-gaby-pedrali","tag-la-rioja","tag-ministerio-de-agua-y-energia","tag-ricardo-quintela","tag-sofwide-s-a-s"],"jetpack_publicize_connections":[],"_links":{"self":[{"href":"https:\/\/oesterioja.com.ar\/news\/wp-json\/wp\/v2\/posts\/613","targetHints":{"allow":["GET"]}}],"collection":[{"href":"https:\/\/oesterioja.com.ar\/news\/wp-json\/wp\/v2\/posts"}],"about":[{"href":"https:\/\/oesterioja.com.ar\/news\/wp-json\/wp\/v2\/types\/post"}],"author":[{"embeddable":true,"href":"https:\/\/oesterioja.com.ar\/news\/wp-json\/wp\/v2\/users\/2"}],"replies":[{"embeddable":true,"href":"https:\/\/oesterioja.com.ar\/news\/wp-json\/wp\/v2\/comments?post=613"}],"version-history":[{"count":1,"href":"https:\/\/oesterioja.com.ar\/news\/wp-json\/wp\/v2\/posts\/613\/revisions"}],"predecessor-version":[{"id":616,"href":"https:\/\/oesterioja.com.ar\/news\/wp-json\/wp\/v2\/posts\/613\/revisions\/616"}],"wp:featuredmedia":[{"embeddable":true,"href":"https:\/\/oesterioja.com.ar\/news\/wp-json\/wp\/v2\/media\/615"}],"wp:attachment":[{"href":"https:\/\/oesterioja.com.ar\/news\/wp-json\/wp\/v2\/media?parent=613"}],"wp:term":[{"taxonomy":"category","embeddable":true,"href":"https:\/\/oesterioja.com.ar\/news\/wp-json\/wp\/v2\/categories?post=613"},{"taxonomy":"post_tag","embeddable":true,"href":"https:\/\/oesterioja.com.ar\/news\/wp-json\/wp\/v2\/tags?post=613"}],"curies":[{"name":"wp","href":"https:\/\/api.w.org\/{rel}","templated":true}]}}