{"id":608,"date":"2026-09-03T17:56:53","date_gmt":"2026-09-03T17:56:53","guid":{"rendered":"https:\/\/oesterioja.com.ar\/news\/?p=608"},"modified":"2026-09-03T17:56:54","modified_gmt":"2026-09-03T17:56:54","slug":"salud-articula-al-hospital-vera-barros-y-los-caps-para-mejorar-la-atencion-de-personas-con-hipertension-y-diabetes","status":"publish","type":"post","link":"https:\/\/oesterioja.com.ar\/news\/salud-articula-al-hospital-vera-barros-y-los-caps-para-mejorar-la-atencion-de-personas-con-hipertension-y-diabetes\/","title":{"rendered":"Salud articula al Hospital Vera Barros y los CAPS para mejorar la atenci\u00f3n de personas con hipertensi\u00f3n y diabetes"},"content":{"rendered":"\n<blockquote class=\"wp-block-quote has-black-color has-text-color has-link-color has-medium-font-size wp-elements-1 is-layout-flow wp-block-quote-is-layout-flow\">\n<p class=\"wp-block-paragraph\"><strong>ATENCI\u00d3N INTEGRADA DE ENFERMEDADES CR\u00d3NICAS<\/strong><\/p>\n<\/blockquote>\n\n\n\n<p class=\"has-black-color has-text-color has-link-color has-medium-font-size wp-elements-2 wp-block-paragraph\"><strong>El Ministerio de Salud puso en marcha una prueba piloto que busca ordenar y agilizar las derivaciones entre los centros de atenci\u00f3n primaria y el hospital, garantizar el seguimiento de los pacientes y evitar interrupciones en los tratamientos. La primera experiencia alcanza a los CAPS que integran el Nodo V de la Zona Sanitaria I.<\/strong><\/p>\n\n\n\n<p class=\"has-black-color has-text-color has-link-color has-medium-font-size wp-elements-3 wp-block-paragraph\"><strong>El Ministerio de Salud de La Rioja, a trav\u00e9s de la Direcci\u00f3n de Enfermedades Cr\u00f3nicas No Transmisibles, puso en marcha una prueba piloto de referencia y contrarreferencia para personas con hipertensi\u00f3n y diabetes, con el objetivo de fortalecer la articulaci\u00f3n entre los diferentes niveles del sistema sanitario y garantizar una atenci\u00f3n m\u00e1s integral y continua.<\/strong><\/p>\n\n\n\n<figure class=\"wp-block-gallery has-nested-images columns-2 is-cropped wp-block-gallery-1 is-layout-flex wp-block-gallery-is-layout-flex\">\n<figure class=\"wp-block-image size-large\"><a href=\"https:\/\/oesterioja.com.ar\/news\/wp-content\/uploads\/2026\/09\/WhatsApp-Image-2026-09-03-at-13.45.47.jpeg\" target=\"_blank\"><img loading=\"lazy\" decoding=\"async\" width=\"1024\" height=\"682\" data-id=\"609\" src=\"https:\/\/oesterioja.com.ar\/news\/wp-content\/uploads\/2026\/09\/WhatsApp-Image-2026-09-03-at-13.45.47-1024x682.jpeg\" alt=\"\" class=\"wp-image-609\" srcset=\"https:\/\/oesterioja.com.ar\/news\/wp-content\/uploads\/2026\/09\/WhatsApp-Image-2026-09-03-at-13.45.47-1024x682.jpeg 1024w, https:\/\/oesterioja.com.ar\/news\/wp-content\/uploads\/2026\/09\/WhatsApp-Image-2026-09-03-at-13.45.47-300x200.jpeg 300w, https:\/\/oesterioja.com.ar\/news\/wp-content\/uploads\/2026\/09\/WhatsApp-Image-2026-09-03-at-13.45.47-767x511.jpeg 767w, https:\/\/oesterioja.com.ar\/news\/wp-content\/uploads\/2026\/09\/WhatsApp-Image-2026-09-03-at-13.45.47.jpeg 1280w\" sizes=\"auto, (max-width: 1024px) 100vw, 1024px\" \/><\/a><\/figure>\n\n\n\n<figure class=\"wp-block-image size-large\"><a href=\"https:\/\/oesterioja.com.ar\/news\/wp-content\/uploads\/2026\/09\/WhatsApp-Image-2026-09-03-at-13.45.48.jpeg\" target=\"_blank\"><img loading=\"lazy\" decoding=\"async\" width=\"1024\" height=\"682\" data-id=\"610\" src=\"https:\/\/oesterioja.com.ar\/news\/wp-content\/uploads\/2026\/09\/WhatsApp-Image-2026-09-03-at-13.45.48-1024x682.jpeg\" alt=\"\" class=\"wp-image-610\" srcset=\"https:\/\/oesterioja.com.ar\/news\/wp-content\/uploads\/2026\/09\/WhatsApp-Image-2026-09-03-at-13.45.48-1024x682.jpeg 1024w, https:\/\/oesterioja.com.ar\/news\/wp-content\/uploads\/2026\/09\/WhatsApp-Image-2026-09-03-at-13.45.48-300x200.jpeg 300w, https:\/\/oesterioja.com.ar\/news\/wp-content\/uploads\/2026\/09\/WhatsApp-Image-2026-09-03-at-13.45.48-767x511.jpeg 767w, https:\/\/oesterioja.com.ar\/news\/wp-content\/uploads\/2026\/09\/WhatsApp-Image-2026-09-03-at-13.45.48.jpeg 1280w\" sizes=\"auto, (max-width: 1024px) 100vw, 1024px\" \/><\/a><\/figure>\n\n\n\n<figure class=\"wp-block-image size-large\"><a href=\"https:\/\/oesterioja.com.ar\/news\/wp-content\/uploads\/2026\/09\/WhatsApp-Image-2026-09-03-at-13.45.48-1.jpeg\" target=\"_blank\"><img loading=\"lazy\" decoding=\"async\" width=\"1024\" height=\"682\" data-id=\"611\" src=\"https:\/\/oesterioja.com.ar\/news\/wp-content\/uploads\/2026\/09\/WhatsApp-Image-2026-09-03-at-13.45.48-1-1024x682.jpeg\" alt=\"\" class=\"wp-image-611\" srcset=\"https:\/\/oesterioja.com.ar\/news\/wp-content\/uploads\/2026\/09\/WhatsApp-Image-2026-09-03-at-13.45.48-1-1024x682.jpeg 1024w, https:\/\/oesterioja.com.ar\/news\/wp-content\/uploads\/2026\/09\/WhatsApp-Image-2026-09-03-at-13.45.48-1-300x200.jpeg 300w, https:\/\/oesterioja.com.ar\/news\/wp-content\/uploads\/2026\/09\/WhatsApp-Image-2026-09-03-at-13.45.48-1-767x511.jpeg 767w, https:\/\/oesterioja.com.ar\/news\/wp-content\/uploads\/2026\/09\/WhatsApp-Image-2026-09-03-at-13.45.48-1.jpeg 1280w\" sizes=\"auto, (max-width: 1024px) 100vw, 1024px\" \/><\/a><\/figure>\n<\/figure>\n\n\n\n<p class=\"has-black-color has-text-color has-link-color has-medium-font-size wp-elements-4 wp-block-paragraph\"><strong><br><\/strong>La experiencia vincula al Hospital Enrique Vera Barros con los centros de atenci\u00f3n primaria que integran el Nodo V de la Zona Sanitaria I: Faldeo del Velasco, Jos\u00e9 Simone, Benito Montoya, Benjam\u00edn Rinc\u00f3n, La Ca\u00f1ada y Ciudad Nueva.<br>El nuevo circuito busca que una persona atendida inicialmente en un CAPS pueda ser derivada al hospital cuando requiera estudios, atenci\u00f3n especializada o una mayor complejidad y que, una vez resuelta esa instancia, regrese a su centro de salud de referencia para continuar all\u00ed su tratamiento y seguimiento.<br>De esta manera, se apunta a ordenar las derivaciones, optimizar los recursos disponibles y, fundamentalmente, evitar interrupciones en la atenci\u00f3n de personas que necesitan controles y tratamientos sostenidos en el tiempo.<\/p>\n\n\n\n<p class=\"has-black-color has-text-color has-link-color has-medium-font-size wp-elements-5 wp-block-paragraph\">Una atenci\u00f3n continua entre los distintos niveles<br>La secretaria de Gesti\u00f3n de Redes Integrales en Salud, Juliana Ju\u00e1rez, destac\u00f3 la importancia de la iniciativa y explic\u00f3 que \u201ces un paso fundamental para evaluar de qu\u00e9 manera se articulan los distintos niveles de atenci\u00f3n con estrategias que est\u00e1n priorizadas\u201d.<br>En ese sentido, se\u00f1al\u00f3 que se busca \u201cmejorar la articulaci\u00f3n entre los distintos niveles de atenci\u00f3n, optimizar los circuitos de derivaci\u00f3n y seguimiento, y garantizar una atenci\u00f3n integral, oportuna y continua para las personas con enfermedades cr\u00f3nicas\u201d.<br>La prueba piloto permitir\u00e1 evaluar en la pr\u00e1ctica el funcionamiento de estos circuitos e identificar los aspectos que sea necesario ajustar para mejorar la coordinaci\u00f3n entre los equipos del primer nivel de atenci\u00f3n y el hospital de referencia.<\/p>\n\n\n\n<p class=\"has-black-color has-text-color has-link-color has-medium-font-size wp-elements-6 wp-block-paragraph\">Hipertensi\u00f3n y diabetes, entre las prioridades sanitarias<br>Por su parte, la directora de Enfermedades Cr\u00f3nicas No Transmisibles, Marcela Tripolone, explic\u00f3 que la iniciativa tiene como finalidad mejorar la atenci\u00f3n y los niveles de control de la hipertensi\u00f3n y la diabetes, dos enfermedades de alta presencia en la poblaci\u00f3n.<br>Tripolone remarc\u00f3 que ambas patolog\u00edas forman parte de los objetivos sanitarios priorizados por la Provincia y que requieren estrategias que permitan reducir sus complicaciones y el impacto que generan sobre el sistema de salud.<br>\u201cTenemos un objetivo puntual: optimizar los recursos que tenemos y garantizar una atenci\u00f3n especializada y oportuna\u201d, sostuvo.<br>La profesional destac\u00f3 adem\u00e1s la magnitud de la hipertensi\u00f3n arterial como problema sanitario. \u201cEn Argentina, incluida La Rioja, los n\u00fameros indican que el 50 por ciento de la poblaci\u00f3n adulta mayor de 18 a\u00f1os es hipertensa\u201d, afirm\u00f3, y plante\u00f3 la necesidad de continuar trabajando para mejorar los niveles de control y los indicadores sanitarios.<\/p>\n\n\n\n<p class=\"has-black-color has-text-color has-link-color has-medium-font-size wp-elements-7 wp-block-paragraph\">Una primera experiencia en el Nodo V<br>La implementaci\u00f3n en el Nodo V permitir\u00e1 analizar el funcionamiento de la estrategia a partir del trabajo conjunto entre los equipos de los seis CAPS involucrados y los profesionales del Hospital Enrique Vera Barros.<br>Participaron de la presentaci\u00f3n la secretaria de Gesti\u00f3n de Redes Integrales en Salud, Juliana Ju\u00e1rez; los subsecretarios de Gesti\u00f3n de Servicios de Salud, Adolfo Vega, y de Ciclos de Vida y Objetivos Sanitarios Priorizados, Eliana Alem; las directoras de Enfermedades Cr\u00f3nicas No Transmisibles, Marcela Tripolone, y de Transformaci\u00f3n Digital, Daniela Luna; adem\u00e1s de funcionarios del Ministerio, profesionales del Hospital Vera Barros y del Nodo V y personal de salud.<br>Con esta prueba piloto, el Ministerio de Salud busca avanzar hacia una red m\u00e1s coordinada entre los centros de atenci\u00f3n primaria y los servicios de mayor complejidad, fortaleciendo el seguimiento y la continuidad de los tratamientos de las personas con hipertensi\u00f3n y diabetes.<\/p>\n\n\n<p class=\"has-text-align-center has-black-color has-text-color has-link-color has-medium-font-size wp-elements-8 wp-block-paragraph\"><strong>Seguinos en nuestras redes sociales!<br><a href=\"https:\/\/www.instagram.com\/oesterioja.com.ar\/\">https:\/\/www.instagram.com\/oesterioja.com.ar\/<\/a><br><a href=\"https:\/\/www.facebook.com\/oesterioja.com.ar\">https:\/\/www.facebook.com\/oesterioja.com.ar<\/a><br><a href=\"https:\/\/x.com\/oesteriojaok\">https:\/\/x.com\/oesteriojaok<\/a><br><a href=\"https:\/\/www.youtube.com\/@oesterioja\">https:\/\/www.youtube.com\/@oesterioja<\/a><br><a href=\"https:\/\/www.tiktok.com\/@oesteriojatiktok\">https:\/\/www.tiktok.com\/@oesteriojatiktok<\/a><\/strong><\/p>\n\n\n\n<figure class=\"wp-block-image\"><a href=\"https:\/\/chat.whatsapp.com\/LiGy1PVnV4gJnbsFBgRI40\" target=\"_blank\" rel=\" noreferrer noopener\"><img loading=\"lazy\" decoding=\"async\" width=\"2560\" height=\"333\" src=\"https:\/\/oesterioja.com.ar\/news\/wp-content\/uploads\/2026\/07\/Gemini_Generated_Image_vwbndtvwbndtvwbn-scaled.png\" alt=\"\" class=\"wp-image-249\" srcset=\"https:\/\/oesterioja.com.ar\/news\/wp-content\/uploads\/2026\/07\/Gemini_Generated_Image_vwbndtvwbndtvwbn-scaled.png 2560w, https:\/\/oesterioja.com.ar\/news\/wp-content\/uploads\/2026\/07\/Gemini_Generated_Image_vwbndtvwbndtvwbn-300x39.png 300w, https:\/\/oesterioja.com.ar\/news\/wp-content\/uploads\/2026\/07\/Gemini_Generated_Image_vwbndtvwbndtvwbn-1024x133.png 1024w, https:\/\/oesterioja.com.ar\/news\/wp-content\/uploads\/2026\/07\/Gemini_Generated_Image_vwbndtvwbndtvwbn-768x100.png 768w, https:\/\/oesterioja.com.ar\/news\/wp-content\/uploads\/2026\/07\/Gemini_Generated_Image_vwbndtvwbndtvwbn-1536x200.png 1536w, https:\/\/oesterioja.com.ar\/news\/wp-content\/uploads\/2026\/07\/Gemini_Generated_Image_vwbndtvwbndtvwbn-2048x266.png 2048w\" sizes=\"auto, (max-width: 2560px) 100vw, 2560px\" \/><\/a><\/figure>\n\n\n\n<figure class=\"wp-block-image size-large\"><a href=\"https:\/\/josemarialr.com.ar\/web\/\"><img loading=\"lazy\" decoding=\"async\" width=\"1024\" height=\"399\" src=\"https:\/\/oesterioja.com.ar\/news\/wp-content\/uploads\/2026\/08\/Gemini_Generated_Image_7q8oo87q8oo87q8o-1024x399.jpg\" alt=\"\" class=\"wp-image-426\" srcset=\"https:\/\/oesterioja.com.ar\/news\/wp-content\/uploads\/2026\/08\/Gemini_Generated_Image_7q8oo87q8oo87q8o-1024x399.jpg 1024w, https:\/\/oesterioja.com.ar\/news\/wp-content\/uploads\/2026\/08\/Gemini_Generated_Image_7q8oo87q8oo87q8o-300x117.jpg 300w, https:\/\/oesterioja.com.ar\/news\/wp-content\/uploads\/2026\/08\/Gemini_Generated_Image_7q8oo87q8oo87q8o-768x299.jpg 768w, https:\/\/oesterioja.com.ar\/news\/wp-content\/uploads\/2026\/08\/Gemini_Generated_Image_7q8oo87q8oo87q8o-1536x598.jpg 1536w, https:\/\/oesterioja.com.ar\/news\/wp-content\/uploads\/2026\/08\/Gemini_Generated_Image_7q8oo87q8oo87q8o.jpg 1644w\" sizes=\"auto, (max-width: 1024px) 100vw, 1024px\" \/><\/a><\/figure>\n\n\n\n<p class=\"has-text-align-center has-black-color has-text-color has-link-color has-medium-font-size wp-elements-9 wp-block-paragraph\"><strong>Make software design for all device<br>JoseMaria Designer<br><a href=\"https:\/\/github.com\/josemarialr\">https:\/\/github.com\/josemarialr<\/a><br><a href=\"https:\/\/www.facebook.com\/josemariafvarela\">https:\/\/www.facebook.com\/josemariafvarela<\/a><br><a href=\"https:\/\/x.com\/josemarialrX\">https:\/\/x.com\/josemarialrX<\/a><\/strong><\/p>\n\n<div class=\"twitter-share\"><a href=\"https:\/\/twitter.com\/intent\/tweet?via=OesteriojaOK\" class=\"twitter-share-button\" data-size=\"large\">Twittear<\/a><\/div>\n","protected":false},"excerpt":{"rendered":"<p>ATENCI\u00d3N INTEGRADA DE ENFERMEDADES CR\u00d3NICAS El Ministerio de Salud puso en marcha una prueba piloto que busca ordenar y agilizar las derivaciones entre los centros de atenci\u00f3n primaria y el hospital, garantizar el seguimiento de los pacientes y evitar interrupciones en los tratamientos. La primera experiencia alcanza a los CAPS que integran el Nodo V [&hellip;]<\/p>\n","protected":false},"author":2,"featured_media":610,"comment_status":"closed","ping_status":"closed","sticky":false,"template":"","format":"standard","meta":{"wp_popup_display_lightbox":0,"wp_popup_suppress":"","wp_popup_trigger":"","wp_popup_trigger_amount":0,"wp_popup_disable_on_mobile":false,"footnotes":"","jetpack_publicize_message":"","jetpack_publicize_feature_enabled":true,"jetpack_social_post_already_shared":true,"jetpack_social_options":{"image_generator_settings":{"template":"highway","default_image_id":0,"font":"","enabled":false},"version":2}},"categories":[4],"tags":[17,26,10,160,9],"class_list":["post-608","post","type-post","status-publish","format-standard","has-post-thumbnail","hentry","category-provinciales","tag-carlos-vergara","tag-gaby-pedrali","tag-la-rioja","tag-ministerio-de-salud","tag-ricardo-quintela"],"jetpack_publicize_connections":[],"_links":{"self":[{"href":"https:\/\/oesterioja.com.ar\/news\/wp-json\/wp\/v2\/posts\/608","targetHints":{"allow":["GET"]}}],"collection":[{"href":"https:\/\/oesterioja.com.ar\/news\/wp-json\/wp\/v2\/posts"}],"about":[{"href":"https:\/\/oesterioja.com.ar\/news\/wp-json\/wp\/v2\/types\/post"}],"author":[{"embeddable":true,"href":"https:\/\/oesterioja.com.ar\/news\/wp-json\/wp\/v2\/users\/2"}],"replies":[{"embeddable":true,"href":"https:\/\/oesterioja.com.ar\/news\/wp-json\/wp\/v2\/comments?post=608"}],"version-history":[{"count":1,"href":"https:\/\/oesterioja.com.ar\/news\/wp-json\/wp\/v2\/posts\/608\/revisions"}],"predecessor-version":[{"id":612,"href":"https:\/\/oesterioja.com.ar\/news\/wp-json\/wp\/v2\/posts\/608\/revisions\/612"}],"wp:featuredmedia":[{"embeddable":true,"href":"https:\/\/oesterioja.com.ar\/news\/wp-json\/wp\/v2\/media\/610"}],"wp:attachment":[{"href":"https:\/\/oesterioja.com.ar\/news\/wp-json\/wp\/v2\/media?parent=608"}],"wp:term":[{"taxonomy":"category","embeddable":true,"href":"https:\/\/oesterioja.com.ar\/news\/wp-json\/wp\/v2\/categories?post=608"},{"taxonomy":"post_tag","embeddable":true,"href":"https:\/\/oesterioja.com.ar\/news\/wp-json\/wp\/v2\/tags?post=608"}],"curies":[{"name":"wp","href":"https:\/\/api.w.org\/{rel}","templated":true}]}}