{"id":604,"date":"2026-09-03T17:43:38","date_gmt":"2026-09-03T17:43:38","guid":{"rendered":"https:\/\/oesterioja.com.ar\/news\/?p=604"},"modified":"2026-09-03T17:43:38","modified_gmt":"2026-09-03T17:43:38","slug":"la-rioja-planteo-en-argentina-mining-2026-que-el-desarrollo-minero-debe-garantizar-informacion-publica-y-vinculo-con-las-comunidades","status":"publish","type":"post","link":"https:\/\/oesterioja.com.ar\/news\/la-rioja-planteo-en-argentina-mining-2026-que-el-desarrollo-minero-debe-garantizar-informacion-publica-y-vinculo-con-las-comunidades\/","title":{"rendered":"La Rioja plante\u00f3 en Argentina Mining 2026 que el desarrollo minero debe garantizar informaci\u00f3n p\u00fablica y v\u00ednculo con las comunidades"},"content":{"rendered":"\n<blockquote class=\"wp-block-quote is-layout-flow wp-block-quote-is-layout-flow\">\n<p class=\"has-black-color has-text-color has-link-color has-medium-font-size wp-elements-1 wp-block-paragraph\"><strong><em>En la provincia de Salta<\/em><\/strong><\/p>\n<\/blockquote>\n\n\n\n<p class=\"has-black-color has-text-color has-link-color has-medium-font-size wp-elements-2 wp-block-paragraph\">El Gobierno de La Rioja particip\u00f3 en Salta del Foro de Comunicaci\u00f3n P\u00fablica para la Miner\u00eda Argentina, realizado en el marco de Argentina Mining Norte 2026. La Provincia llev\u00f3 al encuentro una mirada centrada en el rol de un Estado presente, capaz de garantizar informaci\u00f3n p\u00fablica, explicar con claridad los procesos y construir v\u00ednculos directos con las comunidades como parte del desarrollo de la actividad.<\/p>\n\n\n\n<p class=\"has-black-color has-text-color has-link-color has-medium-font-size wp-elements-3 wp-block-paragraph\">El Gobierno de La Rioja estuvo presente en el Foro de Comunicaci\u00f3n P\u00fablica para la Miner\u00eda Argentina, desarrollado en el Centro de Convenciones de Salta como parte de Argentina Mining Norte 2026, uno de los principales encuentros del sector minero del pa\u00eds y un \u00e1mbito que re\u00fane a representantes gubernamentales, empresas, c\u00e1maras, proveedores, profesionales e instituciones nacionales e internacionales.<\/p>\n\n\n\n<p class=\"has-black-color has-text-color has-link-color has-medium-font-size wp-elements-4 wp-block-paragraph\"><br>La participaci\u00f3n form\u00f3 parte de la presencia institucional de la Provincia en Argentina Mining Norte, a trav\u00e9s de una comitiva gubernamental integrada por representantes de la Secretar\u00eda de Miner\u00eda y de la Secretar\u00eda de Comunicaci\u00f3n, junto con otras \u00e1reas vinculadas al desarrollo de la actividad.<\/p>\n\n\n\n<figure class=\"wp-block-image size-large\"><a href=\"https:\/\/oesterioja.com.ar\/news\/wp-content\/uploads\/2026\/09\/WhatsApp-Image-2026-09-03-at-10.30.27.jpeg\"><img loading=\"lazy\" decoding=\"async\" width=\"1024\" height=\"576\" src=\"https:\/\/oesterioja.com.ar\/news\/wp-content\/uploads\/2026\/09\/WhatsApp-Image-2026-09-03-at-10.30.27-1024x576.jpeg\" alt=\"\" class=\"wp-image-605\" srcset=\"https:\/\/oesterioja.com.ar\/news\/wp-content\/uploads\/2026\/09\/WhatsApp-Image-2026-09-03-at-10.30.27-1024x576.jpeg 1024w, https:\/\/oesterioja.com.ar\/news\/wp-content\/uploads\/2026\/09\/WhatsApp-Image-2026-09-03-at-10.30.27-300x169.jpeg 300w, https:\/\/oesterioja.com.ar\/news\/wp-content\/uploads\/2026\/09\/WhatsApp-Image-2026-09-03-at-10.30.27-768x432.jpeg 768w, https:\/\/oesterioja.com.ar\/news\/wp-content\/uploads\/2026\/09\/WhatsApp-Image-2026-09-03-at-10.30.27-1536x864.jpeg 1536w, https:\/\/oesterioja.com.ar\/news\/wp-content\/uploads\/2026\/09\/WhatsApp-Image-2026-09-03-at-10.30.27.jpeg 1600w\" sizes=\"auto, (max-width: 1024px) 100vw, 1024px\" \/><\/a><\/figure>\n\n\n\n<p class=\"has-black-color has-text-color has-link-color has-medium-font-size wp-elements-5 wp-block-paragraph\"><br>En ese marco, el subsecretario de Comunicaci\u00f3n, <strong>Ariel Allende<\/strong>, intervino en el Foro junto con responsables de comunicaci\u00f3n de otras provincias para intercambiar experiencias y analizar los desaf\u00edos que plantea acompa\u00f1ar desde el Estado el crecimiento de la miner\u00eda.<\/p>\n\n\n\n<p class=\"has-black-color has-text-color has-link-color has-medium-font-size wp-elements-6 wp-block-paragraph\"><br><strong>Durante su exposici\u00f3n, Allende sostuvo que el desarrollo minero debe avanzar acompa\u00f1ado por una pol\u00edtica p\u00fablica de comunicaci\u00f3n basada en la transparencia, la claridad y la participaci\u00f3n. En ese sentido, plante\u00f3 que la responsabilidad del Estado no se limita a difundir proyectos o inversiones, sino que implica garantizar informaci\u00f3n p\u00fablica, explicar c\u00f3mo se desarrollan los procesos y generar v\u00ednculos permanentes con las comunidades.<\/strong><\/p>\n\n\n\n<p class=\"has-black-color has-text-color has-link-color has-medium-font-size wp-elements-7 wp-block-paragraph\"><br>Explic\u00f3 que la Provincia viene promoviendo la participaci\u00f3n de municipios, legisladores, universidades, centros vecinales medios de comunicaci\u00f3n e instituciones de las distintas localidades, con el objetivo de ampliar el acceso a la informaci\u00f3n y generar espacios de conocimiento e intercambio sobre la actividad.<\/p>\n\n\n\n<p class=\"has-white-color has-black-background-color has-text-color has-background has-link-color has-medium-font-size wp-elements-8 wp-block-paragraph\"><br><strong>\u201cEl proceso tiene que ir por una comunicaci\u00f3n transparente, clara y, sobre todo, con informaci\u00f3n concisa\u201d, expres\u00f3 Allende, quien remarc\u00f3 adem\u00e1s la necesidad de traducir el lenguaje t\u00e9cnico propio del sector para que pueda ser comprendido por toda la comunidad.<\/strong><\/p>\n\n\n\n<p class=\"has-black-color has-text-color has-link-color has-medium-font-size wp-elements-9 wp-block-paragraph\"><br>El subsecretario vincul\u00f3 esta concepci\u00f3n con el modelo de desarrollo minero impulsado por el Gobierno provincial, que plantea una presencia activa del Estado y su participaci\u00f3n junto con el sector privado en los proyectos que se desarrollen en territorio riojano.<br>En ese marco, record\u00f3 que La Rioja avanz\u00f3 en el reordenamiento de tierras y derechos mineros y cuenta con un Plan Quinquenal para el Desarrollo Minero 2026\u20132030, que identifica 18 proyectos como foco de inversiones en distintos minerales y etapas de desarrollo.<\/p>\n\n\n\n<p class=\"has-black-color has-text-color has-link-color has-medium-font-size wp-elements-10 wp-block-paragraph\">Informaci\u00f3n para construir confianza<br>Uno de los ejes centrales del planteo riojano fue que el acceso a la informaci\u00f3n debe acompa\u00f1ar todo el proceso minero y no limitarse a momentos puntuales. Para ello, las comunidades necesitan conocer de manera sencilla qu\u00e9 se est\u00e1 haciendo, cu\u00e1les son las distintas etapas de los proyectos, qu\u00e9 tiempos requiere cada proceso y cu\u00e1l es el rol que cumple el Estado.<br>Allende se\u00f1al\u00f3 adem\u00e1s que la comunicaci\u00f3n p\u00fablica debe ser responsable frente a las expectativas que genera una actividad con alto potencial econ\u00f3mico y productivo. En ese sentido, consider\u00f3 fundamental diferenciar con claridad las etapas de prospecci\u00f3n, exploraci\u00f3n y eventual desarrollo para evitar generar expectativas que todav\u00eda no pueden traducirse en resultados concretos.<br>Otro de los aspectos destacados fue la necesidad de facilitar el acceso ciudadano a informaci\u00f3n verificable. El funcionario record\u00f3 la reciente presentaci\u00f3n del Plan de Desarrollo Minero de la Provincia y se\u00f1al\u00f3 que el Gobierno viene desarrollando herramientas a trav\u00e9s de sus canales oficiales para acercar esos contenidos a la sociedad.<br>Tambi\u00e9n vincul\u00f3 este proceso con la implementaci\u00f3n de la Ley de Acceso a la Informaci\u00f3n P\u00fablica, que permitir\u00e1 profundizar los mecanismos de transparencia relacionados con la actividad minera.<br>\u201cLa informaci\u00f3n tiene que llegar de una manera sencilla\u201d, sintetiz\u00f3 Allende, al se\u00f1alar que uno de los principales desaf\u00edos consiste en transformar contenidos altamente t\u00e9cnicos en informaci\u00f3n comprensible y \u00fatil para la ciudadan\u00eda.<br>La participaci\u00f3n de La Rioja se dio en un Foro en el que distintas provincias coincidieron en la necesidad de fortalecer la comunicaci\u00f3n p\u00fablica de la miner\u00eda y diferenciarla de la comunicaci\u00f3n corporativa, poniendo el foco en el rol que corresponde al Estado como garante del inter\u00e9s p\u00fablico.<br>Desde La Rioja, la definici\u00f3n fue clara: el desarrollo minero debe avanzar acompa\u00f1ado por un Estado presente, capaz de participar de los proyectos, garantizar informaci\u00f3n p\u00fablica, explicar los procesos y construir v\u00ednculos directos con las comunidades.<br>Ese enfoque ubica a la comunicaci\u00f3n como parte constitutiva de la pol\u00edtica minera provincial y no como una instancia posterior destinada \u00fanicamente a difundir decisiones o resultados.<\/p>\n\n\n<p class=\"has-text-align-center has-black-color has-text-color has-link-color has-medium-font-size wp-elements-11 wp-block-paragraph\"><strong>Seguinos en nuestras redes sociales!<br><a href=\"https:\/\/www.instagram.com\/oesterioja.com.ar\/\">https:\/\/www.instagram.com\/oesterioja.com.ar\/<\/a><br><a href=\"https:\/\/www.facebook.com\/oesterioja.com.ar\">https:\/\/www.facebook.com\/oesterioja.com.ar<\/a><br><a href=\"https:\/\/x.com\/oesteriojaok\">https:\/\/x.com\/oesteriojaok<\/a><br><a href=\"https:\/\/www.youtube.com\/@oesterioja\">https:\/\/www.youtube.com\/@oesterioja<\/a><br><a href=\"https:\/\/www.tiktok.com\/@oesteriojatiktok\">https:\/\/www.tiktok.com\/@oesteriojatiktok<\/a><\/strong><\/p>\n\n\n\n<figure class=\"wp-block-image\"><a href=\"https:\/\/chat.whatsapp.com\/LiGy1PVnV4gJnbsFBgRI40\" target=\"_blank\" rel=\" noreferrer noopener\"><img loading=\"lazy\" decoding=\"async\" width=\"2560\" height=\"333\" src=\"https:\/\/oesterioja.com.ar\/news\/wp-content\/uploads\/2026\/07\/Gemini_Generated_Image_vwbndtvwbndtvwbn-scaled.png\" alt=\"\" class=\"wp-image-249\" srcset=\"https:\/\/oesterioja.com.ar\/news\/wp-content\/uploads\/2026\/07\/Gemini_Generated_Image_vwbndtvwbndtvwbn-scaled.png 2560w, https:\/\/oesterioja.com.ar\/news\/wp-content\/uploads\/2026\/07\/Gemini_Generated_Image_vwbndtvwbndtvwbn-300x39.png 300w, https:\/\/oesterioja.com.ar\/news\/wp-content\/uploads\/2026\/07\/Gemini_Generated_Image_vwbndtvwbndtvwbn-1024x133.png 1024w, https:\/\/oesterioja.com.ar\/news\/wp-content\/uploads\/2026\/07\/Gemini_Generated_Image_vwbndtvwbndtvwbn-768x100.png 768w, https:\/\/oesterioja.com.ar\/news\/wp-content\/uploads\/2026\/07\/Gemini_Generated_Image_vwbndtvwbndtvwbn-1536x200.png 1536w, https:\/\/oesterioja.com.ar\/news\/wp-content\/uploads\/2026\/07\/Gemini_Generated_Image_vwbndtvwbndtvwbn-2048x266.png 2048w\" sizes=\"auto, (max-width: 2560px) 100vw, 2560px\" \/><\/a><\/figure>\n\n\n\n<figure class=\"wp-block-image size-large\"><a href=\"https:\/\/josemarialr.com.ar\/web\/\"><img loading=\"lazy\" decoding=\"async\" width=\"1024\" height=\"399\" src=\"https:\/\/oesterioja.com.ar\/news\/wp-content\/uploads\/2026\/08\/Gemini_Generated_Image_7q8oo87q8oo87q8o-1024x399.jpg\" alt=\"\" class=\"wp-image-426\" srcset=\"https:\/\/oesterioja.com.ar\/news\/wp-content\/uploads\/2026\/08\/Gemini_Generated_Image_7q8oo87q8oo87q8o-1024x399.jpg 1024w, https:\/\/oesterioja.com.ar\/news\/wp-content\/uploads\/2026\/08\/Gemini_Generated_Image_7q8oo87q8oo87q8o-300x117.jpg 300w, https:\/\/oesterioja.com.ar\/news\/wp-content\/uploads\/2026\/08\/Gemini_Generated_Image_7q8oo87q8oo87q8o-768x299.jpg 768w, https:\/\/oesterioja.com.ar\/news\/wp-content\/uploads\/2026\/08\/Gemini_Generated_Image_7q8oo87q8oo87q8o-1536x598.jpg 1536w, https:\/\/oesterioja.com.ar\/news\/wp-content\/uploads\/2026\/08\/Gemini_Generated_Image_7q8oo87q8oo87q8o.jpg 1644w\" sizes=\"auto, (max-width: 1024px) 100vw, 1024px\" \/><\/a><\/figure>\n\n\n\n<p class=\"has-text-align-center has-black-color has-text-color has-link-color has-medium-font-size wp-elements-12 wp-block-paragraph\"><strong>Make software design for all device<br>JoseMaria Designer<br><a href=\"https:\/\/github.com\/josemarialr\">https:\/\/github.com\/josemarialr<\/a><br><a href=\"https:\/\/www.facebook.com\/josemariafvarela\">https:\/\/www.facebook.com\/josemariafvarela<\/a><br><a href=\"https:\/\/x.com\/josemarialrX\">https:\/\/x.com\/josemarialrX<\/a><\/strong><\/p>\n\n<div class=\"twitter-share\"><a href=\"https:\/\/twitter.com\/intent\/tweet?via=OesteriojaOK\" class=\"twitter-share-button\" data-size=\"large\">Twittear<\/a><\/div>\n","protected":false},"excerpt":{"rendered":"<p>En la provincia de Salta El Gobierno de La Rioja particip\u00f3 en Salta del Foro de Comunicaci\u00f3n P\u00fablica para la Miner\u00eda Argentina, realizado en el marco de Argentina Mining Norte 2026. La Provincia llev\u00f3 al encuentro una mirada centrada en el rol de un Estado presente, capaz de garantizar informaci\u00f3n p\u00fablica, explicar con claridad los [&hellip;]<\/p>\n","protected":false},"author":2,"featured_media":606,"comment_status":"closed","ping_status":"closed","sticky":false,"template":"","format":"standard","meta":{"wp_popup_display_lightbox":0,"wp_popup_suppress":"","wp_popup_trigger":"","wp_popup_trigger_amount":0,"wp_popup_disable_on_mobile":false,"footnotes":"","jetpack_publicize_message":"","jetpack_publicize_feature_enabled":true,"jetpack_social_post_already_shared":true,"jetpack_social_options":{"image_generator_settings":{"template":"highway","default_image_id":0,"font":"","enabled":false},"version":2}},"categories":[5,4],"tags":[158,159,26,10,9],"class_list":["post-604","post","type-post","status-publish","format-standard","has-post-thumbnail","hentry","category-nacionales","category-provinciales","tag-argentina-mining-norte","tag-ariel-allende","tag-gaby-pedrali","tag-la-rioja","tag-ricardo-quintela"],"jetpack_publicize_connections":[],"_links":{"self":[{"href":"https:\/\/oesterioja.com.ar\/news\/wp-json\/wp\/v2\/posts\/604","targetHints":{"allow":["GET"]}}],"collection":[{"href":"https:\/\/oesterioja.com.ar\/news\/wp-json\/wp\/v2\/posts"}],"about":[{"href":"https:\/\/oesterioja.com.ar\/news\/wp-json\/wp\/v2\/types\/post"}],"author":[{"embeddable":true,"href":"https:\/\/oesterioja.com.ar\/news\/wp-json\/wp\/v2\/users\/2"}],"replies":[{"embeddable":true,"href":"https:\/\/oesterioja.com.ar\/news\/wp-json\/wp\/v2\/comments?post=604"}],"version-history":[{"count":1,"href":"https:\/\/oesterioja.com.ar\/news\/wp-json\/wp\/v2\/posts\/604\/revisions"}],"predecessor-version":[{"id":607,"href":"https:\/\/oesterioja.com.ar\/news\/wp-json\/wp\/v2\/posts\/604\/revisions\/607"}],"wp:featuredmedia":[{"embeddable":true,"href":"https:\/\/oesterioja.com.ar\/news\/wp-json\/wp\/v2\/media\/606"}],"wp:attachment":[{"href":"https:\/\/oesterioja.com.ar\/news\/wp-json\/wp\/v2\/media?parent=604"}],"wp:term":[{"taxonomy":"category","embeddable":true,"href":"https:\/\/oesterioja.com.ar\/news\/wp-json\/wp\/v2\/categories?post=604"},{"taxonomy":"post_tag","embeddable":true,"href":"https:\/\/oesterioja.com.ar\/news\/wp-json\/wp\/v2\/tags?post=604"}],"curies":[{"name":"wp","href":"https:\/\/api.w.org\/{rel}","templated":true}]}}