{"id":601,"date":"2026-09-03T17:39:13","date_gmt":"2026-09-03T17:39:13","guid":{"rendered":"https:\/\/oesterioja.com.ar\/news\/?p=601"},"modified":"2026-09-03T17:39:14","modified_gmt":"2026-09-03T17:39:14","slug":"el-colegio-provincial-n-1-representara-a-la-rioja-en-la-final-nacional-de-suenos-de-radio","status":"publish","type":"post","link":"https:\/\/oesterioja.com.ar\/news\/el-colegio-provincial-n-1-representara-a-la-rioja-en-la-final-nacional-de-suenos-de-radio\/","title":{"rendered":"El Colegio Provincial N.\u00b0 1 representar\u00e1 a La Rioja en la final nacional de Sue\u00f1os de Radio"},"content":{"rendered":"\n<blockquote class=\"wp-block-quote is-layout-flow wp-block-quote-is-layout-flow\">\n<p class=\"has-black-color has-text-color has-link-color has-medium-font-size wp-elements-1 wp-block-paragraph\"><strong><em>EDUCACI\u00d3N Y COMUNICACI\u00d3N<\/em><\/strong><\/p>\n<\/blockquote>\n\n\n\n<p class=\"has-black-color has-text-color has-link-color has-medium-font-size wp-elements-2 wp-block-paragraph\">Estudiantes del \u00faltimo a\u00f1o del Colegio Provincial N.\u00b0 1 \u201cJoaqu\u00edn V. Gonz\u00e1lez\u201d quedaron entre los tres finalistas de la categor\u00eda Periodismo del certamen organizado por Cadena 3 Argentina, que en su edici\u00f3n 2026 reuni\u00f3 a m\u00e1s de 11.000 estudiantes de 400 colegios del pa\u00eds. Con \u201cLa voz de los j\u00f3venes\u201d, una producci\u00f3n que recupera la identidad, las leyendas y el patrimonio tur\u00edstico riojano, competir\u00e1n en la definici\u00f3n prevista para el 5 de octubre en C\u00f3rdoba.<\/p>\n\n\n\n<p class=\"has-black-color has-text-color has-link-color has-medium-font-size wp-elements-3 wp-block-paragraph\">El Colegio Provincial N.\u00b0 1 \u201cJoaqu\u00edn V. Gonz\u00e1lez\u201d representar\u00e1 a La Rioja en la final nacional de Sue\u00f1os de Radio 2026, luego de que su producci\u00f3n \u201cLa voz de los j\u00f3venes\u201d fuera seleccionada entre las tres finalistas de la categor\u00eda Periodismo.<br>El logro adquiere especial relevancia por la dimensi\u00f3n federal de la convocatoria. La tercera edici\u00f3n del certamen de comunicaci\u00f3n escolar organizado por Cadena 3 Argentina reuni\u00f3 a m\u00e1s de 11.000 estudiantes, 600 docentes y 400 colegios p\u00fablicos y privados de diferentes puntos del pa\u00eds.<br>Ahora, el equipo riojano ingresar\u00e1 en la etapa de producci\u00f3n y grabaci\u00f3n de su programa definitivo antes de viajar a C\u00f3rdoba, donde el lunes 5 de octubre se realizar\u00e1 la final de la categor\u00eda.<\/p>\n\n\n\n<p class=\"has-black-color has-text-color has-link-color has-medium-font-size wp-elements-4 wp-block-paragraph\">La identidad riojana contada por sus j\u00f3venes<\/p>\n\n\n\n<blockquote class=\"wp-block-quote is-layout-flow wp-block-quote-is-layout-flow\">\n<p class=\"has-black-color has-text-color has-link-color has-medium-font-size wp-elements-5 wp-block-paragraph\"><br><strong><em>\u201cLa voz de los j\u00f3venes\u201d propone trabajar la comunicaci\u00f3n desde contenidos vinculados con la identidad, las leyendas y el turismo de La Rioja. Para desarrollar la producci\u00f3n, los estudiantes investigaron sobre la Reserva Provincial Laguna Brava y las leyendas de Guandacol, llevando elementos del patrimonio natural y cultural riojano a una experiencia de comunicaci\u00f3n de alcance nacional.<\/em><\/strong><\/p>\n<\/blockquote>\n\n\n\n<p class=\"has-black-color has-text-color has-link-color has-medium-font-size wp-elements-6 wp-block-paragraph\"><br><strong><em>El proyecto permiti\u00f3 adem\u00e1s trasladar al \u00e1mbito escolar la din\u00e1mica de funcionamiento de una radio. Los estudiantes distribuyeron responsabilidades y asumieron diferentes roles como columnistas, productores, guionistas y responsables de sonido y edici\u00f3n, incorporando el trabajo de investigaci\u00f3n y producci\u00f3n radial a sus actividades educativas.<\/em><\/strong><\/p>\n\n\n\n<p class=\"has-black-color has-text-color has-link-color has-medium-font-size wp-elements-7 wp-block-paragraph\"><strong><em><br><\/em><\/strong>La experiencia cuenta con el acompa\u00f1amiento de los docentes Olga Bustamante y Emmanuel Alexis P\u00e9rez, este \u00faltimo responsable del espacio curricular y gu\u00eda de la realizaci\u00f3n del proyecto.<br>P\u00e9rez destac\u00f3 el valor pedag\u00f3gico de la iniciativa y la importancia de colocar a los estudiantes en el centro del proceso de aprendizaje. \u201cLos chicos tienen que ser protagonistas y uno, desde el rol docente, debe acompa\u00f1arlos\u201d, expres\u00f3.<br>Durante una visita del grupo a Aire FM, una de las estudiantes sintetiz\u00f3 tambi\u00e9n el significado que adquiri\u00f3 la experiencia m\u00e1s all\u00e1 del resultado de la competencia: \u201cM\u00e1s all\u00e1 de que ganemos o no, yo ya gan\u00e9 realmente estando ac\u00e1 con ellos\u201d.<\/p>\n\n\n\n<p class=\"has-black-color has-text-color has-link-color has-medium-font-size wp-elements-8 wp-block-paragraph\">Una pol\u00edtica para ampliar las voces de los estudiantes<br>La participaci\u00f3n riojana se desarrolla adem\u00e1s en el marco del convenio de colaboraci\u00f3n firmado este a\u00f1o entre el Ministerio de Educaci\u00f3n de La Rioja, a trav\u00e9s de la Subsecretar\u00eda de Programas Intersectoriales Socioeducativos, y Cadena 3 Argentina, destinado a promover el certamen y ampliar las posibilidades de participaci\u00f3n de las escuelas secundarias de la provincia.<br>El ministro de Educaci\u00f3n, Ariel Mart\u00ednez, destac\u00f3 que esta articulaci\u00f3n permite \u201cponer sobre relieve las voces de nuestra juventud, de nuestros estudiantes\u201d y contribuye a generar \u201cuna fuerte construcci\u00f3n colectiva\u201d desde \u201cuna mirada federal\u201d.<br>A este trabajo se sum\u00f3 Aire FM, como radio adherente a Cadena 3 Argentina\/Cadena Heat, que acompa\u00f1\u00f3 el desarrollo del certamen en la Capital riojana y apadrin\u00f3 a cinco escuelas, con un total de ocho equipos, brind\u00e1ndoles orientaci\u00f3n y capacitaci\u00f3n.<\/p>\n\n\n\n<p class=\"has-black-color has-text-color has-link-color has-medium-font-size wp-elements-9 wp-block-paragraph\">Entre los tres mejores proyectos period\u00edsticos<br>En la categor\u00eda Periodismo, el Colegio Provincial N.\u00b0 1 competir\u00e1 en la final con la EESOPI de San Lorenzo, Santa Fe, que present\u00f3 \u201cLlenos de historia\u201d, y la EESOPI de Gobernador Crespo, tambi\u00e9n de Santa Fe, con \u201cSomos lo que somos\u201d.<br>La selecci\u00f3n de los proyectos estuvo a cargo de un jurado integrado por referentes de la cultura y la comunicaci\u00f3n, entre ellos Soledad Pastorutti, Juan Jos\u00e9 Campanella y Lalo Mir.<br>La definici\u00f3n de Periodismo se realizar\u00e1 el 5 de octubre en C\u00f3rdoba, junto con las categor\u00edas Bandas de Garaje y Grupos Corales. El cronograma nacional comenzar\u00e1 el 1 de octubre en Arequito, Santa Fe, con Folklore y M\u00fasicas Regionales, y finalizar\u00e1 el 15 de octubre en la Ciudad de Buenos Aires con Radioteatro.<br>Los establecimientos ganadores de cada categor\u00eda recibir\u00e1n equipamiento digital completo para radio, con consolas, micr\u00f3fonos y auriculares, adem\u00e1s de plazas de calistenia recreativas.<br>La clasificaci\u00f3n del Colegio Provincial N.\u00b0 1 coloca as\u00ed a estudiantes riojanos en una instancia nacional que combina educaci\u00f3n, comunicaci\u00f3n y participaci\u00f3n juvenil, al tiempo que les brinda la posibilidad de contar desde sus propias voces la identidad y el patrimonio de La Rioja.<\/p>\n\n\n\n<p class=\"has-text-align-center has-black-color has-text-color has-link-color has-medium-font-size wp-elements-10 wp-block-paragraph\"><strong>Seguinos en nuestras redes sociales!<br><a href=\"https:\/\/www.instagram.com\/oesterioja.com.ar\/\">https:\/\/www.instagram.com\/oesterioja.com.ar\/<\/a><br><a href=\"https:\/\/www.facebook.com\/oesterioja.com.ar\">https:\/\/www.facebook.com\/oesterioja.com.ar<\/a><br><a href=\"https:\/\/x.com\/oesteriojaok\">https:\/\/x.com\/oesteriojaok<\/a><br><a href=\"https:\/\/www.youtube.com\/@oesterioja\">https:\/\/www.youtube.com\/@oesterioja<\/a><br><a href=\"https:\/\/www.tiktok.com\/@oesteriojatiktok\">https:\/\/www.tiktok.com\/@oesteriojatiktok<\/a><\/strong><\/p>\n\n\n\n<figure class=\"wp-block-image\"><a href=\"https:\/\/chat.whatsapp.com\/LiGy1PVnV4gJnbsFBgRI40\" target=\"_blank\" rel=\" noreferrer noopener\"><img loading=\"lazy\" decoding=\"async\" width=\"2560\" height=\"333\" src=\"https:\/\/oesterioja.com.ar\/news\/wp-content\/uploads\/2026\/07\/Gemini_Generated_Image_vwbndtvwbndtvwbn-scaled.png\" alt=\"\" class=\"wp-image-249\" srcset=\"https:\/\/oesterioja.com.ar\/news\/wp-content\/uploads\/2026\/07\/Gemini_Generated_Image_vwbndtvwbndtvwbn-scaled.png 2560w, https:\/\/oesterioja.com.ar\/news\/wp-content\/uploads\/2026\/07\/Gemini_Generated_Image_vwbndtvwbndtvwbn-300x39.png 300w, https:\/\/oesterioja.com.ar\/news\/wp-content\/uploads\/2026\/07\/Gemini_Generated_Image_vwbndtvwbndtvwbn-1024x133.png 1024w, https:\/\/oesterioja.com.ar\/news\/wp-content\/uploads\/2026\/07\/Gemini_Generated_Image_vwbndtvwbndtvwbn-768x100.png 768w, https:\/\/oesterioja.com.ar\/news\/wp-content\/uploads\/2026\/07\/Gemini_Generated_Image_vwbndtvwbndtvwbn-1536x200.png 1536w, https:\/\/oesterioja.com.ar\/news\/wp-content\/uploads\/2026\/07\/Gemini_Generated_Image_vwbndtvwbndtvwbn-2048x266.png 2048w\" sizes=\"auto, (max-width: 2560px) 100vw, 2560px\" \/><\/a><\/figure>\n\n\n\n<figure class=\"wp-block-image size-large\"><a href=\"https:\/\/josemarialr.com.ar\/web\/\"><img loading=\"lazy\" decoding=\"async\" width=\"1024\" height=\"399\" src=\"https:\/\/oesterioja.com.ar\/news\/wp-content\/uploads\/2026\/08\/Gemini_Generated_Image_7q8oo87q8oo87q8o-1024x399.jpg\" alt=\"\" class=\"wp-image-426\" srcset=\"https:\/\/oesterioja.com.ar\/news\/wp-content\/uploads\/2026\/08\/Gemini_Generated_Image_7q8oo87q8oo87q8o-1024x399.jpg 1024w, https:\/\/oesterioja.com.ar\/news\/wp-content\/uploads\/2026\/08\/Gemini_Generated_Image_7q8oo87q8oo87q8o-300x117.jpg 300w, https:\/\/oesterioja.com.ar\/news\/wp-content\/uploads\/2026\/08\/Gemini_Generated_Image_7q8oo87q8oo87q8o-768x299.jpg 768w, https:\/\/oesterioja.com.ar\/news\/wp-content\/uploads\/2026\/08\/Gemini_Generated_Image_7q8oo87q8oo87q8o-1536x598.jpg 1536w, https:\/\/oesterioja.com.ar\/news\/wp-content\/uploads\/2026\/08\/Gemini_Generated_Image_7q8oo87q8oo87q8o.jpg 1644w\" sizes=\"auto, (max-width: 1024px) 100vw, 1024px\" \/><\/a><\/figure>\n\n\n\n<p class=\"has-text-align-center has-black-color has-text-color has-link-color has-medium-font-size wp-elements-11 wp-block-paragraph\"><strong>Make software design for all device<br>JoseMaria Designer<br><a href=\"https:\/\/github.com\/josemarialr\">https:\/\/github.com\/josemarialr<\/a><br><a href=\"https:\/\/www.facebook.com\/josemariafvarela\">https:\/\/www.facebook.com\/josemariafvarela<\/a><br><a href=\"https:\/\/x.com\/josemarialrX\">https:\/\/x.com\/josemarialrX<\/a><\/strong><\/p>\n\n<div class=\"twitter-share\"><a href=\"https:\/\/twitter.com\/intent\/tweet?via=OesteriojaOK\" class=\"twitter-share-button\" data-size=\"large\">Twittear<\/a><\/div>\n","protected":false},"excerpt":{"rendered":"<p>EDUCACI\u00d3N Y COMUNICACI\u00d3N Estudiantes del \u00faltimo a\u00f1o del Colegio Provincial N.\u00b0 1 \u201cJoaqu\u00edn V. Gonz\u00e1lez\u201d quedaron entre los tres finalistas de la categor\u00eda Periodismo del certamen organizado por Cadena 3 Argentina, que en su edici\u00f3n 2026 reuni\u00f3 a m\u00e1s de 11.000 estudiantes de 400 colegios del pa\u00eds. Con \u201cLa voz de los j\u00f3venes\u201d, una producci\u00f3n [&hellip;]<\/p>\n","protected":false},"author":2,"featured_media":602,"comment_status":"closed","ping_status":"closed","sticky":false,"template":"","format":"standard","meta":{"wp_popup_display_lightbox":0,"wp_popup_suppress":"","wp_popup_trigger":"","wp_popup_trigger_amount":0,"wp_popup_disable_on_mobile":false,"footnotes":"","jetpack_publicize_message":"","jetpack_publicize_feature_enabled":true,"jetpack_social_post_already_shared":true,"jetpack_social_options":{"image_generator_settings":{"template":"highway","default_image_id":0,"font":"","enabled":false},"version":2}},"categories":[4],"tags":[149,26,10,156,157,9,154],"class_list":["post-601","post","type-post","status-publish","format-standard","has-post-thumbnail","hentry","category-provinciales","tag-ariel-martinez-2","tag-gaby-pedrali","tag-la-rioja","tag-luz-santangelo","tag-maria-luz-santangelo","tag-ricardo-quintela","tag-suenos-de-radio"],"jetpack_publicize_connections":[],"_links":{"self":[{"href":"https:\/\/oesterioja.com.ar\/news\/wp-json\/wp\/v2\/posts\/601","targetHints":{"allow":["GET"]}}],"collection":[{"href":"https:\/\/oesterioja.com.ar\/news\/wp-json\/wp\/v2\/posts"}],"about":[{"href":"https:\/\/oesterioja.com.ar\/news\/wp-json\/wp\/v2\/types\/post"}],"author":[{"embeddable":true,"href":"https:\/\/oesterioja.com.ar\/news\/wp-json\/wp\/v2\/users\/2"}],"replies":[{"embeddable":true,"href":"https:\/\/oesterioja.com.ar\/news\/wp-json\/wp\/v2\/comments?post=601"}],"version-history":[{"count":1,"href":"https:\/\/oesterioja.com.ar\/news\/wp-json\/wp\/v2\/posts\/601\/revisions"}],"predecessor-version":[{"id":603,"href":"https:\/\/oesterioja.com.ar\/news\/wp-json\/wp\/v2\/posts\/601\/revisions\/603"}],"wp:featuredmedia":[{"embeddable":true,"href":"https:\/\/oesterioja.com.ar\/news\/wp-json\/wp\/v2\/media\/602"}],"wp:attachment":[{"href":"https:\/\/oesterioja.com.ar\/news\/wp-json\/wp\/v2\/media?parent=601"}],"wp:term":[{"taxonomy":"category","embeddable":true,"href":"https:\/\/oesterioja.com.ar\/news\/wp-json\/wp\/v2\/categories?post=601"},{"taxonomy":"post_tag","embeddable":true,"href":"https:\/\/oesterioja.com.ar\/news\/wp-json\/wp\/v2\/tags?post=601"}],"curies":[{"name":"wp","href":"https:\/\/api.w.org\/{rel}","templated":true}]}}