{"id":598,"date":"2026-09-03T17:31:55","date_gmt":"2026-09-03T17:31:55","guid":{"rendered":"https:\/\/oesterioja.com.ar\/news\/?p=598"},"modified":"2026-09-03T17:31:56","modified_gmt":"2026-09-03T17:31:56","slug":"la-provincia-inicia-el-primer-rescate-de-chachos-destinado-exclusivamente-a-comercios","status":"publish","type":"post","link":"https:\/\/oesterioja.com.ar\/news\/la-provincia-inicia-el-primer-rescate-de-chachos-destinado-exclusivamente-a-comercios\/","title":{"rendered":"La Provincia inicia el primer rescate de Chachos destinado exclusivamente a comercios"},"content":{"rendered":"\n<blockquote class=\"wp-block-quote has-black-color has-text-color has-link-color has-medium-font-size wp-elements-1 is-layout-flow wp-block-quote-is-layout-flow\">\n<p class=\"wp-block-paragraph\"><strong>PRIMER OPERATIVO DE RESCATE DE CHACHOS<\/strong><\/p>\n<\/blockquote>\n\n\n\n<p class=\"has-black-color has-text-color has-link-color has-medium-font-size wp-elements-2 wp-block-paragraph\"><strong>El Gobierno de La Rioja pondr\u00e1 en marcha la pr\u00f3xima semana el primer operativo de rescate de bonos, destinado exclusivamente a comercios, cuyo pago est\u00e1 previsto para el lunes 14 de septiembre. La recepci\u00f3n se realizar\u00e1 del lunes 7 al jueves 10, de 10 a 17 horas, en dos oficinas habilitadas en Capital y en dependencias de la DGIP de Chilecito, Chamical, Aimogasta, Chepes y Villa Uni\u00f3n.<\/strong><\/p>\n\n\n\n<p class=\"has-black-color has-text-color has-link-color has-medium-font-size wp-elements-3 wp-block-paragraph\"><strong>El Gobierno de La Rioja pondr\u00e1 en marcha la pr\u00f3xima semana el primer operativo de rescate de Chachos destinado exclusivamente a comercios, de acuerdo con el esquema previsto para la circulaci\u00f3n y posterior rescate de los bonos provinciales.<br><\/strong>El operativo comenzar\u00e1 con la recepci\u00f3n de los bonos desde el lunes 7 hasta el jueves 10 de septiembre, mientras que el pago correspondiente est\u00e1 previsto para el lunes 14 de septiembre.<br>Es importante remarcar que esta instancia de rescate est\u00e1 habilitada \u00fanicamente para comercios, por lo que no comprende operaciones de particulares.<br>Con el objetivo de facilitar el procedimiento y garantizar el acceso de los comercios de Capital y el interior, se dispondr\u00e1n puntos de atenci\u00f3n en seis localidades de la provincia, que funcionar\u00e1n de 10 a 17 horas durante las cuatro jornadas establecidas.<\/p>\n\n\n\n<p class=\"has-black-color has-text-color has-link-color has-medium-font-size wp-elements-4 wp-block-paragraph\">D\u00f3nde realizar el rescate<\/p>\n\n\n\n<p class=\"has-black-color has-text-color has-link-color has-medium-font-size wp-elements-5 wp-block-paragraph\">En Capital estar\u00e1n habilitadas dos oficinas:<br>Santa Fe N.\u00b0 576.<br>Copiap\u00f3 N.\u00b0 235.<\/p>\n\n\n\n<p class=\"has-white-color has-vivid-red-background-color has-text-color has-background has-link-color has-medium-font-size wp-elements-6 wp-block-paragraph\"><strong><em>En el interior provincial, el operativo se desarrollar\u00e1 en las oficinas de la Direcci\u00f3n General de Ingresos Provinciales (DGIP) correspondientes a las cinco cabeceras regionales:<br>Chepes: Castro Barros s\/n.<br>Chilecito: 9 de Julio 36.<br>Chamical: Av. Per\u00f3n 50.<br>Aimogasta: 25 de Mayo 342.<br>Villa Uni\u00f3n: San Mart\u00edn s\/n.<\/em><\/strong><\/p>\n\n\n\n<p class=\"has-black-color has-text-color has-link-color has-medium-font-size wp-elements-7 wp-block-paragraph\"><strong>Todas las dependencias atender\u00e1n del lunes 7 al jueves 10 de septiembre, de 10 a 17 horas.<br><\/strong>De esta manera, la Provincia pone en marcha el primer operativo de rescate de Chachos con un esquema descentralizado que permitir\u00e1 a los comercios realizar el procedimiento tanto en Capital como en distintos puntos del interior provincial, sin necesidad de trasladarse hasta la ciudad de La Rioja.<\/p>\n\n\n\n<p class=\"has-text-align-center has-black-color has-text-color has-link-color has-medium-font-size wp-elements-8 wp-block-paragraph\"><strong>Seguinos en nuestras redes sociales!<br><a href=\"https:\/\/www.instagram.com\/oesterioja.com.ar\/\">https:\/\/www.instagram.com\/oesterioja.com.ar\/<\/a><br><a href=\"https:\/\/www.facebook.com\/oesterioja.com.ar\">https:\/\/www.facebook.com\/oesterioja.com.ar<\/a><br><a href=\"https:\/\/x.com\/oesteriojaok\">https:\/\/x.com\/oesteriojaok<\/a><br><a href=\"https:\/\/www.youtube.com\/@oesterioja\">https:\/\/www.youtube.com\/@oesterioja<\/a><br><a href=\"https:\/\/www.tiktok.com\/@oesteriojatiktok\">https:\/\/www.tiktok.com\/@oesteriojatiktok<\/a><\/strong><\/p>\n\n\n\n<figure class=\"wp-block-image\"><a href=\"https:\/\/chat.whatsapp.com\/LiGy1PVnV4gJnbsFBgRI40\" target=\"_blank\" rel=\" noreferrer noopener\"><img loading=\"lazy\" decoding=\"async\" width=\"2560\" height=\"333\" src=\"https:\/\/oesterioja.com.ar\/news\/wp-content\/uploads\/2026\/07\/Gemini_Generated_Image_vwbndtvwbndtvwbn-scaled.png\" alt=\"\" class=\"wp-image-249\" srcset=\"https:\/\/oesterioja.com.ar\/news\/wp-content\/uploads\/2026\/07\/Gemini_Generated_Image_vwbndtvwbndtvwbn-scaled.png 2560w, https:\/\/oesterioja.com.ar\/news\/wp-content\/uploads\/2026\/07\/Gemini_Generated_Image_vwbndtvwbndtvwbn-300x39.png 300w, https:\/\/oesterioja.com.ar\/news\/wp-content\/uploads\/2026\/07\/Gemini_Generated_Image_vwbndtvwbndtvwbn-1024x133.png 1024w, https:\/\/oesterioja.com.ar\/news\/wp-content\/uploads\/2026\/07\/Gemini_Generated_Image_vwbndtvwbndtvwbn-768x100.png 768w, https:\/\/oesterioja.com.ar\/news\/wp-content\/uploads\/2026\/07\/Gemini_Generated_Image_vwbndtvwbndtvwbn-1536x200.png 1536w, https:\/\/oesterioja.com.ar\/news\/wp-content\/uploads\/2026\/07\/Gemini_Generated_Image_vwbndtvwbndtvwbn-2048x266.png 2048w\" sizes=\"auto, (max-width: 2560px) 100vw, 2560px\" \/><\/a><\/figure>\n\n\n\n<figure class=\"wp-block-image size-large\"><a href=\"https:\/\/josemarialr.com.ar\/web\/\"><img loading=\"lazy\" decoding=\"async\" width=\"1024\" height=\"399\" src=\"https:\/\/oesterioja.com.ar\/news\/wp-content\/uploads\/2026\/08\/Gemini_Generated_Image_7q8oo87q8oo87q8o-1024x399.jpg\" alt=\"\" class=\"wp-image-426\" srcset=\"https:\/\/oesterioja.com.ar\/news\/wp-content\/uploads\/2026\/08\/Gemini_Generated_Image_7q8oo87q8oo87q8o-1024x399.jpg 1024w, https:\/\/oesterioja.com.ar\/news\/wp-content\/uploads\/2026\/08\/Gemini_Generated_Image_7q8oo87q8oo87q8o-300x117.jpg 300w, https:\/\/oesterioja.com.ar\/news\/wp-content\/uploads\/2026\/08\/Gemini_Generated_Image_7q8oo87q8oo87q8o-768x299.jpg 768w, https:\/\/oesterioja.com.ar\/news\/wp-content\/uploads\/2026\/08\/Gemini_Generated_Image_7q8oo87q8oo87q8o-1536x598.jpg 1536w, https:\/\/oesterioja.com.ar\/news\/wp-content\/uploads\/2026\/08\/Gemini_Generated_Image_7q8oo87q8oo87q8o.jpg 1644w\" sizes=\"auto, (max-width: 1024px) 100vw, 1024px\" \/><\/a><\/figure>\n\n\n\n<p class=\"has-text-align-center has-black-color has-text-color has-link-color has-medium-font-size wp-elements-9 wp-block-paragraph\"><strong>Make software design for all device<br>JoseMaria Designer<br><a href=\"https:\/\/github.com\/josemarialr\">https:\/\/github.com\/josemarialr<\/a><br><a href=\"https:\/\/www.facebook.com\/josemariafvarela\">https:\/\/www.facebook.com\/josemariafvarela<\/a><br><a href=\"https:\/\/x.com\/josemarialrX\">https:\/\/x.com\/josemarialrX<\/a><\/strong><\/p>\n\n<div class=\"twitter-share\"><a href=\"https:\/\/twitter.com\/intent\/tweet?via=OesteriojaOK\" class=\"twitter-share-button\" data-size=\"large\">Twittear<\/a><\/div>\n","protected":false},"excerpt":{"rendered":"<p>PRIMER OPERATIVO DE RESCATE DE CHACHOS El Gobierno de La Rioja pondr\u00e1 en marcha la pr\u00f3xima semana el primer operativo de rescate de bonos, destinado exclusivamente a comercios, cuyo pago est\u00e1 previsto para el lunes 14 de septiembre. La recepci\u00f3n se realizar\u00e1 del lunes 7 al jueves 10, de 10 a 17 horas, en dos [&hellip;]<\/p>\n","protected":false},"author":2,"featured_media":599,"comment_status":"closed","ping_status":"closed","sticky":false,"template":"","format":"standard","meta":{"wp_popup_display_lightbox":0,"wp_popup_suppress":"","wp_popup_trigger":"","wp_popup_trigger_amount":0,"wp_popup_disable_on_mobile":false,"footnotes":"","jetpack_publicize_message":"","jetpack_publicize_feature_enabled":true,"jetpack_social_post_already_shared":true,"jetpack_social_options":{"image_generator_settings":{"template":"highway","default_image_id":0,"font":"","enabled":false},"version":2}},"categories":[4],"tags":[104,26,10,9],"class_list":["post-598","post","type-post","status-publish","format-standard","has-post-thumbnail","hentry","category-provinciales","tag-chachos","tag-gaby-pedrali","tag-la-rioja","tag-ricardo-quintela"],"jetpack_publicize_connections":[],"_links":{"self":[{"href":"https:\/\/oesterioja.com.ar\/news\/wp-json\/wp\/v2\/posts\/598","targetHints":{"allow":["GET"]}}],"collection":[{"href":"https:\/\/oesterioja.com.ar\/news\/wp-json\/wp\/v2\/posts"}],"about":[{"href":"https:\/\/oesterioja.com.ar\/news\/wp-json\/wp\/v2\/types\/post"}],"author":[{"embeddable":true,"href":"https:\/\/oesterioja.com.ar\/news\/wp-json\/wp\/v2\/users\/2"}],"replies":[{"embeddable":true,"href":"https:\/\/oesterioja.com.ar\/news\/wp-json\/wp\/v2\/comments?post=598"}],"version-history":[{"count":1,"href":"https:\/\/oesterioja.com.ar\/news\/wp-json\/wp\/v2\/posts\/598\/revisions"}],"predecessor-version":[{"id":600,"href":"https:\/\/oesterioja.com.ar\/news\/wp-json\/wp\/v2\/posts\/598\/revisions\/600"}],"wp:featuredmedia":[{"embeddable":true,"href":"https:\/\/oesterioja.com.ar\/news\/wp-json\/wp\/v2\/media\/599"}],"wp:attachment":[{"href":"https:\/\/oesterioja.com.ar\/news\/wp-json\/wp\/v2\/media?parent=598"}],"wp:term":[{"taxonomy":"category","embeddable":true,"href":"https:\/\/oesterioja.com.ar\/news\/wp-json\/wp\/v2\/categories?post=598"},{"taxonomy":"post_tag","embeddable":true,"href":"https:\/\/oesterioja.com.ar\/news\/wp-json\/wp\/v2\/tags?post=598"}],"curies":[{"name":"wp","href":"https:\/\/api.w.org\/{rel}","templated":true}]}}