{"id":595,"date":"2026-09-03T17:23:58","date_gmt":"2026-09-03T17:23:58","guid":{"rendered":"https:\/\/oesterioja.com.ar\/news\/?p=595"},"modified":"2026-09-03T17:23:59","modified_gmt":"2026-09-03T17:23:59","slug":"pagan-para-entrar-pero-no-los-dejan-pasar-turistas-de-todo-el-mundo-reclaman-por-el-cierre-del-camino-a-laguna-brava","status":"publish","type":"post","link":"https:\/\/oesterioja.com.ar\/news\/pagan-para-entrar-pero-no-los-dejan-pasar-turistas-de-todo-el-mundo-reclaman-por-el-cierre-del-camino-a-laguna-brava\/","title":{"rendered":"PAGAN PARA ENTRAR, PERO NO LOS DEJAN PASAR: TURISTAS DE TODO EL MUNDO RECLAMAN POR EL CIERRE DEL CAMINO A LAGUNA BRAVA"},"content":{"rendered":"\n<p class=\"has-black-color has-text-color has-link-color has-medium-font-size wp-elements-1 wp-block-paragraph\">Hace m\u00e1s de dos meses que el acceso permanece cerrado por la nieve y no existe una fecha definida de reapertura. Los visitantes pagan la entrada en efectivo, pero igualmente no pueden llegar a uno de los principales atractivos tur\u00edsticos de La Rioja. Mientras tanto, crece el malestar entre los gu\u00edas locales por la actividad privada que realizar\u00eda el secretario de Turismo de Vinchina.<\/p>\n\n\n\n<p class=\"has-black-color has-text-color has-link-color has-medium-font-size wp-elements-2 wp-block-paragraph\">Laguna Brava es uno de los grandes emblemas tur\u00edsticos de La Rioja. Sin embargo, desde hace m\u00e1s de dos meses quienes llegan desde distintos puntos del pa\u00eds y del mundo se encuentran con una situaci\u00f3n dif\u00edcil de explicar: el camino est\u00e1 cerrado, cubierto de nieve y el ingreso permanece restringido por tiempo indefinido.<\/p>\n\n\n\n<p class=\"has-black-color has-text-color has-link-color has-medium-font-size wp-elements-3 wp-block-paragraph\">El reclamo de los turistas es directo: \u00bfc\u00f3mo puede cobrarse una entrada para un lugar al que despu\u00e9s no se puede ingresar?<\/p>\n\n\n\n<p class=\"has-black-color has-text-color has-link-color has-medium-font-size wp-elements-4 wp-block-paragraph\">Visitantes que recorrieron cientos o miles de kil\u00f3metros para conocer Laguna Brava llegan hasta la zona y deben regresar sin poder cumplir con el objetivo de su viaje.<\/p>\n\n\n\n<div class=\"wp-block-cover aligncenter\"><img loading=\"lazy\" decoding=\"async\" width=\"851\" height=\"1849\" class=\"wp-block-cover__image-background wp-image-596 size-full\" alt=\"\" src=\"https:\/\/oesterioja.com.ar\/news\/wp-content\/uploads\/2026\/09\/file_00000000951481f59e2622c720a354e3.png\" style=\"object-position:88% 44%\" data-object-fit=\"cover\" data-object-position=\"88% 44%\" srcset=\"https:\/\/oesterioja.com.ar\/news\/wp-content\/uploads\/2026\/09\/file_00000000951481f59e2622c720a354e3.png 851w, https:\/\/oesterioja.com.ar\/news\/wp-content\/uploads\/2026\/09\/file_00000000951481f59e2622c720a354e3-138x300.png 138w, https:\/\/oesterioja.com.ar\/news\/wp-content\/uploads\/2026\/09\/file_00000000951481f59e2622c720a354e3-471x1024.png 471w, https:\/\/oesterioja.com.ar\/news\/wp-content\/uploads\/2026\/09\/file_00000000951481f59e2622c720a354e3-768x1669.png 768w, https:\/\/oesterioja.com.ar\/news\/wp-content\/uploads\/2026\/09\/file_00000000951481f59e2622c720a354e3-707x1536.png 707w\" sizes=\"auto, (max-width: 851px) 100vw, 851px\" \/><span aria-hidden=\"true\" class=\"wp-block-cover__background has-background-dim\"><\/span><div class=\"wp-block-cover__inner-container is-layout-flow wp-block-cover-is-layout-flow\">\n<p class=\"has-text-align-center has-large-font-size wp-block-paragraph\">Ni el municipio de Vinchina ni Vialidad Nacional se hacen cargo del problema.<\/p>\n<\/div><\/div>\n\n\n\n<p class=\"has-black-color has-text-color has-link-color has-medium-font-size wp-elements-5 wp-block-paragraph\">PAGAR, PERO NO PODER ENTRAR<\/p>\n\n\n\n<p class=\"has-black-color has-text-color has-link-color has-medium-font-size wp-elements-6 wp-block-paragraph\">Otro de los puntos que genera indignaci\u00f3n es el sistema de cobro.<\/p>\n\n\n\n<p class=\"has-black-color has-text-color has-link-color has-medium-font-size wp-elements-7 wp-block-paragraph\">Seg\u00fan los reclamos, la entrada se cobra \u00fanicamente en efectivo. No se aceptar\u00eda transferencia bancaria ni tarjetas mediante Posnet, algo que resulta particularmente complejo para turistas que llegan desde otras provincias o desde el exterior.<\/p>\n\n\n\n<p class=\"has-black-color has-text-color has-link-color has-medium-font-size wp-elements-8 wp-block-paragraph\">Pero el episodio m\u00e1s llamativo ocurri\u00f3 cuando un grupo de visitantes no contaba con efectivo suficiente para pagar las entradas.<\/p>\n\n\n\n<p class=\"has-black-color has-text-color has-link-color has-medium-font-size wp-elements-9 wp-block-paragraph\">Uno de los gu\u00edas tuvo el gesto de pagar las entradas por los turistas, quienes agradecieron p\u00fablicamente su solidaridad.<\/p>\n\n\n\n<p class=\"has-black-color has-text-color has-link-color has-medium-font-size wp-elements-10 wp-block-paragraph\">Sin embargo, el desenlace fue ins\u00f3lito: las entradas fueron pagadas y, aun as\u00ed, los turistas no pudieron ingresar porque el camino estaba cerrado.<\/p>\n\n\n\n<p class=\"has-black-color has-text-color has-link-color has-medium-font-size wp-elements-11 wp-block-paragraph\">Es decir: pagaron, pero no pudieron entrar.<\/p>\n\n\n\n<figure class=\"wp-block-image size-large\"><a href=\"https:\/\/oesterioja.com.ar\/news\/wp-content\/uploads\/2026\/09\/file_00000000951481f59e2622c720a354e3.png\"><img loading=\"lazy\" decoding=\"async\" width=\"471\" height=\"1024\" src=\"https:\/\/oesterioja.com.ar\/news\/wp-content\/uploads\/2026\/09\/file_00000000951481f59e2622c720a354e3-471x1024.png\" alt=\"\" class=\"wp-image-596\" srcset=\"https:\/\/oesterioja.com.ar\/news\/wp-content\/uploads\/2026\/09\/file_00000000951481f59e2622c720a354e3-471x1024.png 471w, https:\/\/oesterioja.com.ar\/news\/wp-content\/uploads\/2026\/09\/file_00000000951481f59e2622c720a354e3-138x300.png 138w, https:\/\/oesterioja.com.ar\/news\/wp-content\/uploads\/2026\/09\/file_00000000951481f59e2622c720a354e3-768x1669.png 768w, https:\/\/oesterioja.com.ar\/news\/wp-content\/uploads\/2026\/09\/file_00000000951481f59e2622c720a354e3-707x1536.png 707w, https:\/\/oesterioja.com.ar\/news\/wp-content\/uploads\/2026\/09\/file_00000000951481f59e2622c720a354e3.png 851w\" sizes=\"auto, (max-width: 471px) 100vw, 471px\" \/><\/a><\/figure>\n\n\n\n<p class=\"has-black-color has-text-color has-link-color has-medium-font-size wp-elements-12 wp-block-paragraph\">EL CAMINO SIGUE CERRADO Y NADIE DA RESPUESTAS<\/p>\n\n\n\n<p class=\"has-black-color has-text-color has-link-color has-medium-font-size wp-elements-13 wp-block-paragraph\">Mientras tanto, la nieve contin\u00faa cubriendo distintos sectores del camino de acceso y los turistas reclaman saber qui\u00e9n se hace responsable de garantizar las condiciones para llegar hasta Laguna Brava.<\/p>\n\n\n\n<p class=\"has-black-color has-text-color has-link-color has-medium-font-size wp-elements-14 wp-block-paragraph\">Vialidad Nacional no se estar\u00eda haciendo cargo del mantenimiento del camino y desde el municipio de Vinchina tampoco habr\u00eda una soluci\u00f3n concreta para la apertura.<\/p>\n\n\n\n<p class=\"has-black-color has-text-color has-link-color has-medium-font-size wp-elements-15 wp-block-paragraph\">La situaci\u00f3n genera preocupaci\u00f3n porque se trata de uno de los destinos naturales m\u00e1s importantes de la provincia y, seg\u00fan los datos aportados, la actividad vinculada al ingreso generar\u00eda alrededor de 50 millones de pesos anuales.<\/p>\n\n\n\n<p class=\"has-black-color has-text-color has-link-color has-medium-font-size wp-elements-16 wp-block-paragraph\">La pregunta es inevitable: si se recauda ese dinero, \u00bfqu\u00e9 parte se destina a garantizar el acceso y el mantenimiento del lugar?<\/p>\n\n\n\n<p class=\"has-black-color has-text-color has-link-color has-medium-font-size wp-elements-17 wp-block-paragraph\">MALestar ENTRE LOS GU\u00cdAS LOCALES<\/p>\n\n\n\n<p class=\"has-black-color has-text-color has-link-color has-medium-font-size wp-elements-18 wp-block-paragraph\">A este escenario se suma otro conflicto que genera enojo entre los gu\u00edas tur\u00edsticos de Vinchina.<\/p>\n\n\n\n<p class=\"has-black-color has-text-color has-link-color has-medium-font-size wp-elements-19 wp-block-paragraph\">Seg\u00fan los reclamos del sector, desde la Secretar\u00eda de Turismo de la Municipalidad de Vinchina, cuyo secretario ser\u00eda conocido como \u201cVinchina Comecorta\u201d, se realizar\u00edan visitas guiadas de manera privada cuando el funcionario tiene la posibilidad de hacerlo.<\/p>\n\n\n\n<p class=\"has-black-color has-text-color has-link-color has-medium-font-size wp-elements-20 wp-block-paragraph\">Los gu\u00edas locales estar\u00edan molestos porque consideran que esta situaci\u00f3n genera competencia desleal, ya que quien deber\u00eda controlar, organizar y promover la actividad tur\u00edstica estar\u00eda participando tambi\u00e9n de ella de manera particular.<\/p>\n\n\n\n<p class=\"has-black-color has-text-color has-link-color has-medium-font-size wp-elements-21 wp-block-paragraph\">El planteo de los gu\u00edas es claro: si existen prestadores locales que viven de esta actividad, las reglas deber\u00edan ser iguales para todos, especialmente para quienes ocupan cargos dentro del \u00e1rea municipal encargada justamente del turismo.<\/p>\n\n\n\n<p class=\"has-black-color has-text-color has-link-color has-medium-font-size wp-elements-22 wp-block-paragraph\">LAGUNA BRAVA, ENTRE LA PROMOCI\u00d3N Y EL ABANDONO<\/p>\n\n\n\n<p class=\"has-black-color has-text-color has-link-color has-medium-font-size wp-elements-23 wp-block-paragraph\">La contradicci\u00f3n resulta cada vez m\u00e1s evidente.<\/p>\n\n\n\n<p class=\"has-black-color has-text-color has-link-color has-medium-font-size wp-elements-24 wp-block-paragraph\">Por un lado, Laguna Brava es promocionada como uno de los grandes atractivos tur\u00edsticos de La Rioja y recibe visitantes nacionales e internacionales.<\/p>\n\n\n\n<p class=\"has-black-color has-text-color has-link-color has-medium-font-size wp-elements-25 wp-block-paragraph\">Por otro, hace m\u00e1s de dos meses el camino permanece cerrado, la entrada se sigue cobrando, los medios de pago son limitados y los propios gu\u00edas locales reclaman por situaciones que consideran competencia desleal.<\/p>\n\n\n\n<p class=\"has-black-color has-text-color has-link-color has-medium-font-size wp-elements-26 wp-block-paragraph\">Mientras tanto, los turistas siguen esperando una respuesta.<\/p>\n\n\n\n<p class=\"has-black-color has-text-color has-link-color has-medium-font-size wp-elements-27 wp-block-paragraph\">Porque promocionar Laguna Brava y cobrar para ingresar es una cosa. Garantizar que el turista pueda llegar y disfrutarla deber\u00eda ser otra.<\/p>\n\n\n\n<p class=\"has-black-color has-text-color has-link-color has-medium-font-size wp-elements-28 wp-block-paragraph\">Y hoy, la pregunta vuelve a ser la misma:<\/p>\n\n\n\n<p class=\"has-black-color has-text-color has-link-color has-medium-font-size wp-elements-29 wp-block-paragraph\">\u00bfQUI\u00c9N SE HACE CARGO DE LAGUNA BRAVA?<\/p>\n\n\n<p class=\"has-text-align-center has-black-color has-text-color has-link-color has-medium-font-size wp-elements-30 wp-block-paragraph\"><strong>Seguinos en nuestras redes sociales!<br><a href=\"https:\/\/www.instagram.com\/oesterioja.com.ar\/\">https:\/\/www.instagram.com\/oesterioja.com.ar\/<\/a><br><a href=\"https:\/\/www.facebook.com\/oesterioja.com.ar\">https:\/\/www.facebook.com\/oesterioja.com.ar<\/a><br><a href=\"https:\/\/x.com\/oesteriojaok\">https:\/\/x.com\/oesteriojaok<\/a><br><a href=\"https:\/\/www.youtube.com\/@oesterioja\">https:\/\/www.youtube.com\/@oesterioja<\/a><br><a href=\"https:\/\/www.tiktok.com\/@oesteriojatiktok\">https:\/\/www.tiktok.com\/@oesteriojatiktok<\/a><\/strong><\/p>\n\n\n\n<figure class=\"wp-block-image\"><a href=\"https:\/\/chat.whatsapp.com\/LiGy1PVnV4gJnbsFBgRI40\" target=\"_blank\" rel=\" noreferrer noopener\"><img loading=\"lazy\" decoding=\"async\" width=\"2560\" height=\"333\" src=\"https:\/\/oesterioja.com.ar\/news\/wp-content\/uploads\/2026\/07\/Gemini_Generated_Image_vwbndtvwbndtvwbn-scaled.png\" alt=\"\" class=\"wp-image-249\" srcset=\"https:\/\/oesterioja.com.ar\/news\/wp-content\/uploads\/2026\/07\/Gemini_Generated_Image_vwbndtvwbndtvwbn-scaled.png 2560w, https:\/\/oesterioja.com.ar\/news\/wp-content\/uploads\/2026\/07\/Gemini_Generated_Image_vwbndtvwbndtvwbn-300x39.png 300w, https:\/\/oesterioja.com.ar\/news\/wp-content\/uploads\/2026\/07\/Gemini_Generated_Image_vwbndtvwbndtvwbn-1024x133.png 1024w, https:\/\/oesterioja.com.ar\/news\/wp-content\/uploads\/2026\/07\/Gemini_Generated_Image_vwbndtvwbndtvwbn-768x100.png 768w, https:\/\/oesterioja.com.ar\/news\/wp-content\/uploads\/2026\/07\/Gemini_Generated_Image_vwbndtvwbndtvwbn-1536x200.png 1536w, https:\/\/oesterioja.com.ar\/news\/wp-content\/uploads\/2026\/07\/Gemini_Generated_Image_vwbndtvwbndtvwbn-2048x266.png 2048w\" sizes=\"auto, (max-width: 2560px) 100vw, 2560px\" \/><\/a><\/figure>\n\n\n\n<figure class=\"wp-block-image size-large\"><a href=\"https:\/\/josemarialr.com.ar\/web\/\"><img loading=\"lazy\" decoding=\"async\" width=\"1024\" height=\"399\" src=\"https:\/\/oesterioja.com.ar\/news\/wp-content\/uploads\/2026\/08\/Gemini_Generated_Image_7q8oo87q8oo87q8o-1024x399.jpg\" alt=\"\" class=\"wp-image-426\" srcset=\"https:\/\/oesterioja.com.ar\/news\/wp-content\/uploads\/2026\/08\/Gemini_Generated_Image_7q8oo87q8oo87q8o-1024x399.jpg 1024w, https:\/\/oesterioja.com.ar\/news\/wp-content\/uploads\/2026\/08\/Gemini_Generated_Image_7q8oo87q8oo87q8o-300x117.jpg 300w, https:\/\/oesterioja.com.ar\/news\/wp-content\/uploads\/2026\/08\/Gemini_Generated_Image_7q8oo87q8oo87q8o-768x299.jpg 768w, https:\/\/oesterioja.com.ar\/news\/wp-content\/uploads\/2026\/08\/Gemini_Generated_Image_7q8oo87q8oo87q8o-1536x598.jpg 1536w, https:\/\/oesterioja.com.ar\/news\/wp-content\/uploads\/2026\/08\/Gemini_Generated_Image_7q8oo87q8oo87q8o.jpg 1644w\" sizes=\"auto, (max-width: 1024px) 100vw, 1024px\" \/><\/a><\/figure>\n\n\n\n<p class=\"has-text-align-center has-black-color has-text-color has-link-color has-medium-font-size wp-elements-31 wp-block-paragraph\"><strong>Make software design for all device<br>JoseMaria Designer<br><a href=\"https:\/\/github.com\/josemarialr\">https:\/\/github.com\/josemarialr<\/a><br><a href=\"https:\/\/www.facebook.com\/josemariafvarela\">https:\/\/www.facebook.com\/josemariafvarela<\/a><br><a href=\"https:\/\/x.com\/josemarialrX\">https:\/\/x.com\/josemarialrX<\/a><\/strong><\/p>\n\n<div class=\"twitter-share\"><a href=\"https:\/\/twitter.com\/intent\/tweet?via=OesteriojaOK\" class=\"twitter-share-button\" data-size=\"large\">Twittear<\/a><\/div>\n","protected":false},"excerpt":{"rendered":"<p>Hace m\u00e1s de dos meses que el acceso permanece cerrado por la nieve y no existe una fecha definida de reapertura. Los visitantes pagan la entrada en efectivo, pero igualmente no pueden llegar a uno de los principales atractivos tur\u00edsticos de La Rioja. Mientras tanto, crece el malestar entre los gu\u00edas locales por la actividad [&hellip;]<\/p>\n","protected":false},"author":2,"featured_media":596,"comment_status":"closed","ping_status":"closed","sticky":false,"template":"","format":"standard","meta":{"wp_popup_display_lightbox":0,"wp_popup_suppress":"","wp_popup_trigger":"","wp_popup_trigger_amount":0,"wp_popup_disable_on_mobile":false,"footnotes":"","jetpack_publicize_message":"","jetpack_publicize_feature_enabled":true,"jetpack_social_post_already_shared":true,"jetpack_social_options":{"image_generator_settings":{"template":"highway","default_image_id":0,"font":"","enabled":false},"version":2}},"categories":[3],"tags":[153,10,151,152,22],"class_list":["post-595","post","type-post","status-publish","format-standard","has-post-thumbnail","hentry","category-locales","tag-denuncia","tag-la-rioja","tag-laguna-brava","tag-vialidad-nacional","tag-vinchina"],"jetpack_publicize_connections":[],"_links":{"self":[{"href":"https:\/\/oesterioja.com.ar\/news\/wp-json\/wp\/v2\/posts\/595","targetHints":{"allow":["GET"]}}],"collection":[{"href":"https:\/\/oesterioja.com.ar\/news\/wp-json\/wp\/v2\/posts"}],"about":[{"href":"https:\/\/oesterioja.com.ar\/news\/wp-json\/wp\/v2\/types\/post"}],"author":[{"embeddable":true,"href":"https:\/\/oesterioja.com.ar\/news\/wp-json\/wp\/v2\/users\/2"}],"replies":[{"embeddable":true,"href":"https:\/\/oesterioja.com.ar\/news\/wp-json\/wp\/v2\/comments?post=595"}],"version-history":[{"count":1,"href":"https:\/\/oesterioja.com.ar\/news\/wp-json\/wp\/v2\/posts\/595\/revisions"}],"predecessor-version":[{"id":597,"href":"https:\/\/oesterioja.com.ar\/news\/wp-json\/wp\/v2\/posts\/595\/revisions\/597"}],"wp:featuredmedia":[{"embeddable":true,"href":"https:\/\/oesterioja.com.ar\/news\/wp-json\/wp\/v2\/media\/596"}],"wp:attachment":[{"href":"https:\/\/oesterioja.com.ar\/news\/wp-json\/wp\/v2\/media?parent=595"}],"wp:term":[{"taxonomy":"category","embeddable":true,"href":"https:\/\/oesterioja.com.ar\/news\/wp-json\/wp\/v2\/categories?post=595"},{"taxonomy":"post_tag","embeddable":true,"href":"https:\/\/oesterioja.com.ar\/news\/wp-json\/wp\/v2\/tags?post=595"}],"curies":[{"name":"wp","href":"https:\/\/api.w.org\/{rel}","templated":true}]}}