{"id":592,"date":"2026-09-02T00:11:43","date_gmt":"2026-09-02T00:11:43","guid":{"rendered":"https:\/\/oesterioja.com.ar\/news\/?p=592"},"modified":"2026-09-02T00:11:43","modified_gmt":"2026-09-02T00:11:43","slug":"el-gobierno-provincial-extendio-por-60-dias-mas-el-congelamiento-de-tarifas-de-servicios-publicos","status":"publish","type":"post","link":"https:\/\/oesterioja.com.ar\/news\/el-gobierno-provincial-extendio-por-60-dias-mas-el-congelamiento-de-tarifas-de-servicios-publicos\/","title":{"rendered":"El Gobierno provincial extendi\u00f3 por 60 d\u00edas m\u00e1s el congelamiento de tarifas de servicios p\u00fablicos"},"content":{"rendered":"\n<blockquote class=\"wp-block-quote is-layout-flow wp-block-quote-is-layout-flow\">\n<p class=\"has-black-color has-text-color has-link-color has-medium-font-size wp-elements-1 wp-block-paragraph\"><strong><em>PROTECCI\u00d3N DEL BOLSILLO DE LAS FAMILIAS RIOJANAS<\/em><\/strong><\/p>\n<\/blockquote>\n\n\n\n<p class=\"wp-block-paragraph\"><\/p>\n\n\n\n<p class=\"has-black-color has-text-color has-link-color has-medium-font-size wp-elements-2 wp-block-paragraph\">La medida mantiene hasta el 31 de octubre los valores de la energ\u00eda el\u00e9ctrica, el agua y saneamiento, el transporte urbano y la conectividad. Tambi\u00e9n contin\u00faa la reducci\u00f3n extraordinaria del 20% en las cuotas de viviendas sociales, sin incrementos durante el per\u00edodo establecido.<\/p>\n\n\n\n<p class=\"has-black-color has-text-color has-link-color has-medium-font-size wp-elements-3 wp-block-paragraph\">El Gobierno de La Rioja prorrog\u00f3 por 60 d\u00edas las medidas dispuestas mediante el Decreto N.\u00ba 617\/26, destinadas a preservar el acceso de las familias riojanas a servicios esenciales y mitigar el impacto de la actual situaci\u00f3n econ\u00f3mica sobre los hogares, especialmente aquellos que atraviesan condiciones de mayor vulnerabilidad.<br>La decisi\u00f3n, que rige desde este 1 de septiembre y se extender\u00e1 hasta el 31 de octubre de 2026, mantiene los cuadros tarifarios y precios vigentes al 30 de abril de este a\u00f1o para los servicios p\u00fablicos de energ\u00eda el\u00e9ctrica, agua y saneamiento, transporte urbano de pasajeros prestado por la Administraci\u00f3n Provincial de Transporte Social e Inclusivo y conectividad provista por La Rioja Telecomunicaciones SAPEM.<br>Asimismo, continuar\u00e1 vigente la reducci\u00f3n extraordinaria del 20% en el valor de las cuotas que abonan las y los adjudicatarios de viviendas sociales de la Administraci\u00f3n Provincial de Vivienda y Urbanismo. Estos valores tampoco podr\u00e1n incrementarse durante el per\u00edodo de la pr\u00f3rroga.<br>La extensi\u00f3n de las medidas responde a la persistencia de las condiciones econ\u00f3micas y sociales que motivaron su implementaci\u00f3n y se enmarca en la emergencia social, alimentaria, sanitaria, econ\u00f3mico-financiera, laboral, productiva, h\u00eddrica, administrativa, habitacional, de seguridad y de servicios p\u00fablicos prorrogada mediante la Ley Provincial N.\u00ba 10.843.<\/p>\n\n\n\n<p class=\"has-black-color has-text-color has-link-color has-medium-font-size wp-elements-4 wp-block-paragraph\">Sostener la accesibilidad<br>De esta manera, el Gobierno provincial busca evitar una modificaci\u00f3n abrupta de las condiciones vigentes y sostener la accesibilidad a prestaciones directamente relacionadas con las necesidades b\u00e1sicas y el desenvolvimiento cotidiano de la comunidad.<br>El decreto tambi\u00e9n instruye a los organismos y empresas prestatarias a adoptar las medidas necesarias para asegurar la continuidad, regularidad y calidad de los servicios alcanzados. A su vez, faculta al Ministerio de Hacienda y Finanzas P\u00fablicas a realizar las adecuaciones presupuestarias necesarias para garantizar la sostenibilidad de la medida y el normal funcionamiento de las entidades prestadoras.<br>Con esta decisi\u00f3n, el Gobierno de La Rioja reafirma su compromiso de utilizar las herramientas disponibles dentro de sus competencias para cuidar el bolsillo de las familias y garantizar el acceso a servicios p\u00fablicos esenciales en un contexto econ\u00f3mico que contin\u00faa afectando los ingresos de la poblaci\u00f3n.<\/p>\n\n\n<p class=\"has-text-align-center has-black-color has-text-color has-link-color has-medium-font-size wp-elements-5 wp-block-paragraph\"><strong>Seguinos en nuestras redes sociales!<br><a href=\"https:\/\/www.instagram.com\/oesterioja.com.ar\/\">https:\/\/www.instagram.com\/oesterioja.com.ar\/<\/a><br><a href=\"https:\/\/www.facebook.com\/oesterioja.com.ar\">https:\/\/www.facebook.com\/oesterioja.com.ar<\/a><br><a href=\"https:\/\/x.com\/oesteriojaok\">https:\/\/x.com\/oesteriojaok<\/a><br><a href=\"https:\/\/www.youtube.com\/@oesterioja\">https:\/\/www.youtube.com\/@oesterioja<\/a><br><a href=\"https:\/\/www.tiktok.com\/@oesteriojatiktok\">https:\/\/www.tiktok.com\/@oesteriojatiktok<\/a><\/strong><\/p>\n\n\n\n<figure class=\"wp-block-image\"><a href=\"https:\/\/chat.whatsapp.com\/LiGy1PVnV4gJnbsFBgRI40\" target=\"_blank\" rel=\" noreferrer noopener\"><img loading=\"lazy\" decoding=\"async\" width=\"2560\" height=\"333\" src=\"https:\/\/oesterioja.com.ar\/news\/wp-content\/uploads\/2026\/07\/Gemini_Generated_Image_vwbndtvwbndtvwbn-scaled.png\" alt=\"\" class=\"wp-image-249\" srcset=\"https:\/\/oesterioja.com.ar\/news\/wp-content\/uploads\/2026\/07\/Gemini_Generated_Image_vwbndtvwbndtvwbn-scaled.png 2560w, https:\/\/oesterioja.com.ar\/news\/wp-content\/uploads\/2026\/07\/Gemini_Generated_Image_vwbndtvwbndtvwbn-300x39.png 300w, https:\/\/oesterioja.com.ar\/news\/wp-content\/uploads\/2026\/07\/Gemini_Generated_Image_vwbndtvwbndtvwbn-1024x133.png 1024w, https:\/\/oesterioja.com.ar\/news\/wp-content\/uploads\/2026\/07\/Gemini_Generated_Image_vwbndtvwbndtvwbn-768x100.png 768w, https:\/\/oesterioja.com.ar\/news\/wp-content\/uploads\/2026\/07\/Gemini_Generated_Image_vwbndtvwbndtvwbn-1536x200.png 1536w, https:\/\/oesterioja.com.ar\/news\/wp-content\/uploads\/2026\/07\/Gemini_Generated_Image_vwbndtvwbndtvwbn-2048x266.png 2048w\" sizes=\"auto, (max-width: 2560px) 100vw, 2560px\" \/><\/a><\/figure>\n\n\n\n<figure class=\"wp-block-image size-large\"><a href=\"https:\/\/josemarialr.com.ar\/web\/\"><img loading=\"lazy\" decoding=\"async\" width=\"1024\" height=\"399\" src=\"https:\/\/oesterioja.com.ar\/news\/wp-content\/uploads\/2026\/08\/Gemini_Generated_Image_7q8oo87q8oo87q8o-1024x399.jpg\" alt=\"\" class=\"wp-image-426\" srcset=\"https:\/\/oesterioja.com.ar\/news\/wp-content\/uploads\/2026\/08\/Gemini_Generated_Image_7q8oo87q8oo87q8o-1024x399.jpg 1024w, https:\/\/oesterioja.com.ar\/news\/wp-content\/uploads\/2026\/08\/Gemini_Generated_Image_7q8oo87q8oo87q8o-300x117.jpg 300w, https:\/\/oesterioja.com.ar\/news\/wp-content\/uploads\/2026\/08\/Gemini_Generated_Image_7q8oo87q8oo87q8o-768x299.jpg 768w, https:\/\/oesterioja.com.ar\/news\/wp-content\/uploads\/2026\/08\/Gemini_Generated_Image_7q8oo87q8oo87q8o-1536x598.jpg 1536w, https:\/\/oesterioja.com.ar\/news\/wp-content\/uploads\/2026\/08\/Gemini_Generated_Image_7q8oo87q8oo87q8o.jpg 1644w\" sizes=\"auto, (max-width: 1024px) 100vw, 1024px\" \/><\/a><\/figure>\n\n\n\n<p class=\"has-text-align-center has-black-color has-text-color has-link-color has-medium-font-size wp-elements-6 wp-block-paragraph\"><strong>Make software design for all device<br>JoseMaria Designer<br><a href=\"https:\/\/github.com\/josemarialr\">https:\/\/github.com\/josemarialr<\/a><br><a href=\"https:\/\/www.facebook.com\/josemariafvarela\">https:\/\/www.facebook.com\/josemariafvarela<\/a><br><a href=\"https:\/\/x.com\/josemarialrX\">https:\/\/x.com\/josemarialrX<\/a><\/strong><\/p>\n\n<div class=\"twitter-share\"><a href=\"https:\/\/twitter.com\/intent\/tweet?via=OesteriojaOK\" class=\"twitter-share-button\" data-size=\"large\">Twittear<\/a><\/div>\n","protected":false},"excerpt":{"rendered":"<p>PROTECCI\u00d3N DEL BOLSILLO DE LAS FAMILIAS RIOJANAS La medida mantiene hasta el 31 de octubre los valores de la energ\u00eda el\u00e9ctrica, el agua y saneamiento, el transporte urbano y la conectividad. Tambi\u00e9n contin\u00faa la reducci\u00f3n extraordinaria del 20% en las cuotas de viviendas sociales, sin incrementos durante el per\u00edodo establecido. El Gobierno de La Rioja [&hellip;]<\/p>\n","protected":false},"author":2,"featured_media":593,"comment_status":"closed","ping_status":"closed","sticky":false,"template":"","format":"standard","meta":{"wp_popup_display_lightbox":0,"wp_popup_suppress":"","wp_popup_trigger":"","wp_popup_trigger_amount":0,"wp_popup_disable_on_mobile":false,"footnotes":"","jetpack_publicize_message":"","jetpack_publicize_feature_enabled":true,"jetpack_social_post_already_shared":true,"jetpack_social_options":{"image_generator_settings":{"template":"highway","default_image_id":0,"font":"","enabled":false},"version":2}},"categories":[4],"tags":[26,10,9],"class_list":["post-592","post","type-post","status-publish","format-standard","has-post-thumbnail","hentry","category-provinciales","tag-gaby-pedrali","tag-la-rioja","tag-ricardo-quintela"],"jetpack_publicize_connections":[],"_links":{"self":[{"href":"https:\/\/oesterioja.com.ar\/news\/wp-json\/wp\/v2\/posts\/592","targetHints":{"allow":["GET"]}}],"collection":[{"href":"https:\/\/oesterioja.com.ar\/news\/wp-json\/wp\/v2\/posts"}],"about":[{"href":"https:\/\/oesterioja.com.ar\/news\/wp-json\/wp\/v2\/types\/post"}],"author":[{"embeddable":true,"href":"https:\/\/oesterioja.com.ar\/news\/wp-json\/wp\/v2\/users\/2"}],"replies":[{"embeddable":true,"href":"https:\/\/oesterioja.com.ar\/news\/wp-json\/wp\/v2\/comments?post=592"}],"version-history":[{"count":1,"href":"https:\/\/oesterioja.com.ar\/news\/wp-json\/wp\/v2\/posts\/592\/revisions"}],"predecessor-version":[{"id":594,"href":"https:\/\/oesterioja.com.ar\/news\/wp-json\/wp\/v2\/posts\/592\/revisions\/594"}],"wp:featuredmedia":[{"embeddable":true,"href":"https:\/\/oesterioja.com.ar\/news\/wp-json\/wp\/v2\/media\/593"}],"wp:attachment":[{"href":"https:\/\/oesterioja.com.ar\/news\/wp-json\/wp\/v2\/media?parent=592"}],"wp:term":[{"taxonomy":"category","embeddable":true,"href":"https:\/\/oesterioja.com.ar\/news\/wp-json\/wp\/v2\/categories?post=592"},{"taxonomy":"post_tag","embeddable":true,"href":"https:\/\/oesterioja.com.ar\/news\/wp-json\/wp\/v2\/tags?post=592"}],"curies":[{"name":"wp","href":"https:\/\/api.w.org\/{rel}","templated":true}]}}