{"id":583,"date":"2026-09-02T00:02:01","date_gmt":"2026-09-02T00:02:01","guid":{"rendered":"https:\/\/oesterioja.com.ar\/news\/?p=583"},"modified":"2026-09-02T00:04:34","modified_gmt":"2026-09-02T00:04:34","slug":"la-provincia-entrego-una-nueva-vivienda-del-plan-angelelli-a-una-familia-del-barrio-santa-barbara","status":"publish","type":"post","link":"https:\/\/oesterioja.com.ar\/news\/la-provincia-entrego-una-nueva-vivienda-del-plan-angelelli-a-una-familia-del-barrio-santa-barbara\/","title":{"rendered":"La Provincia entreg\u00f3 una nueva vivienda del Plan Angelelli a una familia del barrio Santa B\u00e1rbara"},"content":{"rendered":"\n<blockquote class=\"wp-block-quote has-black-color has-text-color has-link-color has-medium-font-size wp-elements-1 is-layout-flow wp-block-quote-is-layout-flow\">\n<p class=\"wp-block-paragraph\"><strong>POL\u00cdTICA HABITACIONAL<\/strong><\/p>\n<\/blockquote>\n\n\n\n<p class=\"wp-block-paragraph\"><\/p>\n\n\n\n<p class=\"has-black-color has-text-color has-link-color has-medium-font-size wp-elements-2 wp-block-paragraph\">Zaira, Brian y su hija Ail\u00edn recibieron este lunes las llaves de su nuevo hogar como parte de la pol\u00edtica habitacional que lleva adelante el Gobierno de La Rioja. La entrega fue encabezada por la diputada nacional Gabriela Pedrali, impulsora del Plan Angelelli, quien destac\u00f3 la decisi\u00f3n de sostener respuestas concretas para garantizar el acceso a una vivienda digna aun en un contexto econ\u00f3mico complejo.<\/p>\n\n\n\n<p class=\"has-black-color has-text-color has-link-color has-medium-font-size wp-elements-3 wp-block-paragraph\">El Gobierno de La Rioja concret\u00f3 este lunes la entrega de una nueva vivienda del Plan Angelelli a una familia del barrio Santa B\u00e1rbara de la Capital, dando continuidad a una pol\u00edtica provincial destinada a brindar respuestas habitacionales y garantizar el derecho a un hogar digno.<br>Zaira, Brian y su hija Ail\u00edn recibieron las llaves de su casa propia y comenzaron as\u00ed una nueva etapa familiar. La entrega se inscribe en las acciones que el Plan Angelelli desarrolla en distintos puntos de la provincia, con una concepci\u00f3n integral del h\u00e1bitat que busca transformar necesidades concretas en mejores condiciones de vida y nuevas oportunidades.<br><\/p>\n\n\n\n<p class=\"has-black-color has-text-color has-link-color has-medium-font-size wp-elements-4 wp-block-paragraph\">La actividad fue encabezada por la diputada nacional <strong><em>Gabriela Pedrali, impulsora del Plan Angelelli<\/em><\/strong>, quien destac\u00f3 que detr\u00e1s de cada vivienda existe una decisi\u00f3n pol\u00edtica, planificaci\u00f3n y un Estado que acompa\u00f1a a las familias, particularmente en un escenario en el que acceder a una casa propia resulta cada vez m\u00e1s dif\u00edcil.<br><\/p>\n\n\n\n<p class=\"has-white-color has-black-background-color has-text-color has-background has-link-color has-medium-font-size wp-elements-5 wp-block-paragraph\"><strong><em>\u201cEste Plan es el reflejo de una gesti\u00f3n profundamente humana, que se materializa en acciones concretas como estas. Es planificaci\u00f3n, es pensar en las familias y es seguir trabajando, a\u00fan en tiempos dif\u00edciles, para que m\u00e1s riojanos puedan cumplir el sue\u00f1o de tener su casa propia\u201d, sostuvo.<br>Pedrali agreg\u00f3 que \u201ccuando una familia recibe las llaves de su hogar, no estamos entregando solamente una vivienda: estamos construyendo dignidad, futuro y nuevas oportunidades\u201d.<\/em><\/strong><\/p>\n\n\n\n<p class=\"has-black-color has-text-color has-link-color has-medium-font-size wp-elements-6 wp-block-paragraph\">Una casa para comenzar una nueva etapa<br>La entrega tuvo un significado especial para Zaira y Brian, quienes recibieron su nuevo hogar junto a su hija Ail\u00edn despu\u00e9s de esperar durante mucho tiempo la posibilidad de contar con una vivienda propia.<br>\u201cEstoy que exploto de emoci\u00f3n. Es algo que ven\u00edamos esperando hace tanto tiempo. Hoy mi hija ya tiene su casa y es algo que voy a estar agradecida toda la vida\u201d, expres\u00f3 Zaira.<br>Para la familia, acceder a la vivienda significa no solamente contar con un techo propio, sino tambi\u00e9n la posibilidad de proyectar una nueva etapa y ofrecerle a Ail\u00edn un espacio donde crecer y desarrollar su vida cotidiana.<\/p>\n\n\n\n<figure class=\"wp-block-gallery has-nested-images columns-default is-cropped wp-block-gallery-1 is-layout-flex wp-block-gallery-is-layout-flex\">\n<figure class=\"wp-block-image size-large\"><a href=\"https:\/\/oesterioja.com.ar\/news\/wp-content\/uploads\/2026\/09\/WhatsApp-Image-2026-09-01-at-11.05.40.jpeg\"><img loading=\"lazy\" decoding=\"async\" width=\"1536\" height=\"1024\" data-id=\"588\" src=\"https:\/\/oesterioja.com.ar\/news\/wp-content\/uploads\/2026\/09\/WhatsApp-Image-2026-09-01-at-11.05.40.jpeg\" alt=\"\" class=\"wp-image-588\" srcset=\"https:\/\/oesterioja.com.ar\/news\/wp-content\/uploads\/2026\/09\/WhatsApp-Image-2026-09-01-at-11.05.40.jpeg 1536w, https:\/\/oesterioja.com.ar\/news\/wp-content\/uploads\/2026\/09\/WhatsApp-Image-2026-09-01-at-11.05.40-300x200.jpeg 300w, https:\/\/oesterioja.com.ar\/news\/wp-content\/uploads\/2026\/09\/WhatsApp-Image-2026-09-01-at-11.05.40-768x512.jpeg 768w, https:\/\/oesterioja.com.ar\/news\/wp-content\/uploads\/2026\/09\/WhatsApp-Image-2026-09-01-at-11.05.40-1024x683.jpeg 1024w\" sizes=\"auto, (max-width: 1536px) 100vw, 1536px\" \/><\/a><\/figure>\n\n\n\n<figure class=\"wp-block-image size-large\"><a href=\"https:\/\/oesterioja.com.ar\/news\/wp-content\/uploads\/2026\/09\/WhatsApp-Image-2026-09-01-at-11.05.40-1.jpeg\"><img loading=\"lazy\" decoding=\"async\" width=\"1024\" height=\"683\" data-id=\"589\" src=\"https:\/\/oesterioja.com.ar\/news\/wp-content\/uploads\/2026\/09\/WhatsApp-Image-2026-09-01-at-11.05.40-1-1024x683.jpeg\" alt=\"\" class=\"wp-image-589\" srcset=\"https:\/\/oesterioja.com.ar\/news\/wp-content\/uploads\/2026\/09\/WhatsApp-Image-2026-09-01-at-11.05.40-1-1024x683.jpeg 1024w, https:\/\/oesterioja.com.ar\/news\/wp-content\/uploads\/2026\/09\/WhatsApp-Image-2026-09-01-at-11.05.40-1-768x512.jpeg 768w, https:\/\/oesterioja.com.ar\/news\/wp-content\/uploads\/2026\/09\/WhatsApp-Image-2026-09-01-at-11.05.40-1-300x200.jpeg 300w, https:\/\/oesterioja.com.ar\/news\/wp-content\/uploads\/2026\/09\/WhatsApp-Image-2026-09-01-at-11.05.40-1.jpeg 1536w\" sizes=\"auto, (max-width: 1024px) 100vw, 1024px\" \/><\/a><\/figure>\n<\/figure>\n\n\n\n<p class=\"has-black-color has-text-color has-link-color has-medium-font-size wp-elements-7 wp-block-paragraph\"><br>\u201cElla so\u00f1aba con tener su pieza, su lugar, para invitar a sus amigas y hacer pijamadas. Est\u00e1 s\u00faper contenta. Es un sue\u00f1o cumplido\u201d, cont\u00f3 su mam\u00e1.<br>Zaira tambi\u00e9n valor\u00f3 el acompa\u00f1amiento recibido y las transformaciones que el Plan Angelelli viene generando en el barrio Santa B\u00e1rbara. \u201cEs un barrio muy lindo, entre vecinos somos muy unidos y las casas son hermosas. Nunca hubiera podido hacerlo sola. Nosotros vivimos el d\u00eda a d\u00eda y cuesta mucho\u201d, se\u00f1al\u00f3.<\/p>\n\n\n\n<p class=\"has-black-color has-text-color has-link-color has-medium-font-size wp-elements-8 wp-block-paragraph\">Una pol\u00edtica provincial de acceso al h\u00e1bitat<br>La historia de Zaira, Brian y Ail\u00edn se suma a la de otras familias que encontraron en el Plan Angelelli una respuesta del Estado provincial frente a la necesidad de acceder a una vivienda digna.<br>Desde su puesta en marcha, el programa sostiene una mirada integral sobre el h\u00e1bitat, entendiendo que la vivienda trasciende la construcci\u00f3n f\u00edsica y constituye un punto de partida para fortalecer los v\u00ednculos familiares, la integraci\u00f3n comunitaria y las oportunidades de desarrollo.<br>De esta manera, el Gobierno de La Rioja contin\u00faa sosteniendo el Plan Angelelli como una pol\u00edtica habitacional provincial, orientada a acompa\u00f1ar a las familias que encuentran mayores dificultades para acceder por sus propios medios a una vivienda y avanzar en la construcci\u00f3n de un proyecto de vida.<\/p>\n\n\n\n<figure class=\"wp-block-image size-large\"><a href=\"https:\/\/oesterioja.com.ar\/news\/wp-content\/uploads\/2026\/09\/Gemini_Generated_Image_tlmhcctlmhcctlmh-1.jpg\"><img loading=\"lazy\" decoding=\"async\" width=\"1024\" height=\"572\" src=\"https:\/\/oesterioja.com.ar\/news\/wp-content\/uploads\/2026\/09\/Gemini_Generated_Image_tlmhcctlmhcctlmh-1-1024x572.jpg\" alt=\"\" class=\"wp-image-590\" srcset=\"https:\/\/oesterioja.com.ar\/news\/wp-content\/uploads\/2026\/09\/Gemini_Generated_Image_tlmhcctlmhcctlmh-1-1024x572.jpg 1024w, https:\/\/oesterioja.com.ar\/news\/wp-content\/uploads\/2026\/09\/Gemini_Generated_Image_tlmhcctlmhcctlmh-1-300x167.jpg 300w, https:\/\/oesterioja.com.ar\/news\/wp-content\/uploads\/2026\/09\/Gemini_Generated_Image_tlmhcctlmhcctlmh-1-767x428.jpg 767w, https:\/\/oesterioja.com.ar\/news\/wp-content\/uploads\/2026\/09\/Gemini_Generated_Image_tlmhcctlmhcctlmh-1.jpg 1376w\" sizes=\"auto, (max-width: 1024px) 100vw, 1024px\" \/><\/a><\/figure>\n\n\n\n<p class=\"has-text-align-center has-black-color has-text-color has-link-color has-medium-font-size wp-elements-9 wp-block-paragraph\"><strong>Seguinos en nuestras redes sociales!<br><a href=\"https:\/\/www.instagram.com\/oesterioja.com.ar\/\">https:\/\/www.instagram.com\/oesterioja.com.ar\/<\/a><br><a href=\"https:\/\/www.facebook.com\/oesterioja.com.ar\">https:\/\/www.facebook.com\/oesterioja.com.ar<\/a><br><a href=\"https:\/\/x.com\/oesteriojaok\">https:\/\/x.com\/oesteriojaok<\/a><br><a href=\"https:\/\/www.youtube.com\/@oesterioja\">https:\/\/www.youtube.com\/@oesterioja<\/a><br><a href=\"https:\/\/www.tiktok.com\/@oesteriojatiktok\">https:\/\/www.tiktok.com\/@oesteriojatiktok<\/a><\/strong><\/p>\n\n\n\n<figure class=\"wp-block-image\"><a href=\"https:\/\/chat.whatsapp.com\/LiGy1PVnV4gJnbsFBgRI40\" target=\"_blank\" rel=\" noreferrer noopener\"><img loading=\"lazy\" decoding=\"async\" width=\"2560\" height=\"333\" src=\"https:\/\/oesterioja.com.ar\/news\/wp-content\/uploads\/2026\/07\/Gemini_Generated_Image_vwbndtvwbndtvwbn-scaled.png\" alt=\"\" class=\"wp-image-249\" srcset=\"https:\/\/oesterioja.com.ar\/news\/wp-content\/uploads\/2026\/07\/Gemini_Generated_Image_vwbndtvwbndtvwbn-scaled.png 2560w, https:\/\/oesterioja.com.ar\/news\/wp-content\/uploads\/2026\/07\/Gemini_Generated_Image_vwbndtvwbndtvwbn-300x39.png 300w, https:\/\/oesterioja.com.ar\/news\/wp-content\/uploads\/2026\/07\/Gemini_Generated_Image_vwbndtvwbndtvwbn-1024x133.png 1024w, https:\/\/oesterioja.com.ar\/news\/wp-content\/uploads\/2026\/07\/Gemini_Generated_Image_vwbndtvwbndtvwbn-768x100.png 768w, https:\/\/oesterioja.com.ar\/news\/wp-content\/uploads\/2026\/07\/Gemini_Generated_Image_vwbndtvwbndtvwbn-1536x200.png 1536w, https:\/\/oesterioja.com.ar\/news\/wp-content\/uploads\/2026\/07\/Gemini_Generated_Image_vwbndtvwbndtvwbn-2048x266.png 2048w\" sizes=\"auto, (max-width: 2560px) 100vw, 2560px\" \/><\/a><\/figure>\n\n\n\n<figure class=\"wp-block-image size-large\"><a href=\"https:\/\/josemarialr.com.ar\/web\/\"><img loading=\"lazy\" decoding=\"async\" width=\"1024\" height=\"399\" src=\"https:\/\/oesterioja.com.ar\/news\/wp-content\/uploads\/2026\/08\/Gemini_Generated_Image_7q8oo87q8oo87q8o-1024x399.jpg\" alt=\"\" class=\"wp-image-426\" srcset=\"https:\/\/oesterioja.com.ar\/news\/wp-content\/uploads\/2026\/08\/Gemini_Generated_Image_7q8oo87q8oo87q8o-1024x399.jpg 1024w, https:\/\/oesterioja.com.ar\/news\/wp-content\/uploads\/2026\/08\/Gemini_Generated_Image_7q8oo87q8oo87q8o-300x117.jpg 300w, https:\/\/oesterioja.com.ar\/news\/wp-content\/uploads\/2026\/08\/Gemini_Generated_Image_7q8oo87q8oo87q8o-768x299.jpg 768w, https:\/\/oesterioja.com.ar\/news\/wp-content\/uploads\/2026\/08\/Gemini_Generated_Image_7q8oo87q8oo87q8o-1536x598.jpg 1536w, https:\/\/oesterioja.com.ar\/news\/wp-content\/uploads\/2026\/08\/Gemini_Generated_Image_7q8oo87q8oo87q8o.jpg 1644w\" sizes=\"auto, (max-width: 1024px) 100vw, 1024px\" \/><\/a><\/figure>\n\n\n\n<p class=\"has-text-align-center has-black-color has-text-color has-link-color has-medium-font-size wp-elements-10 wp-block-paragraph\"><strong>Make software design for all device<br>JoseMaria Designer<br><a href=\"https:\/\/github.com\/josemarialr\">https:\/\/github.com\/josemarialr<\/a><br><a href=\"https:\/\/www.facebook.com\/josemariafvarela\">https:\/\/www.facebook.com\/josemariafvarela<\/a><br><a href=\"https:\/\/x.com\/josemarialrX\">https:\/\/x.com\/josemarialrX<\/a><\/strong><\/p>\n\n<div class=\"twitter-share\"><a href=\"https:\/\/twitter.com\/intent\/tweet?via=OesteriojaOK\" class=\"twitter-share-button\" data-size=\"large\">Twittear<\/a><\/div>\n","protected":false},"excerpt":{"rendered":"<p>POL\u00cdTICA HABITACIONAL Zaira, Brian y su hija Ail\u00edn recibieron este lunes las llaves de su nuevo hogar como parte de la pol\u00edtica habitacional que lleva adelante el Gobierno de La Rioja. La entrega fue encabezada por la diputada nacional Gabriela Pedrali, impulsora del Plan Angelelli, quien destac\u00f3 la decisi\u00f3n de sostener respuestas concretas para garantizar [&hellip;]<\/p>\n","protected":false},"author":2,"featured_media":586,"comment_status":"closed","ping_status":"closed","sticky":false,"template":"","format":"standard","meta":{"wp_popup_display_lightbox":0,"wp_popup_suppress":"","wp_popup_trigger":"","wp_popup_trigger_amount":0,"wp_popup_disable_on_mobile":false,"footnotes":"","jetpack_publicize_message":"La Provincia entreg\u00f3 una nueva vivienda del Plan Angelelli a una familia del barrio Santa B\u00e1rbara\nZaira, Brian y su hija Ail\u00edn recibieron este lunes las llaves de su nuevo hogar como parte de la pol\u00edtica habitacional que lleva adelante el Gobierno de La Rioja. La entrega fue encabezada por la diputada nacional Gabriela Pedrali, impulsora del Plan Angelelli, quien destac\u00f3 la decisi\u00f3n de sostener respuestas concretas para garantizar el acceso a una vivienda digna aun en un contexto econ\u00f3mico complejo.","jetpack_publicize_feature_enabled":true,"jetpack_social_post_already_shared":true,"jetpack_social_options":{"image_generator_settings":{"template":"highway","default_image_id":0,"font":"","enabled":false},"version":2}},"categories":[4],"tags":[26,10,30,9],"class_list":["post-583","post","type-post","status-publish","format-standard","has-post-thumbnail","hentry","category-provinciales","tag-gaby-pedrali","tag-la-rioja","tag-plan-angelelli","tag-ricardo-quintela"],"jetpack_publicize_connections":[],"_links":{"self":[{"href":"https:\/\/oesterioja.com.ar\/news\/wp-json\/wp\/v2\/posts\/583","targetHints":{"allow":["GET"]}}],"collection":[{"href":"https:\/\/oesterioja.com.ar\/news\/wp-json\/wp\/v2\/posts"}],"about":[{"href":"https:\/\/oesterioja.com.ar\/news\/wp-json\/wp\/v2\/types\/post"}],"author":[{"embeddable":true,"href":"https:\/\/oesterioja.com.ar\/news\/wp-json\/wp\/v2\/users\/2"}],"replies":[{"embeddable":true,"href":"https:\/\/oesterioja.com.ar\/news\/wp-json\/wp\/v2\/comments?post=583"}],"version-history":[{"count":2,"href":"https:\/\/oesterioja.com.ar\/news\/wp-json\/wp\/v2\/posts\/583\/revisions"}],"predecessor-version":[{"id":591,"href":"https:\/\/oesterioja.com.ar\/news\/wp-json\/wp\/v2\/posts\/583\/revisions\/591"}],"wp:featuredmedia":[{"embeddable":true,"href":"https:\/\/oesterioja.com.ar\/news\/wp-json\/wp\/v2\/media\/586"}],"wp:attachment":[{"href":"https:\/\/oesterioja.com.ar\/news\/wp-json\/wp\/v2\/media?parent=583"}],"wp:term":[{"taxonomy":"category","embeddable":true,"href":"https:\/\/oesterioja.com.ar\/news\/wp-json\/wp\/v2\/categories?post=583"},{"taxonomy":"post_tag","embeddable":true,"href":"https:\/\/oesterioja.com.ar\/news\/wp-json\/wp\/v2\/tags?post=583"}],"curies":[{"name":"wp","href":"https:\/\/api.w.org\/{rel}","templated":true}]}}