{"id":576,"date":"2026-09-01T23:55:30","date_gmt":"2026-09-01T23:55:30","guid":{"rendered":"https:\/\/oesterioja.com.ar\/news\/?p=576"},"modified":"2026-09-01T23:55:31","modified_gmt":"2026-09-01T23:55:31","slug":"dos-equipos-del-colegio-provincial-n-1-representaran-a-la-rioja-en-la-final-nacional-de-la-copa-robotica","status":"publish","type":"post","link":"https:\/\/oesterioja.com.ar\/news\/dos-equipos-del-colegio-provincial-n-1-representaran-a-la-rioja-en-la-final-nacional-de-la-copa-robotica\/","title":{"rendered":"Dos equipos del Colegio Provincial N.\u00b0 1 representar\u00e1n a La Rioja en la final nacional de la Copa Rob\u00f3tica"},"content":{"rendered":"\n<blockquote class=\"wp-block-quote has-black-color has-text-color has-link-color has-medium-font-size wp-elements-1 is-layout-flow wp-block-quote-is-layout-flow\">\n<p class=\"wp-block-paragraph\">INNOVACI\u00d3N Y EDUCACI\u00d3N<\/p>\n<\/blockquote>\n\n\n\n<p class=\"has-black-color has-text-color has-link-color has-medium-font-size wp-elements-2 wp-block-paragraph\">Los equipos se impusieron entre los 30 que participaron de la semifinal provincial realizada en el Paseo Cultural Castro Barros y competir\u00e1n el 25 y 26 de septiembre en Neuqu\u00e9n. La competencia, que comenz\u00f3 con m\u00e1s de 80 equipos, desafi\u00f3 a estudiantes secundarios a aplicar conocimientos de rob\u00f3tica y programaci\u00f3n a una consigna vinculada con las energ\u00edas renovables.<\/p>\n\n\n\n<p class=\"has-white-color has-black-background-color has-text-color has-background has-link-color has-medium-font-size wp-elements-3 wp-block-paragraph\"><strong>La Rioja llev\u00f3 adelante la instancia semifinal de la Copa Rob\u00f3tica Educabot 2026, una competencia destinada a estudiantes del nivel secundario que promueve el aprendizaje y la aplicaci\u00f3n de conocimientos vinculados con la tecnolog\u00eda, la programaci\u00f3n, la rob\u00f3tica y el trabajo en equipo.<\/strong><\/p>\n\n\n\n<p class=\"has-black-color has-text-color has-link-color has-medium-font-size wp-elements-4 wp-block-paragraph\"><br><strong>Un total de 30 equipos, 16 de Capital y 14 del interior provincial, llegaron a esta instancia y compitieron en las tres arenas dispuestas en la nave central del Paseo Cultural Castro Barros. De all\u00ed surgieron los dos grupos que representar\u00e1n a La Rioja en la final nacional, prevista para los d\u00edas 25 y 26 de septiembre en Neuqu\u00e9n.<\/strong><\/p>\n\n\n\n<figure class=\"wp-block-gallery has-nested-images columns-default is-cropped wp-block-gallery-1 is-layout-flex wp-block-gallery-is-layout-flex\">\n<figure class=\"wp-block-image size-large\"><a href=\"https:\/\/oesterioja.com.ar\/news\/wp-content\/uploads\/2026\/09\/WhatsApp-Image-2026-09-01-at-08.20.38-1.jpeg\"><img loading=\"lazy\" decoding=\"async\" width=\"1024\" height=\"682\" data-id=\"577\" src=\"https:\/\/oesterioja.com.ar\/news\/wp-content\/uploads\/2026\/09\/WhatsApp-Image-2026-09-01-at-08.20.38-1-1024x682.jpeg\" alt=\"\" class=\"wp-image-577\" srcset=\"https:\/\/oesterioja.com.ar\/news\/wp-content\/uploads\/2026\/09\/WhatsApp-Image-2026-09-01-at-08.20.38-1-1024x682.jpeg 1024w, https:\/\/oesterioja.com.ar\/news\/wp-content\/uploads\/2026\/09\/WhatsApp-Image-2026-09-01-at-08.20.38-1-300x200.jpeg 300w, https:\/\/oesterioja.com.ar\/news\/wp-content\/uploads\/2026\/09\/WhatsApp-Image-2026-09-01-at-08.20.38-1-767x511.jpeg 767w, https:\/\/oesterioja.com.ar\/news\/wp-content\/uploads\/2026\/09\/WhatsApp-Image-2026-09-01-at-08.20.38-1.jpeg 1280w\" sizes=\"auto, (max-width: 1024px) 100vw, 1024px\" \/><\/a><\/figure>\n\n\n\n<figure class=\"wp-block-image size-large\"><a href=\"https:\/\/oesterioja.com.ar\/news\/wp-content\/uploads\/2026\/09\/WhatsApp-Image-2026-09-01-at-08.20.38.jpeg\"><img loading=\"lazy\" decoding=\"async\" width=\"1024\" height=\"682\" data-id=\"580\" src=\"https:\/\/oesterioja.com.ar\/news\/wp-content\/uploads\/2026\/09\/WhatsApp-Image-2026-09-01-at-08.20.38-1024x682.jpeg\" alt=\"\" class=\"wp-image-580\" srcset=\"https:\/\/oesterioja.com.ar\/news\/wp-content\/uploads\/2026\/09\/WhatsApp-Image-2026-09-01-at-08.20.38-1024x682.jpeg 1024w, https:\/\/oesterioja.com.ar\/news\/wp-content\/uploads\/2026\/09\/WhatsApp-Image-2026-09-01-at-08.20.38-300x200.jpeg 300w, https:\/\/oesterioja.com.ar\/news\/wp-content\/uploads\/2026\/09\/WhatsApp-Image-2026-09-01-at-08.20.38-767x511.jpeg 767w, https:\/\/oesterioja.com.ar\/news\/wp-content\/uploads\/2026\/09\/WhatsApp-Image-2026-09-01-at-08.20.38.jpeg 1280w\" sizes=\"auto, (max-width: 1024px) 100vw, 1024px\" \/><\/a><\/figure>\n\n\n\n<figure class=\"wp-block-image size-large\"><a href=\"https:\/\/oesterioja.com.ar\/news\/wp-content\/uploads\/2026\/09\/WhatsApp-Image-2026-09-01-at-08.20.39-1.jpeg\"><img loading=\"lazy\" decoding=\"async\" width=\"1024\" height=\"682\" data-id=\"579\" src=\"https:\/\/oesterioja.com.ar\/news\/wp-content\/uploads\/2026\/09\/WhatsApp-Image-2026-09-01-at-08.20.39-1-1024x682.jpeg\" alt=\"\" class=\"wp-image-579\" srcset=\"https:\/\/oesterioja.com.ar\/news\/wp-content\/uploads\/2026\/09\/WhatsApp-Image-2026-09-01-at-08.20.39-1-1024x682.jpeg 1024w, https:\/\/oesterioja.com.ar\/news\/wp-content\/uploads\/2026\/09\/WhatsApp-Image-2026-09-01-at-08.20.39-1-300x200.jpeg 300w, https:\/\/oesterioja.com.ar\/news\/wp-content\/uploads\/2026\/09\/WhatsApp-Image-2026-09-01-at-08.20.39-1-767x511.jpeg 767w, https:\/\/oesterioja.com.ar\/news\/wp-content\/uploads\/2026\/09\/WhatsApp-Image-2026-09-01-at-08.20.39-1.jpeg 1280w\" sizes=\"auto, (max-width: 1024px) 100vw, 1024px\" \/><\/a><\/figure>\n\n\n\n<figure class=\"wp-block-image size-large\"><a href=\"https:\/\/oesterioja.com.ar\/news\/wp-content\/uploads\/2026\/09\/WhatsApp-Image-2026-09-01-at-08.20.39-2.jpeg\"><img loading=\"lazy\" decoding=\"async\" width=\"1024\" height=\"682\" data-id=\"581\" src=\"https:\/\/oesterioja.com.ar\/news\/wp-content\/uploads\/2026\/09\/WhatsApp-Image-2026-09-01-at-08.20.39-2-1024x682.jpeg\" alt=\"\" class=\"wp-image-581\" srcset=\"https:\/\/oesterioja.com.ar\/news\/wp-content\/uploads\/2026\/09\/WhatsApp-Image-2026-09-01-at-08.20.39-2-1024x682.jpeg 1024w, https:\/\/oesterioja.com.ar\/news\/wp-content\/uploads\/2026\/09\/WhatsApp-Image-2026-09-01-at-08.20.39-2-300x200.jpeg 300w, https:\/\/oesterioja.com.ar\/news\/wp-content\/uploads\/2026\/09\/WhatsApp-Image-2026-09-01-at-08.20.39-2-767x511.jpeg 767w, https:\/\/oesterioja.com.ar\/news\/wp-content\/uploads\/2026\/09\/WhatsApp-Image-2026-09-01-at-08.20.39-2.jpeg 1280w\" sizes=\"auto, (max-width: 1024px) 100vw, 1024px\" \/><\/a><\/figure>\n\n\n\n<figure class=\"wp-block-image size-large\"><a href=\"https:\/\/oesterioja.com.ar\/news\/wp-content\/uploads\/2026\/09\/WhatsApp-Image-2026-09-01-at-08.20.39.jpeg\"><img loading=\"lazy\" decoding=\"async\" width=\"1024\" height=\"682\" data-id=\"578\" src=\"https:\/\/oesterioja.com.ar\/news\/wp-content\/uploads\/2026\/09\/WhatsApp-Image-2026-09-01-at-08.20.39-1024x682.jpeg\" alt=\"\" class=\"wp-image-578\" srcset=\"https:\/\/oesterioja.com.ar\/news\/wp-content\/uploads\/2026\/09\/WhatsApp-Image-2026-09-01-at-08.20.39-1024x682.jpeg 1024w, https:\/\/oesterioja.com.ar\/news\/wp-content\/uploads\/2026\/09\/WhatsApp-Image-2026-09-01-at-08.20.39-300x200.jpeg 300w, https:\/\/oesterioja.com.ar\/news\/wp-content\/uploads\/2026\/09\/WhatsApp-Image-2026-09-01-at-08.20.39-767x511.jpeg 767w, https:\/\/oesterioja.com.ar\/news\/wp-content\/uploads\/2026\/09\/WhatsApp-Image-2026-09-01-at-08.20.39.jpeg 1280w\" sizes=\"auto, (max-width: 1024px) 100vw, 1024px\" \/><\/a><\/figure>\n<\/figure>\n\n\n\n<p class=\"has-black-color has-text-color has-link-color has-medium-font-size wp-elements-5 wp-block-paragraph\"><br><strong>El primer lugar fue para el Equipo N.\u00b0 6, que obtuvo 1.193 puntos y est\u00e1 integrado por Valentina Ib\u00e1\u00f1ez, Anah\u00ed Ruiz, Mateo Ferreira Aguirre, Valent\u00edn Lastra y Bautista Tello Guzm\u00e1n. El segundo equipo clasificado fue el N.\u00b0 2, que alcanz\u00f3 816 puntos y est\u00e1 conformado por Mart\u00edn Moya, Emiliano Moreno R\u00edos, Mariela Orellana Pizzetta, Mariano Peralta Mart\u00ednez y Fiorella Orellana Pizzetta.<br><\/strong>Ambos pertenecen al Colegio Provincial N.\u00b0 1 \u201cJoaqu\u00edn V\u00edctor Gonz\u00e1lez\u201d de Capital y cuentan con el acompa\u00f1amiento de las profesoras mentoras Anah\u00ed M\u00e9ndez y Carolina Godoy. En Neuqu\u00e9n competir\u00e1n con representantes de otras provincias en la instancia que definir\u00e1 al ganador nacional.<\/p>\n\n\n\n<p class=\"has-black-color has-text-color has-link-color has-medium-font-size wp-elements-6 wp-block-paragraph\"><strong><em>M\u00e1s de 80 equipos participaron del proceso<br><\/em><\/strong>Por primera vez, la instancia local de la Copa Rob\u00f3tica fue organizada por el Estado provincial. La convocatoria inicial alcanz\u00f3 a m\u00e1s de 80 equipos de instituciones educativas, de los cuales 30 lograron avanzar hasta la semifinal.<br>El inicio de la competencia cont\u00f3 con la presencia de la vicegobernadora Teresita Madera; el ministro de Educaci\u00f3n, <strong><em>Ariel Mart\u00ednez<\/em><\/strong>; diputados provinciales; autoridades del gabinete provincial y de la cartera educativa; adem\u00e1s de estudiantes, docentes y p\u00fablico en general.<br>Madera declar\u00f3 el evento de Inter\u00e9s Legislativo y destac\u00f3 su vinculaci\u00f3n con las pol\u00edticas provinciales orientadas a la econom\u00eda del conocimiento y la innovaci\u00f3n. \u201cQuer\u00edamos colocarlo dentro de la agenda legislativa, este gran hecho que est\u00e1n realizando. Participar en todo lo que tiene que ver con la industria del conocimiento y la innovaci\u00f3n habla de una de las pol\u00edticas p\u00fablicas m\u00e1s importantes que lleva adelante nuestro Gobierno\u201d, expres\u00f3.<br>La Vicegobernadora tambi\u00e9n hizo referencia a la tem\u00e1tica elegida para la competencia. \u201cLas energ\u00edas renovables son importantes, ya que desde el Estado provincial se genera una gran industria y se ayuda a la econom\u00eda local con m\u00e1s empleo para nuestros j\u00f3venes y la sociedad. Ustedes est\u00e1n ayudando a darle valor agregado a lo que nuestra provincia produce\u201d, sostuvo.<\/p>\n\n\n\n<p class=\"has-black-color has-text-color has-link-color has-medium-font-size wp-elements-7 wp-block-paragraph\">Rob\u00f3tica educativa como pol\u00edtica de Estado<br>Por su parte, el ministro de Educaci\u00f3n, Ariel Mart\u00ednez, destac\u00f3 la participaci\u00f3n alcanzada durante las distintas etapas de la competencia y el crecimiento de la rob\u00f3tica dentro del sistema educativo provincial.<br>\u201cEs un d\u00eda muy importante para el sistema educativo, para la sociedad y para la provincia. Es una pol\u00edtica de Estado que se viene aplicando hace tres a\u00f1os y estos son los resultados\u201d, afirm\u00f3.<br>Mart\u00ednez puso adem\u00e1s en valor el trabajo desarrollado por estudiantes, docentes y mentores, y se\u00f1al\u00f3 que el crecimiento de la rob\u00f3tica educativa forma parte de una apuesta por la educaci\u00f3n p\u00fablica y por la formaci\u00f3n de las juventudes en \u00e1reas vinculadas con el conocimiento y las nuevas tecnolog\u00edas.<\/p>\n\n\n\n<p class=\"has-black-color has-text-color has-link-color has-medium-font-size wp-elements-8 wp-block-paragraph\">Un desaf\u00edo sobre energ\u00edas renovables<br>Gustavo Almaraz explic\u00f3 que los equipos fueron evaluados por \u00e1rbitros en diferentes arenas y que la consigna de esta edici\u00f3n estuvo centrada en el uso y desarrollo de las energ\u00edas renovables.<br>Para superar el desaf\u00edo, los estudiantes recibieron un robot que debieron armar y programar, adem\u00e1s de dise\u00f1ar una pala capaz de levantar y transportar elementos relacionados con la generaci\u00f3n de energ\u00eda.<br>\u201cVamos a ver mucha capacidad, mucho conocimiento y mucha creatividad en el sistema educativo\u201d, destac\u00f3 Almaraz sobre el desempe\u00f1o de los participantes.<br>Con la clasificaci\u00f3n de los dos equipos del Colegio Provincial N.\u00b0 1, La Rioja tendr\u00e1 representaci\u00f3n en la instancia nacional de la Copa Rob\u00f3tica Educabot 2026, dando continuidad a un proceso que involucr\u00f3 a estudiantes y docentes de Capital y del interior y que busca fortalecer la incorporaci\u00f3n de la programaci\u00f3n, la innovaci\u00f3n y la rob\u00f3tica en la formaci\u00f3n de las juventudes riojanas.<\/p>\n\n\n<p class=\"has-text-align-center has-black-color has-text-color has-link-color has-medium-font-size wp-elements-9 wp-block-paragraph\"><strong>Seguinos en nuestras redes sociales!<br><a href=\"https:\/\/www.instagram.com\/oesterioja.com.ar\/\">https:\/\/www.instagram.com\/oesterioja.com.ar\/<\/a><br><a href=\"https:\/\/www.facebook.com\/oesterioja.com.ar\">https:\/\/www.facebook.com\/oesterioja.com.ar<\/a><br><a href=\"https:\/\/x.com\/oesteriojaok\">https:\/\/x.com\/oesteriojaok<\/a><br><a href=\"https:\/\/www.youtube.com\/@oesterioja\">https:\/\/www.youtube.com\/@oesterioja<\/a><br><a href=\"https:\/\/www.tiktok.com\/@oesteriojatiktok\">https:\/\/www.tiktok.com\/@oesteriojatiktok<\/a><\/strong><\/p>\n\n\n\n<figure class=\"wp-block-image\"><a href=\"https:\/\/chat.whatsapp.com\/LiGy1PVnV4gJnbsFBgRI40\" target=\"_blank\" rel=\" noreferrer noopener\"><img loading=\"lazy\" decoding=\"async\" width=\"2560\" height=\"333\" src=\"https:\/\/oesterioja.com.ar\/news\/wp-content\/uploads\/2026\/07\/Gemini_Generated_Image_vwbndtvwbndtvwbn-scaled.png\" alt=\"\" class=\"wp-image-249\" srcset=\"https:\/\/oesterioja.com.ar\/news\/wp-content\/uploads\/2026\/07\/Gemini_Generated_Image_vwbndtvwbndtvwbn-scaled.png 2560w, https:\/\/oesterioja.com.ar\/news\/wp-content\/uploads\/2026\/07\/Gemini_Generated_Image_vwbndtvwbndtvwbn-300x39.png 300w, https:\/\/oesterioja.com.ar\/news\/wp-content\/uploads\/2026\/07\/Gemini_Generated_Image_vwbndtvwbndtvwbn-1024x133.png 1024w, https:\/\/oesterioja.com.ar\/news\/wp-content\/uploads\/2026\/07\/Gemini_Generated_Image_vwbndtvwbndtvwbn-768x100.png 768w, https:\/\/oesterioja.com.ar\/news\/wp-content\/uploads\/2026\/07\/Gemini_Generated_Image_vwbndtvwbndtvwbn-1536x200.png 1536w, https:\/\/oesterioja.com.ar\/news\/wp-content\/uploads\/2026\/07\/Gemini_Generated_Image_vwbndtvwbndtvwbn-2048x266.png 2048w\" sizes=\"auto, (max-width: 2560px) 100vw, 2560px\" \/><\/a><\/figure>\n\n\n\n<figure class=\"wp-block-image size-large\"><a href=\"https:\/\/josemarialr.com.ar\/web\/\"><img loading=\"lazy\" decoding=\"async\" width=\"1024\" height=\"399\" src=\"https:\/\/oesterioja.com.ar\/news\/wp-content\/uploads\/2026\/08\/Gemini_Generated_Image_7q8oo87q8oo87q8o-1024x399.jpg\" alt=\"\" class=\"wp-image-426\" srcset=\"https:\/\/oesterioja.com.ar\/news\/wp-content\/uploads\/2026\/08\/Gemini_Generated_Image_7q8oo87q8oo87q8o-1024x399.jpg 1024w, https:\/\/oesterioja.com.ar\/news\/wp-content\/uploads\/2026\/08\/Gemini_Generated_Image_7q8oo87q8oo87q8o-300x117.jpg 300w, https:\/\/oesterioja.com.ar\/news\/wp-content\/uploads\/2026\/08\/Gemini_Generated_Image_7q8oo87q8oo87q8o-768x299.jpg 768w, https:\/\/oesterioja.com.ar\/news\/wp-content\/uploads\/2026\/08\/Gemini_Generated_Image_7q8oo87q8oo87q8o-1536x598.jpg 1536w, https:\/\/oesterioja.com.ar\/news\/wp-content\/uploads\/2026\/08\/Gemini_Generated_Image_7q8oo87q8oo87q8o.jpg 1644w\" sizes=\"auto, (max-width: 1024px) 100vw, 1024px\" \/><\/a><\/figure>\n\n\n\n<p class=\"has-text-align-center has-black-color has-text-color has-link-color has-medium-font-size wp-elements-10 wp-block-paragraph\"><strong>Make software design for all device<br>JoseMaria Designer<br><a href=\"https:\/\/github.com\/josemarialr\">https:\/\/github.com\/josemarialr<\/a><br><a href=\"https:\/\/www.facebook.com\/josemariafvarela\">https:\/\/www.facebook.com\/josemariafvarela<\/a><br><a href=\"https:\/\/x.com\/josemarialrX\">https:\/\/x.com\/josemarialrX<\/a><\/strong><\/p>\n\n<div class=\"twitter-share\"><a href=\"https:\/\/twitter.com\/intent\/tweet?via=OesteriojaOK\" class=\"twitter-share-button\" data-size=\"large\">Twittear<\/a><\/div>\n","protected":false},"excerpt":{"rendered":"<p>INNOVACI\u00d3N Y EDUCACI\u00d3N Los equipos se impusieron entre los 30 que participaron de la semifinal provincial realizada en el Paseo Cultural Castro Barros y competir\u00e1n el 25 y 26 de septiembre en Neuqu\u00e9n. La competencia, que comenz\u00f3 con m\u00e1s de 80 equipos, desafi\u00f3 a estudiantes secundarios a aplicar conocimientos de rob\u00f3tica y programaci\u00f3n a una [&hellip;]<\/p>\n","protected":false},"author":2,"featured_media":580,"comment_status":"closed","ping_status":"closed","sticky":false,"template":"","format":"standard","meta":{"wp_popup_display_lightbox":0,"wp_popup_suppress":"","wp_popup_trigger":"","wp_popup_trigger_amount":0,"wp_popup_disable_on_mobile":false,"footnotes":"","jetpack_publicize_message":"","jetpack_publicize_feature_enabled":true,"jetpack_social_post_already_shared":true,"jetpack_social_options":{"image_generator_settings":{"template":"highway","default_image_id":0,"font":"","enabled":false},"version":2}},"categories":[4],"tags":[149,150,26,10,9],"class_list":["post-576","post","type-post","status-publish","format-standard","has-post-thumbnail","hentry","category-provinciales","tag-ariel-martinez-2","tag-copa-robotica","tag-gaby-pedrali","tag-la-rioja","tag-ricardo-quintela"],"jetpack_publicize_connections":[],"_links":{"self":[{"href":"https:\/\/oesterioja.com.ar\/news\/wp-json\/wp\/v2\/posts\/576","targetHints":{"allow":["GET"]}}],"collection":[{"href":"https:\/\/oesterioja.com.ar\/news\/wp-json\/wp\/v2\/posts"}],"about":[{"href":"https:\/\/oesterioja.com.ar\/news\/wp-json\/wp\/v2\/types\/post"}],"author":[{"embeddable":true,"href":"https:\/\/oesterioja.com.ar\/news\/wp-json\/wp\/v2\/users\/2"}],"replies":[{"embeddable":true,"href":"https:\/\/oesterioja.com.ar\/news\/wp-json\/wp\/v2\/comments?post=576"}],"version-history":[{"count":1,"href":"https:\/\/oesterioja.com.ar\/news\/wp-json\/wp\/v2\/posts\/576\/revisions"}],"predecessor-version":[{"id":582,"href":"https:\/\/oesterioja.com.ar\/news\/wp-json\/wp\/v2\/posts\/576\/revisions\/582"}],"wp:featuredmedia":[{"embeddable":true,"href":"https:\/\/oesterioja.com.ar\/news\/wp-json\/wp\/v2\/media\/580"}],"wp:attachment":[{"href":"https:\/\/oesterioja.com.ar\/news\/wp-json\/wp\/v2\/media?parent=576"}],"wp:term":[{"taxonomy":"category","embeddable":true,"href":"https:\/\/oesterioja.com.ar\/news\/wp-json\/wp\/v2\/categories?post=576"},{"taxonomy":"post_tag","embeddable":true,"href":"https:\/\/oesterioja.com.ar\/news\/wp-json\/wp\/v2\/tags?post=576"}],"curies":[{"name":"wp","href":"https:\/\/api.w.org\/{rel}","templated":true}]}}