{"id":570,"date":"2026-09-01T00:15:57","date_gmt":"2026-09-01T00:15:57","guid":{"rendered":"https:\/\/oesterioja.com.ar\/news\/?p=570"},"modified":"2026-09-01T00:15:58","modified_gmt":"2026-09-01T00:15:58","slug":"festipeques-2026-cerro-con-una-gran-celebracion-para-las-infancias-y-las-familias-riojanas","status":"publish","type":"post","link":"https:\/\/oesterioja.com.ar\/news\/festipeques-2026-cerro-con-una-gran-celebracion-para-las-infancias-y-las-familias-riojanas\/","title":{"rendered":"Festipeques 2026 cerr\u00f3 con una gran celebraci\u00f3n para las infancias y las familias riojanas"},"content":{"rendered":"\n<blockquote class=\"wp-block-quote has-black-color has-text-color has-link-color wp-elements-1 is-layout-flow wp-block-quote-is-layout-flow\">\n<p class=\"has-black-color has-text-color has-link-color has-medium-font-size wp-elements-2 wp-block-paragraph\">&gt; _JUEGO, RECREACI\u00d3N Y ENCUENTRO_<br><br><br>_La propuesta impulsada por el Gobierno provincial culmin\u00f3 su edici\u00f3n 2026 en el Parque de la Familia Norte, con una jornada de juegos, espect\u00e1culos, deportes y actividades recreativas gratuitas. Cerca de 13 mil personas participaron del cierre de una iniciativa que, a lo largo de tres encuentros, recorri\u00f3 los Parques de la Ciudad durante el Mes de las Infancias._<br><br>Festipeques 2026 cerr\u00f3 su edici\u00f3n con una gran jornada en el Parque de la Familia Norte, completando tres encuentros destinados a que ni\u00f1as, ni\u00f1os y sus familias pudieran acceder gratuitamente a espacios de juego, recreaci\u00f3n, cultura, deporte y convivencia.<br>Impulsada por el Gobierno de La Rioja, a trav\u00e9s del Ministerio de Desarrollo, Igualdad e Integraci\u00f3n Social, la propuesta recorri\u00f3 durante el Mes de las Infancias diferentes Parques de la Ciudad, acercando actividades especialmente pensadas para distintas edades y promoviendo el encuentro de las familias en espacios p\u00fablicos.<\/p>\n\n\n\n<p class=\"has-black-color has-text-color has-link-color has-medium-font-size wp-elements-3 wp-block-paragraph\"><br><strong><em>En la jornada de cierre, cerca de 13 mil personas participaron de una tarde que incluy\u00f3 inflables, juegos tradicionales, maquillaje art\u00edstico, pintura, propuestas deportivas y actividades destinadas a la primera infancia. El escenario tambi\u00e9n tuvo un lugar destacado, con espect\u00e1culos de artistas, payasos, t\u00edteres, academias de danza y grupos locales.<br><\/em><\/strong><\/p>\n\n\n\n<figure class=\"wp-block-gallery has-nested-images columns-default is-cropped wp-block-gallery-1 is-layout-flex wp-block-gallery-is-layout-flex\">\n<figure class=\"wp-block-image size-large\"><a href=\"https:\/\/oesterioja.com.ar\/news\/wp-content\/uploads\/2026\/09\/IMG-20260831-WA0005.jpg\"><img loading=\"lazy\" decoding=\"async\" width=\"1024\" height=\"682\" data-id=\"571\" src=\"https:\/\/oesterioja.com.ar\/news\/wp-content\/uploads\/2026\/09\/IMG-20260831-WA0005-1024x682.jpg\" alt=\"\" class=\"wp-image-571\" srcset=\"https:\/\/oesterioja.com.ar\/news\/wp-content\/uploads\/2026\/09\/IMG-20260831-WA0005-1024x682.jpg 1024w, https:\/\/oesterioja.com.ar\/news\/wp-content\/uploads\/2026\/09\/IMG-20260831-WA0005-300x200.jpg 300w, https:\/\/oesterioja.com.ar\/news\/wp-content\/uploads\/2026\/09\/IMG-20260831-WA0005-767x511.jpg 767w, https:\/\/oesterioja.com.ar\/news\/wp-content\/uploads\/2026\/09\/IMG-20260831-WA0005-1536x1023.jpg 1536w, https:\/\/oesterioja.com.ar\/news\/wp-content\/uploads\/2026\/09\/IMG-20260831-WA0005.jpg 1600w\" sizes=\"auto, (max-width: 1024px) 100vw, 1024px\" \/><\/a><\/figure>\n\n\n\n<figure class=\"wp-block-image size-large\"><a href=\"https:\/\/oesterioja.com.ar\/news\/wp-content\/uploads\/2026\/09\/IMG-20260831-WA0006.jpg\"><img loading=\"lazy\" decoding=\"async\" width=\"1024\" height=\"682\" data-id=\"572\" src=\"https:\/\/oesterioja.com.ar\/news\/wp-content\/uploads\/2026\/09\/IMG-20260831-WA0006-1024x682.jpg\" alt=\"\" class=\"wp-image-572\" srcset=\"https:\/\/oesterioja.com.ar\/news\/wp-content\/uploads\/2026\/09\/IMG-20260831-WA0006-1024x682.jpg 1024w, https:\/\/oesterioja.com.ar\/news\/wp-content\/uploads\/2026\/09\/IMG-20260831-WA0006-300x200.jpg 300w, https:\/\/oesterioja.com.ar\/news\/wp-content\/uploads\/2026\/09\/IMG-20260831-WA0006-767x511.jpg 767w, https:\/\/oesterioja.com.ar\/news\/wp-content\/uploads\/2026\/09\/IMG-20260831-WA0006-1536x1023.jpg 1536w, https:\/\/oesterioja.com.ar\/news\/wp-content\/uploads\/2026\/09\/IMG-20260831-WA0006.jpg 1600w\" sizes=\"auto, (max-width: 1024px) 100vw, 1024px\" \/><\/a><\/figure>\n\n\n\n<figure class=\"wp-block-image size-large\"><a href=\"https:\/\/oesterioja.com.ar\/news\/wp-content\/uploads\/2026\/09\/IMG-20260831-WA0007.jpg\"><img loading=\"lazy\" decoding=\"async\" width=\"1024\" height=\"682\" data-id=\"573\" src=\"https:\/\/oesterioja.com.ar\/news\/wp-content\/uploads\/2026\/09\/IMG-20260831-WA0007-1024x682.jpg\" alt=\"\" class=\"wp-image-573\" srcset=\"https:\/\/oesterioja.com.ar\/news\/wp-content\/uploads\/2026\/09\/IMG-20260831-WA0007-1024x682.jpg 1024w, https:\/\/oesterioja.com.ar\/news\/wp-content\/uploads\/2026\/09\/IMG-20260831-WA0007-300x200.jpg 300w, https:\/\/oesterioja.com.ar\/news\/wp-content\/uploads\/2026\/09\/IMG-20260831-WA0007-767x511.jpg 767w, https:\/\/oesterioja.com.ar\/news\/wp-content\/uploads\/2026\/09\/IMG-20260831-WA0007-1536x1023.jpg 1536w, https:\/\/oesterioja.com.ar\/news\/wp-content\/uploads\/2026\/09\/IMG-20260831-WA0007.jpg 1600w\" sizes=\"auto, (max-width: 1024px) 100vw, 1024px\" \/><\/a><\/figure>\n\n\n\n<figure class=\"wp-block-image size-large\"><a href=\"https:\/\/oesterioja.com.ar\/news\/wp-content\/uploads\/2026\/09\/IMG-20260831-WA0008.jpg\"><img loading=\"lazy\" decoding=\"async\" width=\"1024\" height=\"682\" data-id=\"574\" src=\"https:\/\/oesterioja.com.ar\/news\/wp-content\/uploads\/2026\/09\/IMG-20260831-WA0008-1024x682.jpg\" alt=\"\" class=\"wp-image-574\" srcset=\"https:\/\/oesterioja.com.ar\/news\/wp-content\/uploads\/2026\/09\/IMG-20260831-WA0008-1024x682.jpg 1024w, https:\/\/oesterioja.com.ar\/news\/wp-content\/uploads\/2026\/09\/IMG-20260831-WA0008-300x200.jpg 300w, https:\/\/oesterioja.com.ar\/news\/wp-content\/uploads\/2026\/09\/IMG-20260831-WA0008-767x511.jpg 767w, https:\/\/oesterioja.com.ar\/news\/wp-content\/uploads\/2026\/09\/IMG-20260831-WA0008-1536x1023.jpg 1536w, https:\/\/oesterioja.com.ar\/news\/wp-content\/uploads\/2026\/09\/IMG-20260831-WA0008.jpg 1600w\" sizes=\"auto, (max-width: 1024px) 100vw, 1024px\" \/><\/a><\/figure>\n<\/figure>\n\n\n\n<p class=\"has-black-color has-text-color has-link-color has-medium-font-size wp-elements-4 wp-block-paragraph\"><br><strong>*Juegos, premios y espect\u00e1culos para compartir en familia*<br><em>La jornada incluy\u00f3 adem\u00e1s el sorteo de m\u00e1s de 25 bicicletas y diferentes premios, fiscalizados por AJALAR, que se sumaron a las distintas propuestas recreativas distribuidas en el Parque de la Familia Norte.<\/em><\/strong><\/p>\n\n\n\n<p class=\"has-black-color has-text-color has-link-color has-medium-font-size wp-elements-5 wp-block-paragraph\"><br>Tambi\u00e9n participaron las \u00e1reas dependientes del Ministerio de Desarrollo, Igualdad e Integraci\u00f3n Social y diferentes organismos del Gobierno provincial, que instalaron espacios de atenci\u00f3n, orientaci\u00f3n y recreaci\u00f3n, fortaleciendo el car\u00e1cter integral de una celebraci\u00f3n que tuvo a las infancias como protagonistas.<\/p>\n\n\n\n<p class=\"has-black-color has-text-color has-link-color has-medium-font-size wp-elements-6 wp-block-paragraph\"><br>A lo largo de las jornadas, la programaci\u00f3n art\u00edstica cont\u00f3 con la participaci\u00f3n del Ballet Estable Municipal y el Teatro Estable Municipal, bajo la direcci\u00f3n de Sof\u00eda Pelliza y C\u00e9sar Gramajo, respectivamente; Rizoma, de Hern\u00e1n Gim\u00e9nez; y las escuelas de danza NATYA, Sembrando Estrellas y MADVE.<br>Tambi\u00e9n formaron parte de la propuesta Mateo Herrera, cantante de Sanagasta; el equipo de Cheerleading de la Subdirecci\u00f3n a cargo de Yanina Campos; Diego, con Mimicry; Yoni, de Picarines; Facundo, de Copetines Animadores; y los personajes de Payapalooza: Pimienta, Piment\u00f3n, Pi\u00f1\u00f3n Flojo, Churrassquito y Costeleta.<\/p>\n\n\n\n<p class=\"has-black-color has-text-color has-link-color has-medium-font-size wp-elements-7 wp-block-paragraph\"><br>Desde la organizaci\u00f3n agradecieron especialmente a los artistas, instituciones, equipos de trabajo y colaboradores que hicieron posible el desarrollo de Festipeques 2026 y aportaron su trabajo para que ni\u00f1as, ni\u00f1os y familias pudieran disfrutar de cada una de las jornadas.<br><br>*Las familias, protagonistas de Festipeques*<br>Las propias familias destacaron la posibilidad de acceder gratuitamente a actividades recreativas y compartir una jornada especialmente destinada a las infancias.<br>La familia Uliarte, del barrio Facundo Quiroga, valor\u00f3 estos espacios \u201cdonde los chicos pueden jugar, divertirse y compartir con otras familias\u201d y agradeci\u00f3 al Gobierno provincial por generar una propuesta gratuita que permite la participaci\u00f3n de todos.<br>Desde el barrio Los Olivares, la familia V\u00e9lez lleg\u00f3 junto a sus nietos y destac\u00f3 la posibilidad de compartir una tarde diferente. \u201cVerlos jugar, participar de las actividades y disfrutar de los espect\u00e1culos nos llena de alegr\u00eda\u201d, expresaron,<\/p>\n\n\n\n<p class=\"has-black-color has-text-color has-link-color has-medium-font-size wp-elements-8 wp-block-paragraph\"> al tiempo que valoraron que se generen espacios de encuentro gratuitos para las familias.<br>Tambi\u00e9n la familia R\u00edos Nieto, del barrio Ant\u00e1rtida III, destac\u00f3 la iniciativa y agradeci\u00f3 al gobernador Ricardo Quintela por \u201cseguir generando actividades que ponen a las infancias en el centro\u201d y permiten compartir momentos en familia.<br><br><strong>*Una pol\u00edtica que reconoce el derecho al juego*<\/strong><br><strong><em>Con esta nueva edici\u00f3n, Festipeques reafirm\u00f3 una pol\u00edtica del Gobierno de La Rioja orientada a generar espacios p\u00fablicos y gratuitos de recreaci\u00f3n, juego, cultura, deporte y encuentro para las infancias y sus familias.<br>La iniciativa reconoce al juego no solamente como una actividad recreativa, sino como un derecho y una dimensi\u00f3n fundamental para el desarrollo, la creatividad, la construcci\u00f3n de v\u00ednculos y el bienestar de ni\u00f1as y ni\u00f1os.<br><\/em><\/strong>De esta manera, tras tres jornadas desarrolladas en los Parques de la Ciudad, Festipeques 2026 cerr\u00f3 una edici\u00f3n que volvi\u00f3 a colocar a las infancias y sus familias en el centro de la agenda p\u00fablica, sosteniendo espacios gratuitos de encuentro y disfrute aun en un contexto econ\u00f3mico complejo.<\/p>\n<\/blockquote>\n\n\n\n<p class=\"has-text-align-center has-black-color has-text-color has-link-color has-medium-font-size wp-elements-9 wp-block-paragraph\"><strong>Seguinos en nuestras redes sociales!<br><a href=\"https:\/\/www.instagram.com\/oesterioja.com.ar\/\">https:\/\/www.instagram.com\/oesterioja.com.ar\/<\/a><br><a href=\"https:\/\/www.facebook.com\/oesterioja.com.ar\">https:\/\/www.facebook.com\/oesterioja.com.ar<\/a><br><a href=\"https:\/\/x.com\/oesteriojaok\">https:\/\/x.com\/oesteriojaok<\/a><br><a href=\"https:\/\/www.youtube.com\/@oesterioja\">https:\/\/www.youtube.com\/@oesterioja<\/a><br><a href=\"https:\/\/www.tiktok.com\/@oesteriojatiktok\">https:\/\/www.tiktok.com\/@oesteriojatiktok<\/a><\/strong><\/p>\n\n\n\n<figure class=\"wp-block-image\"><a href=\"https:\/\/chat.whatsapp.com\/LiGy1PVnV4gJnbsFBgRI40\" target=\"_blank\" rel=\" noreferrer noopener\"><img loading=\"lazy\" decoding=\"async\" width=\"2560\" height=\"333\" src=\"https:\/\/oesterioja.com.ar\/news\/wp-content\/uploads\/2026\/07\/Gemini_Generated_Image_vwbndtvwbndtvwbn-scaled.png\" alt=\"\" class=\"wp-image-249\" srcset=\"https:\/\/oesterioja.com.ar\/news\/wp-content\/uploads\/2026\/07\/Gemini_Generated_Image_vwbndtvwbndtvwbn-scaled.png 2560w, https:\/\/oesterioja.com.ar\/news\/wp-content\/uploads\/2026\/07\/Gemini_Generated_Image_vwbndtvwbndtvwbn-300x39.png 300w, https:\/\/oesterioja.com.ar\/news\/wp-content\/uploads\/2026\/07\/Gemini_Generated_Image_vwbndtvwbndtvwbn-1024x133.png 1024w, https:\/\/oesterioja.com.ar\/news\/wp-content\/uploads\/2026\/07\/Gemini_Generated_Image_vwbndtvwbndtvwbn-768x100.png 768w, https:\/\/oesterioja.com.ar\/news\/wp-content\/uploads\/2026\/07\/Gemini_Generated_Image_vwbndtvwbndtvwbn-1536x200.png 1536w, https:\/\/oesterioja.com.ar\/news\/wp-content\/uploads\/2026\/07\/Gemini_Generated_Image_vwbndtvwbndtvwbn-2048x266.png 2048w\" sizes=\"auto, (max-width: 2560px) 100vw, 2560px\" \/><\/a><\/figure>\n\n\n\n<figure class=\"wp-block-image size-large\"><a href=\"https:\/\/josemarialr.com.ar\/web\/\"><img loading=\"lazy\" decoding=\"async\" width=\"1024\" height=\"399\" src=\"https:\/\/oesterioja.com.ar\/news\/wp-content\/uploads\/2026\/08\/Gemini_Generated_Image_7q8oo87q8oo87q8o-1024x399.jpg\" alt=\"\" class=\"wp-image-426\" srcset=\"https:\/\/oesterioja.com.ar\/news\/wp-content\/uploads\/2026\/08\/Gemini_Generated_Image_7q8oo87q8oo87q8o-1024x399.jpg 1024w, https:\/\/oesterioja.com.ar\/news\/wp-content\/uploads\/2026\/08\/Gemini_Generated_Image_7q8oo87q8oo87q8o-300x117.jpg 300w, https:\/\/oesterioja.com.ar\/news\/wp-content\/uploads\/2026\/08\/Gemini_Generated_Image_7q8oo87q8oo87q8o-768x299.jpg 768w, https:\/\/oesterioja.com.ar\/news\/wp-content\/uploads\/2026\/08\/Gemini_Generated_Image_7q8oo87q8oo87q8o-1536x598.jpg 1536w, https:\/\/oesterioja.com.ar\/news\/wp-content\/uploads\/2026\/08\/Gemini_Generated_Image_7q8oo87q8oo87q8o.jpg 1644w\" sizes=\"auto, (max-width: 1024px) 100vw, 1024px\" \/><\/a><\/figure>\n\n\n\n<p class=\"has-text-align-center has-black-color has-text-color has-link-color has-medium-font-size wp-elements-10 wp-block-paragraph\"><strong>Make software design for all device<br>JoseMaria Designer<br><a href=\"https:\/\/github.com\/josemarialr\">https:\/\/github.com\/josemarialr<\/a><br><a href=\"https:\/\/www.facebook.com\/josemariafvarela\">https:\/\/www.facebook.com\/josemariafvarela<\/a><br><a href=\"https:\/\/x.com\/josemarialrX\">https:\/\/x.com\/josemarialrX<\/a><\/strong><\/p>\n\n<div class=\"twitter-share\"><a href=\"https:\/\/twitter.com\/intent\/tweet?via=OesteriojaOK\" class=\"twitter-share-button\" data-size=\"large\">Twittear<\/a><\/div>\n","protected":false},"excerpt":{"rendered":"<p>Seguinos en nuestras redes sociales!https:\/\/www.instagram.com\/oesterioja.com.ar\/https:\/\/www.facebook.com\/oesterioja.com.arhttps:\/\/x.com\/oesteriojaokhttps:\/\/www.youtube.com\/@oesteriojahttps:\/\/www.tiktok.com\/@oesteriojatiktok Make software design for all deviceJoseMaria Designerhttps:\/\/github.com\/josemarialrhttps:\/\/www.facebook.com\/josemariafvarelahttps:\/\/x.com\/josemarialrX<\/p>\n","protected":false},"author":2,"featured_media":573,"comment_status":"closed","ping_status":"closed","sticky":false,"template":"","format":"standard","meta":{"wp_popup_display_lightbox":0,"wp_popup_suppress":"","wp_popup_trigger":"","wp_popup_trigger_amount":0,"wp_popup_disable_on_mobile":false,"footnotes":"","jetpack_publicize_message":"","jetpack_publicize_feature_enabled":true,"jetpack_social_post_already_shared":true,"jetpack_social_options":{"image_generator_settings":{"template":"highway","default_image_id":0,"font":"","enabled":false},"version":2}},"categories":[4],"tags":[116,148,26,10,9],"class_list":["post-570","post","type-post","status-publish","format-standard","has-post-thumbnail","hentry","category-provinciales","tag-alfredo-menem","tag-festipeques","tag-gaby-pedrali","tag-la-rioja","tag-ricardo-quintela"],"jetpack_publicize_connections":[],"_links":{"self":[{"href":"https:\/\/oesterioja.com.ar\/news\/wp-json\/wp\/v2\/posts\/570","targetHints":{"allow":["GET"]}}],"collection":[{"href":"https:\/\/oesterioja.com.ar\/news\/wp-json\/wp\/v2\/posts"}],"about":[{"href":"https:\/\/oesterioja.com.ar\/news\/wp-json\/wp\/v2\/types\/post"}],"author":[{"embeddable":true,"href":"https:\/\/oesterioja.com.ar\/news\/wp-json\/wp\/v2\/users\/2"}],"replies":[{"embeddable":true,"href":"https:\/\/oesterioja.com.ar\/news\/wp-json\/wp\/v2\/comments?post=570"}],"version-history":[{"count":1,"href":"https:\/\/oesterioja.com.ar\/news\/wp-json\/wp\/v2\/posts\/570\/revisions"}],"predecessor-version":[{"id":575,"href":"https:\/\/oesterioja.com.ar\/news\/wp-json\/wp\/v2\/posts\/570\/revisions\/575"}],"wp:featuredmedia":[{"embeddable":true,"href":"https:\/\/oesterioja.com.ar\/news\/wp-json\/wp\/v2\/media\/573"}],"wp:attachment":[{"href":"https:\/\/oesterioja.com.ar\/news\/wp-json\/wp\/v2\/media?parent=570"}],"wp:term":[{"taxonomy":"category","embeddable":true,"href":"https:\/\/oesterioja.com.ar\/news\/wp-json\/wp\/v2\/categories?post=570"},{"taxonomy":"post_tag","embeddable":true,"href":"https:\/\/oesterioja.com.ar\/news\/wp-json\/wp\/v2\/tags?post=570"}],"curies":[{"name":"wp","href":"https:\/\/api.w.org\/{rel}","templated":true}]}}