{"id":567,"date":"2026-09-01T00:11:20","date_gmt":"2026-09-01T00:11:20","guid":{"rendered":"https:\/\/oesterioja.com.ar\/news\/?p=567"},"modified":"2026-09-01T00:11:21","modified_gmt":"2026-09-01T00:11:21","slug":"la-provincia-baja-20-puntos-las-tasas-de-banco-rioja-y-ofrece-nuevas-opciones-para-regularizar-deudas","status":"publish","type":"post","link":"https:\/\/oesterioja.com.ar\/news\/la-provincia-baja-20-puntos-las-tasas-de-banco-rioja-y-ofrece-nuevas-opciones-para-regularizar-deudas\/","title":{"rendered":"La Provincia baja 20 puntos las tasas de Banco Rioja y ofrece nuevas opciones para regularizar deudas"},"content":{"rendered":"\n<blockquote class=\"wp-block-quote is-layout-flow wp-block-quote-is-layout-flow\">\n<p class=\"has-black-color has-text-color has-link-color has-medium-font-size wp-elements-1 wp-block-paragraph\">&gt; _ALIVIO FINANCIERO PARA LAS FAMILIAS RIOJANAS_<\/p>\n<\/blockquote>\n\n\n\n<p class=\"has-black-color has-text-color has-link-color has-medium-font-size wp-elements-2 wp-block-paragraph\"><\/p>\n\n\n\n<p class=\"has-black-color has-text-color has-link-color has-medium-font-size wp-elements-3 wp-block-paragraph\">_Las medidas incluyen nuevas tasas para pr\u00e9stamos personales, condiciones especiales para clientes con una mora de 90 d\u00edas o m\u00e1s y un plan de reestructuraci\u00f3n de deudas de tarjetas Mastercard en hasta 36 meses._<\/p>\n\n\n\n<p class=\"has-black-color has-text-color has-link-color has-medium-font-size wp-elements-4 wp-block-paragraph\">El Gobierno de La Rioja dio a conocer este lunes tres nuevas medidas que ya se encuentran operativas a trav\u00e9s de Banco Rioja, destinadas a reducir el costo del cr\u00e9dito y facilitar la regularizaci\u00f3n de deudas de las familias riojanas.<br>La primera medida consiste en una reducci\u00f3n acumulada de 20 puntos en las tasas de los pr\u00e9stamos personales: 10 puntos aplicados al comienzo de agosto y otros 10 incorporados desde este lunes 31. De esta manera, la tasa ser\u00e1 del 52% para cr\u00e9ditos a 12 meses y del 56% para plazos de hasta 36 meses, equipar\u00e1ndose con las condiciones ofrecidas por Banco Naci\u00f3n.<br>La reducci\u00f3n est\u00e1 disponible para empleados p\u00fablicos, jubilados y trabajadores de empresas privadas que acreditan sus haberes en Banco Rioja. Alcanza tanto a nuevos pr\u00e9stamos como al refinanciamiento de cr\u00e9ditos vigentes para clientes que se encuentren al d\u00eda, sujeto a las condiciones crediticias correspondientes.<br><strong>En ese marco, el ministro Federico Baz\u00e1n explic\u00f3 que la medida fue pensada como \u201cun alivio financiero para las familias\u201d y se\u00f1al\u00f3 que las nuevas tasas se ubican \u201cen el piso del mercado\u201d. Tambi\u00e9n precis\u00f3 que comprende a empleados de la Administraci\u00f3n P\u00fablica, jubilados y trabajadores en relaci\u00f3n de dependencia de empresas privadas que cobran sus haberes a trav\u00e9s de Banco Rioja.<br>La segunda herramienta est\u00e1 destinada a clientes con pr\u00e9stamos personales que registren una mora superior a 90 d\u00edas. Estas personas podr\u00e1n acercarse al banco para acceder a un esquema de reestructuraci\u00f3n con una tasa m\u00e1s baja y plazos de hasta 48 meses, sujeto a la evaluaci\u00f3n individual de cada situaci\u00f3n.<\/strong><br>La tercera medida contempla un plan de reestructuraci\u00f3n para clientes con saldos irregulares en tarjetas Mastercard Banco Rioja. La propuesta permitir\u00e1 refinanciar la deuda con tasa fija y en un plazo de hasta 36 meses, sujeto a evaluaci\u00f3n crediticia.<\/p>\n\n\n\n<p class=\"has-black-color has-text-color has-link-color has-medium-font-size wp-elements-5 wp-block-paragraph\">*Pol\u00edtica sostenida*<br>Durante la conferencia, el jefe de Gabinete, Juan Luna, destac\u00f3 que Banco Rioja equipar\u00f3 sus tasas con las de Banco Naci\u00f3n y remarc\u00f3: \u201cEl que quiera sacar un pr\u00e9stamo de Banco Rioja lo puede hacer con las mejores condiciones del mercado\u201d. Asimismo, sostuvo que estas decisiones buscan dar respuestas dentro del sistema formal y evitar condiciones poco claras o costos financieros desproporcionados.<br>Por su parte, el secretario de la Gobernaci\u00f3n, Ricardo Herrera, se\u00f1al\u00f3 que las medidas forman parte de una pol\u00edtica sostenida y no de una acci\u00f3n aislada. \u201cMientras al Gobierno nacional le va bien con los bonos y el riesgo pa\u00eds, a la gente le va muy mal con la heladera, el salario y la deuda que est\u00e1 acumulando\u201d, expres\u00f3. Adem\u00e1s, puso en valor el esfuerzo provincial para abordar el endeudamiento formal e informal y las elevadas tasas de inter\u00e9s.<br>En la misma l\u00ednea, el ministro de Hacienda y Finanzas, Fabi\u00e1n Blanco, afirm\u00f3 que se busca \u201cdar una soluci\u00f3n de manera universal, sin dejar a nadie afuera ante esta dif\u00edcil situaci\u00f3n que est\u00e1n atravesando todos los ciudadanos\u201d. Indic\u00f3, adem\u00e1s, que estas herramientas se suman a otras pol\u00edticas provinciales, como los BOCADE y las moratorias.<br>Asimismo, el asesor general de Gobierno, Pedro Goyochea, explic\u00f3 que las medidas forman parte de un esquema integral de protecci\u00f3n establecido mediante el Decreto de Necesidad y Urgencia 1293\/2026, que declar\u00f3 la emergencia crediticia por 180 d\u00edas. Se\u00f1al\u00f3 que esta normativa contempla procedimientos para atender situaciones de mora y refinanciaci\u00f3n, adem\u00e1s de la inscripci\u00f3n y el control de los proveedores formales de pr\u00e9stamos. El prop\u00f3sito, indic\u00f3, es evitar que las familias queden atrapadas \u201cen un espiral que no tiene fin\u201d por las condiciones de financiamiento.<br>En tanto que el ministro de Seguridad, Justicia y Derechos Humanos, Miguel Z\u00e1rate, inform\u00f3 que la Divisi\u00f3n de Delitos Econ\u00f3micos se encuentra a disposici\u00f3n para recibir denuncias de personas afectadas por pr\u00e1cticas de usura. \u201cCon nuestra fuerza de seguridad estamos tomando las denuncias de todas aquellas personas que son v\u00edctimas\u201d, expres\u00f3, y pidi\u00f3 a la comunidad que se anime a denunciar este tipo de delitos.<\/p>\n\n\n\n<p class=\"has-black-color has-text-color has-link-color has-medium-font-size wp-elements-6 wp-block-paragraph\">*Hacer frente al endeudamiento*<br>Las tres alternativas de Banco Rioja atienden situaciones diferentes: personas que se encuentran al d\u00eda y necesitan mejores condiciones de financiamiento, clientes con atrasos que buscan regularizar sus obligaciones y usuarios que requieren reestructurar deudas de tarjetas de cr\u00e9dito.<br>Las medidas se implementan en un contexto nacional de creciente endeudamiento y deterioro de la capacidad de pago de los hogares. Desde el Gobierno provincial advirtieron que muchas familias recurren actualmente al cr\u00e9dito para afrontar gastos cotidianos y llegar a fin de mes, por lo que decidieron utilizar el banco p\u00fablico para ofrecer tasas m\u00e1s bajas, condiciones transparentes y alternativas concretas de refinanciamiento.<br>Las personas interesadas pueden consultar por los pr\u00e9stamos personales y las opciones de regularizaci\u00f3n en el Anexo Belgrano de Banco Rioja, y por la reestructuraci\u00f3n de saldos de tarjetas a trav\u00e9s de Mastercard Banco Rioja. La entidad informar\u00e1 los requisitos y las condiciones particulares mediante sus canales oficiales.<\/p>\n\n\n<p class=\"has-text-align-center has-black-color has-text-color has-link-color has-medium-font-size wp-elements-7 wp-block-paragraph\"><strong>Seguinos en nuestras redes sociales!<br><a href=\"https:\/\/www.instagram.com\/oesterioja.com.ar\/\">https:\/\/www.instagram.com\/oesterioja.com.ar\/<\/a><br><a href=\"https:\/\/www.facebook.com\/oesterioja.com.ar\">https:\/\/www.facebook.com\/oesterioja.com.ar<\/a><br><a href=\"https:\/\/x.com\/oesteriojaok\">https:\/\/x.com\/oesteriojaok<\/a><br><a href=\"https:\/\/www.youtube.com\/@oesterioja\">https:\/\/www.youtube.com\/@oesterioja<\/a><br><a href=\"https:\/\/www.tiktok.com\/@oesteriojatiktok\">https:\/\/www.tiktok.com\/@oesteriojatiktok<\/a><\/strong><\/p>\n\n\n\n<figure class=\"wp-block-image\"><a href=\"https:\/\/chat.whatsapp.com\/LiGy1PVnV4gJnbsFBgRI40\" target=\"_blank\" rel=\" noreferrer noopener\"><img loading=\"lazy\" decoding=\"async\" width=\"2560\" height=\"333\" src=\"https:\/\/oesterioja.com.ar\/news\/wp-content\/uploads\/2026\/07\/Gemini_Generated_Image_vwbndtvwbndtvwbn-scaled.png\" alt=\"\" class=\"wp-image-249\" srcset=\"https:\/\/oesterioja.com.ar\/news\/wp-content\/uploads\/2026\/07\/Gemini_Generated_Image_vwbndtvwbndtvwbn-scaled.png 2560w, https:\/\/oesterioja.com.ar\/news\/wp-content\/uploads\/2026\/07\/Gemini_Generated_Image_vwbndtvwbndtvwbn-300x39.png 300w, https:\/\/oesterioja.com.ar\/news\/wp-content\/uploads\/2026\/07\/Gemini_Generated_Image_vwbndtvwbndtvwbn-1024x133.png 1024w, https:\/\/oesterioja.com.ar\/news\/wp-content\/uploads\/2026\/07\/Gemini_Generated_Image_vwbndtvwbndtvwbn-768x100.png 768w, https:\/\/oesterioja.com.ar\/news\/wp-content\/uploads\/2026\/07\/Gemini_Generated_Image_vwbndtvwbndtvwbn-1536x200.png 1536w, https:\/\/oesterioja.com.ar\/news\/wp-content\/uploads\/2026\/07\/Gemini_Generated_Image_vwbndtvwbndtvwbn-2048x266.png 2048w\" sizes=\"auto, (max-width: 2560px) 100vw, 2560px\" \/><\/a><\/figure>\n\n\n\n<figure class=\"wp-block-image size-large\"><a href=\"https:\/\/josemarialr.com.ar\/web\/\"><img loading=\"lazy\" decoding=\"async\" width=\"1024\" height=\"399\" src=\"https:\/\/oesterioja.com.ar\/news\/wp-content\/uploads\/2026\/08\/Gemini_Generated_Image_7q8oo87q8oo87q8o-1024x399.jpg\" alt=\"\" class=\"wp-image-426\" srcset=\"https:\/\/oesterioja.com.ar\/news\/wp-content\/uploads\/2026\/08\/Gemini_Generated_Image_7q8oo87q8oo87q8o-1024x399.jpg 1024w, https:\/\/oesterioja.com.ar\/news\/wp-content\/uploads\/2026\/08\/Gemini_Generated_Image_7q8oo87q8oo87q8o-300x117.jpg 300w, https:\/\/oesterioja.com.ar\/news\/wp-content\/uploads\/2026\/08\/Gemini_Generated_Image_7q8oo87q8oo87q8o-768x299.jpg 768w, https:\/\/oesterioja.com.ar\/news\/wp-content\/uploads\/2026\/08\/Gemini_Generated_Image_7q8oo87q8oo87q8o-1536x598.jpg 1536w, https:\/\/oesterioja.com.ar\/news\/wp-content\/uploads\/2026\/08\/Gemini_Generated_Image_7q8oo87q8oo87q8o.jpg 1644w\" sizes=\"auto, (max-width: 1024px) 100vw, 1024px\" \/><\/a><\/figure>\n\n\n\n<p class=\"has-text-align-center has-black-color has-text-color has-link-color has-medium-font-size wp-elements-8 wp-block-paragraph\"><strong>Make software design for all device<br>JoseMaria Designer<br><a href=\"https:\/\/github.com\/josemarialr\">https:\/\/github.com\/josemarialr<\/a><br><a href=\"https:\/\/www.facebook.com\/josemariafvarela\">https:\/\/www.facebook.com\/josemariafvarela<\/a><br><a href=\"https:\/\/x.com\/josemarialrX\">https:\/\/x.com\/josemarialrX<\/a><\/strong><\/p>\n\n<div class=\"twitter-share\"><a href=\"https:\/\/twitter.com\/intent\/tweet?via=OesteriojaOK\" class=\"twitter-share-button\" data-size=\"large\">Twittear<\/a><\/div>\n","protected":false},"excerpt":{"rendered":"<p>&gt; _ALIVIO FINANCIERO PARA LAS FAMILIAS RIOJANAS_ _Las medidas incluyen nuevas tasas para pr\u00e9stamos personales, condiciones especiales para clientes con una mora de 90 d\u00edas o m\u00e1s y un plan de reestructuraci\u00f3n de deudas de tarjetas Mastercard en hasta 36 meses._ El Gobierno de La Rioja dio a conocer este lunes tres nuevas medidas que [&hellip;]<\/p>\n","protected":false},"author":2,"featured_media":568,"comment_status":"closed","ping_status":"closed","sticky":false,"template":"","format":"standard","meta":{"wp_popup_display_lightbox":0,"wp_popup_suppress":"","wp_popup_trigger":"","wp_popup_trigger_amount":0,"wp_popup_disable_on_mobile":false,"footnotes":"","jetpack_publicize_message":"","jetpack_publicize_feature_enabled":true,"jetpack_social_post_already_shared":true,"jetpack_social_options":{"image_generator_settings":{"template":"highway","default_image_id":0,"font":"","enabled":false},"version":2}},"categories":[4],"tags":[26,10,9],"class_list":["post-567","post","type-post","status-publish","format-standard","has-post-thumbnail","hentry","category-provinciales","tag-gaby-pedrali","tag-la-rioja","tag-ricardo-quintela"],"jetpack_publicize_connections":[],"_links":{"self":[{"href":"https:\/\/oesterioja.com.ar\/news\/wp-json\/wp\/v2\/posts\/567","targetHints":{"allow":["GET"]}}],"collection":[{"href":"https:\/\/oesterioja.com.ar\/news\/wp-json\/wp\/v2\/posts"}],"about":[{"href":"https:\/\/oesterioja.com.ar\/news\/wp-json\/wp\/v2\/types\/post"}],"author":[{"embeddable":true,"href":"https:\/\/oesterioja.com.ar\/news\/wp-json\/wp\/v2\/users\/2"}],"replies":[{"embeddable":true,"href":"https:\/\/oesterioja.com.ar\/news\/wp-json\/wp\/v2\/comments?post=567"}],"version-history":[{"count":1,"href":"https:\/\/oesterioja.com.ar\/news\/wp-json\/wp\/v2\/posts\/567\/revisions"}],"predecessor-version":[{"id":569,"href":"https:\/\/oesterioja.com.ar\/news\/wp-json\/wp\/v2\/posts\/567\/revisions\/569"}],"wp:featuredmedia":[{"embeddable":true,"href":"https:\/\/oesterioja.com.ar\/news\/wp-json\/wp\/v2\/media\/568"}],"wp:attachment":[{"href":"https:\/\/oesterioja.com.ar\/news\/wp-json\/wp\/v2\/media?parent=567"}],"wp:term":[{"taxonomy":"category","embeddable":true,"href":"https:\/\/oesterioja.com.ar\/news\/wp-json\/wp\/v2\/categories?post=567"},{"taxonomy":"post_tag","embeddable":true,"href":"https:\/\/oesterioja.com.ar\/news\/wp-json\/wp\/v2\/tags?post=567"}],"curies":[{"name":"wp","href":"https:\/\/api.w.org\/{rel}","templated":true}]}}