{"id":547,"date":"2026-08-28T12:25:17","date_gmt":"2026-08-28T12:25:17","guid":{"rendered":"https:\/\/oesterioja.com.ar\/news\/?p=547"},"modified":"2026-08-28T12:25:18","modified_gmt":"2026-08-28T12:25:18","slug":"quintela-inauguro-en-vichigasta-el-polideportivo-manuel-vicente-luna","status":"publish","type":"post","link":"https:\/\/oesterioja.com.ar\/news\/quintela-inauguro-en-vichigasta-el-polideportivo-manuel-vicente-luna\/","title":{"rendered":"Quintela inaugur\u00f3 en Vichigasta el Polideportivo Manuel Vicente Luna"},"content":{"rendered":"\n<blockquote class=\"wp-block-quote is-layout-flow wp-block-quote-is-layout-flow\">\n<p class=\"has-black-color has-text-color has-link-color has-medium-font-size wp-elements-1 wp-block-paragraph\"><em><strong>DEPORTE, INCLUSI\u00d3N Y COMUNIDAD<\/strong><\/em><\/p>\n<\/blockquote>\n\n\n\n<p class=\"has-black-color has-text-color has-link-color has-medium-font-size wp-elements-2 wp-block-paragraph\"><em><strong>El Gobernador habilit\u00f3 un espacio deportivo y recreativo integral, equipado para la pr\u00e1ctica de distintas disciplinas y pensado como punto de encuentro para toda la comunidad. Durante el acto, destac\u00f3 su funci\u00f3n social y formativa y reivindic\u00f3 la presencia del Estado para garantizar derechos y oportunidades.<\/strong><\/em><\/p>\n\n\n\n<p class=\"has-black-color has-text-color has-link-color has-medium-font-size wp-elements-3 wp-block-paragraph\"><strong>El gobernador Ricardo Quintela inaugur\u00f3 este jueves el Polideportivo Manuel Vicente Luna en la localidad de Vichigasta, departamento Chilecito. La obra incorpor\u00f3 nueva infraestructura deportiva, recreativa y comunitaria, con condiciones de accesibilidad y espacios destinados a personas de diferentes edades.<\/strong><\/p>\n\n\n\n<figure class=\"wp-block-image size-large\"><a href=\"https:\/\/oesterioja.com.ar\/news\/wp-content\/uploads\/2026\/08\/IMG-20260828-WA0011.jpg\"><img loading=\"lazy\" decoding=\"async\" width=\"1024\" height=\"744\" src=\"https:\/\/oesterioja.com.ar\/news\/wp-content\/uploads\/2026\/08\/IMG-20260828-WA0011-1024x744.jpg\" alt=\"\" class=\"wp-image-549\" srcset=\"https:\/\/oesterioja.com.ar\/news\/wp-content\/uploads\/2026\/08\/IMG-20260828-WA0011-1024x744.jpg 1024w, https:\/\/oesterioja.com.ar\/news\/wp-content\/uploads\/2026\/08\/IMG-20260828-WA0011-300x218.jpg 300w, https:\/\/oesterioja.com.ar\/news\/wp-content\/uploads\/2026\/08\/IMG-20260828-WA0011-768x558.jpg 768w, https:\/\/oesterioja.com.ar\/news\/wp-content\/uploads\/2026\/08\/IMG-20260828-WA0011.jpg 1280w\" sizes=\"auto, (max-width: 1024px) 100vw, 1024px\" \/><\/a><\/figure>\n\n\n\n<p class=\"has-black-color has-text-color has-link-color has-medium-font-size wp-elements-4 wp-block-paragraph\"><br>Durante el acto, el mandatario estuvo acompa\u00f1ado por la vicegobernadora Teresita Madera; la diputada nacional Gabriela Pedrali; el intendente de Chilecito, Rodrigo Brizuela y Doria; el viceintendente Sebasti\u00e1n Guti\u00e9rrez; legisladores provinciales; autoridades municipales; dirigentes deportivos y vecinos de la localidad.<br><\/p>\n\n\n\n<p class=\"has-black-color has-text-color has-link-color has-medium-font-size wp-elements-5 wp-block-paragraph\">El nuevo polideportivo cuenta con cerramiento perimetral, cancha de p\u00e1del, cancha destinada a hockey y f\u00fatbol, una explanada multifunci\u00f3n para v\u00f3ley y b\u00e1squet, sanitarios accesibles, buffet, juegos infantiles, p\u00e9rgolas, espacios de permanencia, iluminaci\u00f3n LED y circulaciones con accesibilidad universal. Las canchas de p\u00e1del y hockey constituyen las primeras instalaciones deportivas municipales de estas caracter\u00edsticas construidas fuera de la ciudad cabecera del departamento.<\/p>\n\n\n\n<figure class=\"wp-block-image size-large\"><a href=\"https:\/\/oesterioja.com.ar\/news\/wp-content\/uploads\/2026\/08\/IMG-20260828-WA0014.jpg\"><img loading=\"lazy\" decoding=\"async\" width=\"1024\" height=\"690\" src=\"https:\/\/oesterioja.com.ar\/news\/wp-content\/uploads\/2026\/08\/IMG-20260828-WA0014-1024x690.jpg\" alt=\"\" class=\"wp-image-548\" srcset=\"https:\/\/oesterioja.com.ar\/news\/wp-content\/uploads\/2026\/08\/IMG-20260828-WA0014-1024x690.jpg 1024w, https:\/\/oesterioja.com.ar\/news\/wp-content\/uploads\/2026\/08\/IMG-20260828-WA0014-300x202.jpg 300w, https:\/\/oesterioja.com.ar\/news\/wp-content\/uploads\/2026\/08\/IMG-20260828-WA0014-768x517.jpg 768w, https:\/\/oesterioja.com.ar\/news\/wp-content\/uploads\/2026\/08\/IMG-20260828-WA0014.jpg 1280w\" sizes=\"auto, (max-width: 1024px) 100vw, 1024px\" \/><\/a><\/figure>\n\n\n\n<p class=\"has-black-color has-text-color has-link-color has-medium-font-size wp-elements-6 wp-block-paragraph\"><br>En ese marco, Quintela expres\u00f3 su satisfacci\u00f3n por la inauguraci\u00f3n y destac\u00f3 la magnitud y calidad de la obra. \u201cEs una obra maravillosa, que no se hace en todos lados. Espero que la disfruten, que la cuiden y que sean fundamentalmente las chicas, los chicos y los j\u00f3venes quienes puedan aprovecharla\u201d, manifest\u00f3.<br>El gobernador remarc\u00f3 que el valor del nuevo espacio excede su infraestructura y reside principalmente en la funci\u00f3n social y formativa que cumplir\u00e1. \u201cLo m\u00e1s importante es para qu\u00e9 se hizo esta obra: para que las chicas y los chicos puedan encontrarse, practicar deportes, aprender valores y desenvolverse en sociedad. Aqu\u00ed aprenden sobre solidaridad, esfuerzo, trabajo en equipo y cuidado del cuerpo y de la mente\u201d, se\u00f1al\u00f3.<\/p>\n\n\n\n<figure class=\"wp-block-image size-large\"><a href=\"https:\/\/oesterioja.com.ar\/news\/wp-content\/uploads\/2026\/08\/IMG-20260828-WA0012.jpg\"><img loading=\"lazy\" decoding=\"async\" width=\"1024\" height=\"683\" src=\"https:\/\/oesterioja.com.ar\/news\/wp-content\/uploads\/2026\/08\/IMG-20260828-WA0012-1024x683.jpg\" alt=\"\" class=\"wp-image-550\" srcset=\"https:\/\/oesterioja.com.ar\/news\/wp-content\/uploads\/2026\/08\/IMG-20260828-WA0012-1024x683.jpg 1024w, https:\/\/oesterioja.com.ar\/news\/wp-content\/uploads\/2026\/08\/IMG-20260828-WA0012-300x200.jpg 300w, https:\/\/oesterioja.com.ar\/news\/wp-content\/uploads\/2026\/08\/IMG-20260828-WA0012-768x512.jpg 768w, https:\/\/oesterioja.com.ar\/news\/wp-content\/uploads\/2026\/08\/IMG-20260828-WA0012.jpg 1280w\" sizes=\"auto, (max-width: 1024px) 100vw, 1024px\" \/><\/a><\/figure>\n\n\n\n<p class=\"has-black-color has-text-color has-link-color has-medium-font-size wp-elements-7 wp-block-paragraph\"><br>Asimismo, sostuvo que el polideportivo fue posible gracias al compromiso y a la articulaci\u00f3n entre el Gobierno provincial y el Municipio de Chilecito. En ese sentido, reconoci\u00f3 la gesti\u00f3n del intendente Rodrigo Brizuela y Doria y de todo su equipo. \u201cEsto se hizo porque hay compromiso y porque hay un Estado presente. Con pocos recursos, pero con imaginaci\u00f3n, creatividad y una administraci\u00f3n eficiente, se los pone al servicio de la comunidad en obras como esta\u201d, afirm\u00f3.<\/p>\n\n\n\n<figure class=\"wp-block-image size-large\"><a href=\"https:\/\/oesterioja.com.ar\/news\/wp-content\/uploads\/2026\/08\/IMG-20260828-WA0008.jpg\"><img loading=\"lazy\" decoding=\"async\" width=\"1024\" height=\"706\" src=\"https:\/\/oesterioja.com.ar\/news\/wp-content\/uploads\/2026\/08\/IMG-20260828-WA0008-1024x706.jpg\" alt=\"\" class=\"wp-image-551\" srcset=\"https:\/\/oesterioja.com.ar\/news\/wp-content\/uploads\/2026\/08\/IMG-20260828-WA0008-1024x706.jpg 1024w, https:\/\/oesterioja.com.ar\/news\/wp-content\/uploads\/2026\/08\/IMG-20260828-WA0008-300x207.jpg 300w, https:\/\/oesterioja.com.ar\/news\/wp-content\/uploads\/2026\/08\/IMG-20260828-WA0008-768x529.jpg 768w, https:\/\/oesterioja.com.ar\/news\/wp-content\/uploads\/2026\/08\/IMG-20260828-WA0008.jpg 1280w\" sizes=\"auto, (max-width: 1024px) 100vw, 1024px\" \/><\/a><\/figure>\n\n\n\n<p class=\"has-black-color has-text-color has-link-color has-medium-font-size wp-elements-8 wp-block-paragraph\"><em>Un espacio para toda la familia<\/em><br>Por su parte, el intendente Rodrigo Brizuela y Doria explic\u00f3 que el proyecto surgi\u00f3 a partir de un pedido de un grupo de j\u00f3venes para mejorar la iluminaci\u00f3n del antiguo play\u00f3n de asfalto. Frente a esa demanda, el Municipio decidi\u00f3 avanzar con una intervenci\u00f3n integral que permitiera incorporar diferentes disciplinas deportivas.<br>\u201cLes pedimos tiempo y paciencia porque quer\u00edamos construir un lugar para toda la familia de Vichigasta, con distintas actividades y condiciones para que tambi\u00e9n pudieran utilizarlo las escuelas\u201d, relat\u00f3.<\/p>\n\n\n\n<figure class=\"wp-block-image size-large\"><a href=\"https:\/\/oesterioja.com.ar\/news\/wp-content\/uploads\/2026\/08\/IMG-20260828-WA0013.jpg\"><img loading=\"lazy\" decoding=\"async\" width=\"1024\" height=\"683\" src=\"https:\/\/oesterioja.com.ar\/news\/wp-content\/uploads\/2026\/08\/IMG-20260828-WA0013-1024x683.jpg\" alt=\"\" class=\"wp-image-552\" srcset=\"https:\/\/oesterioja.com.ar\/news\/wp-content\/uploads\/2026\/08\/IMG-20260828-WA0013-1024x683.jpg 1024w, https:\/\/oesterioja.com.ar\/news\/wp-content\/uploads\/2026\/08\/IMG-20260828-WA0013-300x200.jpg 300w, https:\/\/oesterioja.com.ar\/news\/wp-content\/uploads\/2026\/08\/IMG-20260828-WA0013-768x512.jpg 768w, https:\/\/oesterioja.com.ar\/news\/wp-content\/uploads\/2026\/08\/IMG-20260828-WA0013.jpg 1280w\" sizes=\"auto, (max-width: 1024px) 100vw, 1024px\" \/><\/a><\/figure>\n\n\n\n<p class=\"has-black-color has-text-color has-link-color has-medium-font-size wp-elements-9 wp-block-paragraph\"><br>El jefe comunal destac\u00f3 adem\u00e1s que el predio no solo ofrece infraestructura para la pr\u00e1ctica deportiva, sino tambi\u00e9n juegos infantiles y sectores de permanencia para las familias. \u201cGeneramos un espacio recreativo donde las chicas y los chicos puedan divertirse y sus padres puedan acompa\u00f1arlos\u201d, indic\u00f3.<br>Asimismo, puso en valor la participaci\u00f3n de trabajadores locales en la ejecuci\u00f3n de la obra. \u201cAqu\u00ed hubo gente de nuestra comunidad trabajando y generando empleo. Con una misma obra construimos infraestructura deportiva, creamos un espacio para el encuentro familiar y movilizamos el trabajo local\u201d, subray\u00f3.<br>Por \u00faltimo, Brizuela y Doria agradeci\u00f3 el acompa\u00f1amiento del Gobierno provincial y resalt\u00f3 el trabajo conjunto con el equipo municipal y la comunidad. \u201cDespu\u00e9s de much\u00edsimos a\u00f1os pudimos concretar una obra muy importante para Vichigasta. Nada de esto ser\u00eda posible sin un gran equipo y sin el acompa\u00f1amiento del gobernador\u201d, remarc\u00f3.<\/p>\n\n\n\n<p class=\"has-black-color has-text-color has-link-color has-medium-font-size wp-elements-10 wp-block-paragraph\"><em>Funci\u00f3n central<\/em><br>El secretario de Deportes de la Provincia, Jorge C\u00f3rdoba, celebr\u00f3 la inauguraci\u00f3n del nuevo polideportivo y destac\u00f3 que estos espacios cumplen una funci\u00f3n central en las comunidades, ya que permiten ampliar la pr\u00e1ctica deportiva y brindar \u00e1mbitos de encuentro y contenci\u00f3n.<br>\u201cTratamos de estar presentes en todos lados, con playones deportivos, acompa\u00f1ando a los clubes y colaborando con iluminaci\u00f3n, acondicionamiento de canchas y sistemas de riego. Tambi\u00e9n acompa\u00f1amos a las y los deportistas del departamento\u201d, se\u00f1al\u00f3.<br>En ese marco, reconoci\u00f3 el trabajo de quienes participaron en la construcci\u00f3n y puesta a punto del predio, especialmente de los equipos que colocaron el c\u00e9sped, pintaron las canchas e instalaron los juegos. \u201cEste polideportivo contar\u00e1 con un amplio abanico de disciplinas y con un gran equipo de profesores. Ahora les pedimos a las vecinas y los vecinos que lo disfruten y lo cuiden, porque este espacio les pertenece\u201d, concluy\u00f3.<\/p>\n\n\n\n<figure class=\"wp-block-gallery has-nested-images columns-2 is-cropped wp-block-gallery-1 is-layout-flex wp-block-gallery-is-layout-flex\">\n<figure class=\"wp-block-image size-large\"><a href=\"https:\/\/oesterioja.com.ar\/news\/wp-content\/uploads\/2026\/08\/IMG-20260828-WA0008-1.jpg\"><img loading=\"lazy\" decoding=\"async\" width=\"1024\" height=\"706\" data-id=\"553\" src=\"https:\/\/oesterioja.com.ar\/news\/wp-content\/uploads\/2026\/08\/IMG-20260828-WA0008-1-1024x706.jpg\" alt=\"\" class=\"wp-image-553\" srcset=\"https:\/\/oesterioja.com.ar\/news\/wp-content\/uploads\/2026\/08\/IMG-20260828-WA0008-1-1024x706.jpg 1024w, https:\/\/oesterioja.com.ar\/news\/wp-content\/uploads\/2026\/08\/IMG-20260828-WA0008-1-300x207.jpg 300w, https:\/\/oesterioja.com.ar\/news\/wp-content\/uploads\/2026\/08\/IMG-20260828-WA0008-1-768x529.jpg 768w, https:\/\/oesterioja.com.ar\/news\/wp-content\/uploads\/2026\/08\/IMG-20260828-WA0008-1.jpg 1280w\" sizes=\"auto, (max-width: 1024px) 100vw, 1024px\" \/><\/a><\/figure>\n\n\n\n<figure class=\"wp-block-image size-large\"><a href=\"https:\/\/oesterioja.com.ar\/news\/wp-content\/uploads\/2026\/08\/IMG-20260828-WA0009.jpg\"><img loading=\"lazy\" decoding=\"async\" width=\"1024\" height=\"702\" data-id=\"554\" src=\"https:\/\/oesterioja.com.ar\/news\/wp-content\/uploads\/2026\/08\/IMG-20260828-WA0009-1024x702.jpg\" alt=\"\" class=\"wp-image-554\" srcset=\"https:\/\/oesterioja.com.ar\/news\/wp-content\/uploads\/2026\/08\/IMG-20260828-WA0009-1024x702.jpg 1024w, https:\/\/oesterioja.com.ar\/news\/wp-content\/uploads\/2026\/08\/IMG-20260828-WA0009-300x206.jpg 300w, https:\/\/oesterioja.com.ar\/news\/wp-content\/uploads\/2026\/08\/IMG-20260828-WA0009-768x527.jpg 768w, https:\/\/oesterioja.com.ar\/news\/wp-content\/uploads\/2026\/08\/IMG-20260828-WA0009.jpg 1280w\" sizes=\"auto, (max-width: 1024px) 100vw, 1024px\" \/><\/a><\/figure>\n\n\n\n<figure class=\"wp-block-image size-large\"><a href=\"https:\/\/oesterioja.com.ar\/news\/wp-content\/uploads\/2026\/08\/IMG-20260828-WA0010.jpg\"><img loading=\"lazy\" decoding=\"async\" width=\"1024\" height=\"683\" data-id=\"556\" src=\"https:\/\/oesterioja.com.ar\/news\/wp-content\/uploads\/2026\/08\/IMG-20260828-WA0010-1024x683.jpg\" alt=\"\" class=\"wp-image-556\" srcset=\"https:\/\/oesterioja.com.ar\/news\/wp-content\/uploads\/2026\/08\/IMG-20260828-WA0010-1024x683.jpg 1024w, https:\/\/oesterioja.com.ar\/news\/wp-content\/uploads\/2026\/08\/IMG-20260828-WA0010-300x200.jpg 300w, https:\/\/oesterioja.com.ar\/news\/wp-content\/uploads\/2026\/08\/IMG-20260828-WA0010-768x512.jpg 768w, https:\/\/oesterioja.com.ar\/news\/wp-content\/uploads\/2026\/08\/IMG-20260828-WA0010.jpg 1280w\" sizes=\"auto, (max-width: 1024px) 100vw, 1024px\" \/><\/a><\/figure>\n\n\n\n<figure class=\"wp-block-image size-large\"><a href=\"https:\/\/oesterioja.com.ar\/news\/wp-content\/uploads\/2026\/08\/IMG-20260828-WA0011-1.jpg\"><img loading=\"lazy\" decoding=\"async\" width=\"1024\" height=\"744\" data-id=\"555\" src=\"https:\/\/oesterioja.com.ar\/news\/wp-content\/uploads\/2026\/08\/IMG-20260828-WA0011-1-1024x744.jpg\" alt=\"\" class=\"wp-image-555\" srcset=\"https:\/\/oesterioja.com.ar\/news\/wp-content\/uploads\/2026\/08\/IMG-20260828-WA0011-1-1024x744.jpg 1024w, https:\/\/oesterioja.com.ar\/news\/wp-content\/uploads\/2026\/08\/IMG-20260828-WA0011-1-300x218.jpg 300w, https:\/\/oesterioja.com.ar\/news\/wp-content\/uploads\/2026\/08\/IMG-20260828-WA0011-1-768x558.jpg 768w, https:\/\/oesterioja.com.ar\/news\/wp-content\/uploads\/2026\/08\/IMG-20260828-WA0011-1.jpg 1280w\" sizes=\"auto, (max-width: 1024px) 100vw, 1024px\" \/><\/a><\/figure>\n\n\n\n<figure class=\"wp-block-image size-large\"><a href=\"https:\/\/oesterioja.com.ar\/news\/wp-content\/uploads\/2026\/08\/IMG-20260828-WA0012-1.jpg\"><img loading=\"lazy\" decoding=\"async\" width=\"1024\" height=\"683\" data-id=\"557\" src=\"https:\/\/oesterioja.com.ar\/news\/wp-content\/uploads\/2026\/08\/IMG-20260828-WA0012-1-1024x683.jpg\" alt=\"\" class=\"wp-image-557\" srcset=\"https:\/\/oesterioja.com.ar\/news\/wp-content\/uploads\/2026\/08\/IMG-20260828-WA0012-1-1024x683.jpg 1024w, https:\/\/oesterioja.com.ar\/news\/wp-content\/uploads\/2026\/08\/IMG-20260828-WA0012-1-300x200.jpg 300w, https:\/\/oesterioja.com.ar\/news\/wp-content\/uploads\/2026\/08\/IMG-20260828-WA0012-1-768x512.jpg 768w, https:\/\/oesterioja.com.ar\/news\/wp-content\/uploads\/2026\/08\/IMG-20260828-WA0012-1.jpg 1280w\" sizes=\"auto, (max-width: 1024px) 100vw, 1024px\" \/><\/a><\/figure>\n\n\n\n<figure class=\"wp-block-image size-large\"><a href=\"https:\/\/oesterioja.com.ar\/news\/wp-content\/uploads\/2026\/08\/IMG-20260828-WA0013-1.jpg\"><img loading=\"lazy\" decoding=\"async\" width=\"1024\" height=\"683\" data-id=\"559\" src=\"https:\/\/oesterioja.com.ar\/news\/wp-content\/uploads\/2026\/08\/IMG-20260828-WA0013-1-1024x683.jpg\" alt=\"\" class=\"wp-image-559\" srcset=\"https:\/\/oesterioja.com.ar\/news\/wp-content\/uploads\/2026\/08\/IMG-20260828-WA0013-1-1024x683.jpg 1024w, https:\/\/oesterioja.com.ar\/news\/wp-content\/uploads\/2026\/08\/IMG-20260828-WA0013-1-300x200.jpg 300w, https:\/\/oesterioja.com.ar\/news\/wp-content\/uploads\/2026\/08\/IMG-20260828-WA0013-1-768x512.jpg 768w, https:\/\/oesterioja.com.ar\/news\/wp-content\/uploads\/2026\/08\/IMG-20260828-WA0013-1.jpg 1280w\" sizes=\"auto, (max-width: 1024px) 100vw, 1024px\" \/><\/a><\/figure>\n<\/figure>\n\n\n\n<p class=\"has-black-color has-text-color has-link-color has-medium-font-size wp-elements-11 wp-block-paragraph\"><em>Espacio de contenci\u00f3n<\/em><br>El secretario de Deportes de Chilecito, Jorge Fernando Castro, puso en valor la decisi\u00f3n pol\u00edtica de los gobiernos provincial y municipal de continuar invirtiendo en infraestructura. \u201cEncontrarnos con un polideportivo de estas caracter\u00edsticas, con una gran variedad de disciplinas, representa una respuesta muy importante y un espacio de contenci\u00f3n no solo para Vichigasta, sino para todo Chilecito\u201d, expres\u00f3.<br>Asimismo, felicit\u00f3 al intendente Rodrigo Brizuela y Doria, al gobernador Ricardo Quintela y a los equipos que hicieron posible la obra. Tambi\u00e9n celebr\u00f3 el reconocimiento a Manuel Vicente Luna por su trayectoria y compromiso con la comunidad. \u201cEs un homenaje en vida absolutamente merecido. Ahora esperamos que toda la comunidad disfrute y cuide este polideportivo\u201d, concluy\u00f3.<\/p>\n\n\n\n<p class=\"has-black-color has-text-color has-link-color has-medium-font-size wp-elements-12 wp-block-paragraph\"><em>Una iniciativa que se convirti\u00f3 en realidad<\/em><br>A su turno, el secretario de Desarrollo Social de Chilecito, Luis Miguel, habl\u00f3 como vecino de Vichigasta y record\u00f3 que, cuando se anunci\u00f3 la construcci\u00f3n del polideportivo, hubo quienes consideraron que se trataba de una iniciativa dif\u00edcil de concretar. \u201cAlgunos lo miraron como una utop\u00eda, como algo que nunca se iba a realizar. Hoy las vecinas y los vecinos de Vichigasta pueden ver que aquella propuesta se convirti\u00f3 en una realidad concreta\u201d, afirm\u00f3.<br>Miguel defini\u00f3 la obra como una expresi\u00f3n de justicia social y de la presencia efectiva del Estado. Tambi\u00e9n destac\u00f3 el car\u00e1cter federal de la gesti\u00f3n municipal y el acompa\u00f1amiento del Gobierno provincial, con acciones en materia de vivienda, deporte, salud y educaci\u00f3n en diferentes puntos del departamento. \u201cEl intendente conoce lo que falta en cada comunidad y trabaja con su equipo para brindar soluciones. Hoy podemos ver con claridad los resultados de ese compromiso\u201d, concluy\u00f3.<\/p>\n\n\n\n<p class=\"has-black-color has-text-color has-link-color has-medium-font-size wp-elements-13 wp-block-paragraph\"><strong><em>Un reconocimiento en vida<br>Durante la ceremonia se impuso al polideportivo el nombre de Manuel Vicente Luna, en reconocimiento a su trayectoria social, deportiva y pol\u00edtica, as\u00ed como a su permanente compromiso con las instituciones de Vichigasta.<br>Brizuela y Doria explic\u00f3 que la elecci\u00f3n surgi\u00f3 de la propia comunidad. \u201cLos homenajes se hacen a quienes dejaron algo en su pueblo. Vicente estuvo al frente de este espacio y trabaj\u00f3 para que las instituciones crecieran. Es un reconocimiento en vida m\u00e1s que merecido por su compromiso permanente con el bienestar de la comunidad\u201d, expres\u00f3.<br>En ese contexto, Manuel Vicente Luna agradeci\u00f3 la distinci\u00f3n y manifest\u00f3 su emoci\u00f3n por la decisi\u00f3n de que el nuevo espacio lleve su nombre. \u201cSiempre sostuve que los homenajes deben hacerse en vida y hoy me toca recibir este reconocimiento, algo que nunca imagin\u00e9\u201d, afirm\u00f3.<br>\u201cEstoy muy contento y profundamente agradecido de que este polideportivo lleve mi nombre. Gracias a las autoridades y a toda la comunidad de Vichigasta por acompa\u00f1arme en este momento tan especial\u201d, concluy\u00f3.<\/em><\/strong><\/p>\n\n\n\n<p class=\"has-text-align-center has-black-color has-text-color has-link-color has-medium-font-size wp-elements-14 wp-block-paragraph\"><strong>Seguinos en nuestras redes sociales!<br><a href=\"https:\/\/www.instagram.com\/oesterioja.com.ar\/\">https:\/\/www.instagram.com\/oesterioja.com.ar\/<\/a><br><a href=\"https:\/\/www.facebook.com\/oesterioja.com.ar\">https:\/\/www.facebook.com\/oesterioja.com.ar<\/a><br><a href=\"https:\/\/x.com\/oesteriojaok\">https:\/\/x.com\/oesteriojaok<\/a><br><a href=\"https:\/\/www.youtube.com\/@oesterioja\">https:\/\/www.youtube.com\/@oesterioja<\/a><br><a href=\"https:\/\/www.tiktok.com\/@oesteriojatiktok\">https:\/\/www.tiktok.com\/@oesteriojatiktok<\/a><\/strong><\/p>\n\n\n\n<figure class=\"wp-block-image\"><a href=\"https:\/\/chat.whatsapp.com\/LiGy1PVnV4gJnbsFBgRI40\" target=\"_blank\" rel=\" noreferrer noopener\"><img loading=\"lazy\" decoding=\"async\" width=\"2560\" height=\"333\" src=\"https:\/\/oesterioja.com.ar\/news\/wp-content\/uploads\/2026\/07\/Gemini_Generated_Image_vwbndtvwbndtvwbn-scaled.png\" alt=\"\" class=\"wp-image-249\" srcset=\"https:\/\/oesterioja.com.ar\/news\/wp-content\/uploads\/2026\/07\/Gemini_Generated_Image_vwbndtvwbndtvwbn-scaled.png 2560w, https:\/\/oesterioja.com.ar\/news\/wp-content\/uploads\/2026\/07\/Gemini_Generated_Image_vwbndtvwbndtvwbn-300x39.png 300w, https:\/\/oesterioja.com.ar\/news\/wp-content\/uploads\/2026\/07\/Gemini_Generated_Image_vwbndtvwbndtvwbn-1024x133.png 1024w, https:\/\/oesterioja.com.ar\/news\/wp-content\/uploads\/2026\/07\/Gemini_Generated_Image_vwbndtvwbndtvwbn-768x100.png 768w, https:\/\/oesterioja.com.ar\/news\/wp-content\/uploads\/2026\/07\/Gemini_Generated_Image_vwbndtvwbndtvwbn-1536x200.png 1536w, https:\/\/oesterioja.com.ar\/news\/wp-content\/uploads\/2026\/07\/Gemini_Generated_Image_vwbndtvwbndtvwbn-2048x266.png 2048w\" sizes=\"auto, (max-width: 2560px) 100vw, 2560px\" \/><\/a><\/figure>\n\n\n\n<figure class=\"wp-block-image size-large\"><a href=\"https:\/\/josemarialr.com.ar\/web\/\"><img loading=\"lazy\" decoding=\"async\" width=\"1024\" height=\"399\" src=\"https:\/\/oesterioja.com.ar\/news\/wp-content\/uploads\/2026\/08\/Gemini_Generated_Image_7q8oo87q8oo87q8o-1024x399.jpg\" alt=\"\" class=\"wp-image-426\" srcset=\"https:\/\/oesterioja.com.ar\/news\/wp-content\/uploads\/2026\/08\/Gemini_Generated_Image_7q8oo87q8oo87q8o-1024x399.jpg 1024w, https:\/\/oesterioja.com.ar\/news\/wp-content\/uploads\/2026\/08\/Gemini_Generated_Image_7q8oo87q8oo87q8o-300x117.jpg 300w, https:\/\/oesterioja.com.ar\/news\/wp-content\/uploads\/2026\/08\/Gemini_Generated_Image_7q8oo87q8oo87q8o-768x299.jpg 768w, https:\/\/oesterioja.com.ar\/news\/wp-content\/uploads\/2026\/08\/Gemini_Generated_Image_7q8oo87q8oo87q8o-1536x598.jpg 1536w, https:\/\/oesterioja.com.ar\/news\/wp-content\/uploads\/2026\/08\/Gemini_Generated_Image_7q8oo87q8oo87q8o.jpg 1644w\" sizes=\"auto, (max-width: 1024px) 100vw, 1024px\" \/><\/a><\/figure>\n\n\n\n<p class=\"has-text-align-center has-black-color has-text-color has-link-color has-medium-font-size wp-elements-15 wp-block-paragraph\"><strong>Make software design for all device<br>JoseMaria Designer<br><a href=\"https:\/\/github.com\/josemarialr\">https:\/\/github.com\/josemarialr<\/a><br><a href=\"https:\/\/www.facebook.com\/josemariafvarela\">https:\/\/www.facebook.com\/josemariafvarela<\/a><br><a href=\"https:\/\/x.com\/josemarialrX\">https:\/\/x.com\/josemarialrX<\/a><\/strong><\/p>\n\n<div class=\"twitter-share\"><a href=\"https:\/\/twitter.com\/intent\/tweet?via=OesteriojaOK\" class=\"twitter-share-button\" data-size=\"large\">Twittear<\/a><\/div>\n","protected":false},"excerpt":{"rendered":"<p>DEPORTE, INCLUSI\u00d3N Y COMUNIDAD El Gobernador habilit\u00f3 un espacio deportivo y recreativo integral, equipado para la pr\u00e1ctica de distintas disciplinas y pensado como punto de encuentro para toda la comunidad. Durante el acto, destac\u00f3 su funci\u00f3n social y formativa y reivindic\u00f3 la presencia del Estado para garantizar derechos y oportunidades. El gobernador Ricardo Quintela inaugur\u00f3 [&hellip;]<\/p>\n","protected":false},"author":2,"featured_media":554,"comment_status":"closed","ping_status":"closed","sticky":false,"template":"","format":"standard","meta":{"wp_popup_display_lightbox":0,"wp_popup_suppress":"","wp_popup_trigger":"","wp_popup_trigger_amount":0,"wp_popup_disable_on_mobile":false,"footnotes":"","jetpack_publicize_message":"","jetpack_publicize_feature_enabled":true,"jetpack_social_post_already_shared":true,"jetpack_social_options":{"image_generator_settings":{"template":"highway","default_image_id":0,"font":"","enabled":false},"version":2}},"categories":[4],"tags":[101,26,10,9,110,145],"class_list":["post-547","post","type-post","status-publish","format-standard","has-post-thumbnail","hentry","category-provinciales","tag-chilecito","tag-gaby-pedrali","tag-la-rioja","tag-ricardo-quintela","tag-rodrigo-brizuela-y-doria","tag-vichigasta"],"jetpack_publicize_connections":[],"_links":{"self":[{"href":"https:\/\/oesterioja.com.ar\/news\/wp-json\/wp\/v2\/posts\/547","targetHints":{"allow":["GET"]}}],"collection":[{"href":"https:\/\/oesterioja.com.ar\/news\/wp-json\/wp\/v2\/posts"}],"about":[{"href":"https:\/\/oesterioja.com.ar\/news\/wp-json\/wp\/v2\/types\/post"}],"author":[{"embeddable":true,"href":"https:\/\/oesterioja.com.ar\/news\/wp-json\/wp\/v2\/users\/2"}],"replies":[{"embeddable":true,"href":"https:\/\/oesterioja.com.ar\/news\/wp-json\/wp\/v2\/comments?post=547"}],"version-history":[{"count":1,"href":"https:\/\/oesterioja.com.ar\/news\/wp-json\/wp\/v2\/posts\/547\/revisions"}],"predecessor-version":[{"id":560,"href":"https:\/\/oesterioja.com.ar\/news\/wp-json\/wp\/v2\/posts\/547\/revisions\/560"}],"wp:featuredmedia":[{"embeddable":true,"href":"https:\/\/oesterioja.com.ar\/news\/wp-json\/wp\/v2\/media\/554"}],"wp:attachment":[{"href":"https:\/\/oesterioja.com.ar\/news\/wp-json\/wp\/v2\/media?parent=547"}],"wp:term":[{"taxonomy":"category","embeddable":true,"href":"https:\/\/oesterioja.com.ar\/news\/wp-json\/wp\/v2\/categories?post=547"},{"taxonomy":"post_tag","embeddable":true,"href":"https:\/\/oesterioja.com.ar\/news\/wp-json\/wp\/v2\/tags?post=547"}],"curies":[{"name":"wp","href":"https:\/\/api.w.org\/{rel}","templated":true}]}}