{"id":542,"date":"2026-08-28T12:17:33","date_gmt":"2026-08-28T12:17:33","guid":{"rendered":"https:\/\/oesterioja.com.ar\/news\/?p=542"},"modified":"2026-08-28T12:17:33","modified_gmt":"2026-08-28T12:17:33","slug":"quintela-visito-el-club-penarol-en-vichigasta-y-comprometio-nuevas-mejoras-para-su-predio","status":"publish","type":"post","link":"https:\/\/oesterioja.com.ar\/news\/quintela-visito-el-club-penarol-en-vichigasta-y-comprometio-nuevas-mejoras-para-su-predio\/","title":{"rendered":"Quintela visit\u00f3 el Club Pe\u00f1arol en Vichigasta y comprometi\u00f3 nuevas mejoras para su predio"},"content":{"rendered":"\n<blockquote class=\"wp-block-quote is-layout-flow wp-block-quote-is-layout-flow\">\n<p class=\"has-black-color has-text-color has-link-color has-medium-font-size wp-elements-1 wp-block-paragraph\"><em><strong>FORTALECIMIENTO DE LAS INSTITUCIONES DEPORTIVAS<\/strong><\/em><\/p>\n<\/blockquote>\n\n\n\n<p class=\"has-black-color has-text-color has-link-color has-medium-font-size wp-elements-2 wp-block-paragraph\"><em>El Gobernador recorri\u00f3 las instalaciones de la instituci\u00f3n, donde qued\u00f3 inaugurado el cerramiento perimetral del campo de juego. Adem\u00e1s, comprometi\u00f3 el apoyo del Gobierno provincial para avanzar con la iluminaci\u00f3n y la instalaci\u00f3n de un sistema de riego por aspersi\u00f3n.<\/em><\/p>\n\n\n\n<p class=\"has-black-color has-text-color has-link-color has-medium-font-size wp-elements-3 wp-block-paragraph\">Durante su visita a Vichigasta, el gobernador Ricardo Quintela recorri\u00f3 el predio del Club Atl\u00e9tico Pe\u00f1arol y valor\u00f3 la perseverancia de la instituci\u00f3n para alcanzar el objetivo de contar con un espacio propio. En la oportunidad, qued\u00f3 inaugurado el cerramiento perimetral del campo de juego y el mandatario comprometi\u00f3 el acompa\u00f1amiento del Gobierno provincial para instalar la iluminaci\u00f3n y un sistema de riego por aspersi\u00f3n.<\/p>\n\n\n\n<p class=\"has-black-color has-text-color has-link-color has-medium-font-size wp-elements-4 wp-block-paragraph\"><br>\u201cEl club ya tiene su predio y ahora debemos generar las condiciones para que pueda funcionar plenamente y desarrollar aqu\u00ed sus actividades deportivas. Vamos a colaborar dentro de nuestras posibilidades para que contin\u00fae creciendo\u201d, afirm\u00f3 Quintela.<br>El Gobernador tambi\u00e9n destac\u00f3 la articulaci\u00f3n con el Municipio de Chilecito para concretar obras en el departamento. \u201cTratamos de administrar los recursos para que lleguen a cada localidad y puedan aprovecharse de la mejor manera. Sin la colaboraci\u00f3n del Municipio, muchas de estas acciones no ser\u00edan posibles\u201d, se\u00f1al\u00f3.<\/p>\n\n\n\n<figure class=\"wp-block-gallery has-nested-images columns-default is-cropped wp-block-gallery-1 is-layout-flex wp-block-gallery-is-layout-flex\">\n<figure class=\"wp-block-image size-large\"><a href=\"https:\/\/oesterioja.com.ar\/news\/wp-content\/uploads\/2026\/08\/IMG-20260828-WA00051.jpg\"><img loading=\"lazy\" decoding=\"async\" width=\"1024\" height=\"683\" data-id=\"543\" src=\"https:\/\/oesterioja.com.ar\/news\/wp-content\/uploads\/2026\/08\/IMG-20260828-WA00051-1024x683.jpg\" alt=\"\" class=\"wp-image-543\" srcset=\"https:\/\/oesterioja.com.ar\/news\/wp-content\/uploads\/2026\/08\/IMG-20260828-WA00051-1024x683.jpg 1024w, https:\/\/oesterioja.com.ar\/news\/wp-content\/uploads\/2026\/08\/IMG-20260828-WA00051-300x200.jpg 300w, https:\/\/oesterioja.com.ar\/news\/wp-content\/uploads\/2026\/08\/IMG-20260828-WA00051-768x512.jpg 768w, https:\/\/oesterioja.com.ar\/news\/wp-content\/uploads\/2026\/08\/IMG-20260828-WA00051.jpg 1280w\" sizes=\"auto, (max-width: 1024px) 100vw, 1024px\" \/><\/a><\/figure>\n\n\n\n<figure class=\"wp-block-image size-large\"><a href=\"https:\/\/oesterioja.com.ar\/news\/wp-content\/uploads\/2026\/08\/IMG-20260828-WA00061.jpg\"><img loading=\"lazy\" decoding=\"async\" width=\"1024\" height=\"683\" data-id=\"545\" src=\"https:\/\/oesterioja.com.ar\/news\/wp-content\/uploads\/2026\/08\/IMG-20260828-WA00061-1024x683.jpg\" alt=\"\" class=\"wp-image-545\" srcset=\"https:\/\/oesterioja.com.ar\/news\/wp-content\/uploads\/2026\/08\/IMG-20260828-WA00061-1024x683.jpg 1024w, https:\/\/oesterioja.com.ar\/news\/wp-content\/uploads\/2026\/08\/IMG-20260828-WA00061-300x200.jpg 300w, https:\/\/oesterioja.com.ar\/news\/wp-content\/uploads\/2026\/08\/IMG-20260828-WA00061-768x512.jpg 768w, https:\/\/oesterioja.com.ar\/news\/wp-content\/uploads\/2026\/08\/IMG-20260828-WA00061.jpg 1280w\" sizes=\"auto, (max-width: 1024px) 100vw, 1024px\" \/><\/a><\/figure>\n\n\n\n<figure class=\"wp-block-image size-large\"><a href=\"https:\/\/oesterioja.com.ar\/news\/wp-content\/uploads\/2026\/08\/IMG-20260828-WA0007.jpg\"><img loading=\"lazy\" decoding=\"async\" width=\"1024\" height=\"683\" data-id=\"544\" src=\"https:\/\/oesterioja.com.ar\/news\/wp-content\/uploads\/2026\/08\/IMG-20260828-WA0007-1024x683.jpg\" alt=\"\" class=\"wp-image-544\" srcset=\"https:\/\/oesterioja.com.ar\/news\/wp-content\/uploads\/2026\/08\/IMG-20260828-WA0007-1024x683.jpg 1024w, https:\/\/oesterioja.com.ar\/news\/wp-content\/uploads\/2026\/08\/IMG-20260828-WA0007-300x200.jpg 300w, https:\/\/oesterioja.com.ar\/news\/wp-content\/uploads\/2026\/08\/IMG-20260828-WA0007-768x512.jpg 768w, https:\/\/oesterioja.com.ar\/news\/wp-content\/uploads\/2026\/08\/IMG-20260828-WA0007.jpg 1280w\" sizes=\"auto, (max-width: 1024px) 100vw, 1024px\" \/><\/a><\/figure>\n<\/figure>\n\n\n\n<p class=\"has-black-color has-text-color has-link-color has-medium-font-size wp-elements-5 wp-block-paragraph\"><strong><em>Encuentro, recreaci\u00f3n e inclusi\u00f3n<br>Por su parte, el presidente del Club Atl\u00e9tico Pe\u00f1arol, Mart\u00edn Oliva, celebr\u00f3 la visita de las autoridades y destac\u00f3 los avances alcanzados por la instituci\u00f3n. Indic\u00f3 que el club cuenta con personer\u00eda jur\u00eddica y con la escritura de su predio, donde se ejecutan diferentes trabajos de infraestructura.<br>Oliva remarc\u00f3 la importancia que tienen las instituciones deportivas en las localidades del interior como espacios de encuentro, recreaci\u00f3n e inclusi\u00f3n. \u201cEl club permite reunir a ni\u00f1os, j\u00f3venes y adultos, brindar actividades recreativas y generar oportunidades para la pr\u00e1ctica deportiva\u201d, sostuvo.<br>Finalmente, agradeci\u00f3 el acompa\u00f1amiento de los gobiernos provincial y municipal, as\u00ed como el compromiso de dirigentes, socios, simpatizantes y vecinos que colaboran permanentemente con el crecimiento de la instituci\u00f3n.<\/em><\/strong><\/p>\n\n\n<p class=\"has-text-align-center has-black-color has-text-color has-link-color has-medium-font-size wp-elements-6 wp-block-paragraph\"><strong>Seguinos en nuestras redes sociales!<br><a href=\"https:\/\/www.instagram.com\/oesterioja.com.ar\/\">https:\/\/www.instagram.com\/oesterioja.com.ar\/<\/a><br><a href=\"https:\/\/www.facebook.com\/oesterioja.com.ar\">https:\/\/www.facebook.com\/oesterioja.com.ar<\/a><br><a href=\"https:\/\/x.com\/oesteriojaok\">https:\/\/x.com\/oesteriojaok<\/a><br><a href=\"https:\/\/www.youtube.com\/@oesterioja\">https:\/\/www.youtube.com\/@oesterioja<\/a><br><a href=\"https:\/\/www.tiktok.com\/@oesteriojatiktok\">https:\/\/www.tiktok.com\/@oesteriojatiktok<\/a><\/strong><\/p>\n\n\n\n<figure class=\"wp-block-image\"><a href=\"https:\/\/chat.whatsapp.com\/LiGy1PVnV4gJnbsFBgRI40\" target=\"_blank\" rel=\" noreferrer noopener\"><img loading=\"lazy\" decoding=\"async\" width=\"2560\" height=\"333\" src=\"https:\/\/oesterioja.com.ar\/news\/wp-content\/uploads\/2026\/07\/Gemini_Generated_Image_vwbndtvwbndtvwbn-scaled.png\" alt=\"\" class=\"wp-image-249\" srcset=\"https:\/\/oesterioja.com.ar\/news\/wp-content\/uploads\/2026\/07\/Gemini_Generated_Image_vwbndtvwbndtvwbn-scaled.png 2560w, https:\/\/oesterioja.com.ar\/news\/wp-content\/uploads\/2026\/07\/Gemini_Generated_Image_vwbndtvwbndtvwbn-300x39.png 300w, https:\/\/oesterioja.com.ar\/news\/wp-content\/uploads\/2026\/07\/Gemini_Generated_Image_vwbndtvwbndtvwbn-1024x133.png 1024w, https:\/\/oesterioja.com.ar\/news\/wp-content\/uploads\/2026\/07\/Gemini_Generated_Image_vwbndtvwbndtvwbn-768x100.png 768w, https:\/\/oesterioja.com.ar\/news\/wp-content\/uploads\/2026\/07\/Gemini_Generated_Image_vwbndtvwbndtvwbn-1536x200.png 1536w, https:\/\/oesterioja.com.ar\/news\/wp-content\/uploads\/2026\/07\/Gemini_Generated_Image_vwbndtvwbndtvwbn-2048x266.png 2048w\" sizes=\"auto, (max-width: 2560px) 100vw, 2560px\" \/><\/a><\/figure>\n\n\n\n<figure class=\"wp-block-image size-large\"><a href=\"https:\/\/josemarialr.com.ar\/web\/\"><img loading=\"lazy\" decoding=\"async\" width=\"1024\" height=\"399\" src=\"https:\/\/oesterioja.com.ar\/news\/wp-content\/uploads\/2026\/08\/Gemini_Generated_Image_7q8oo87q8oo87q8o-1024x399.jpg\" alt=\"\" class=\"wp-image-426\" srcset=\"https:\/\/oesterioja.com.ar\/news\/wp-content\/uploads\/2026\/08\/Gemini_Generated_Image_7q8oo87q8oo87q8o-1024x399.jpg 1024w, https:\/\/oesterioja.com.ar\/news\/wp-content\/uploads\/2026\/08\/Gemini_Generated_Image_7q8oo87q8oo87q8o-300x117.jpg 300w, https:\/\/oesterioja.com.ar\/news\/wp-content\/uploads\/2026\/08\/Gemini_Generated_Image_7q8oo87q8oo87q8o-768x299.jpg 768w, https:\/\/oesterioja.com.ar\/news\/wp-content\/uploads\/2026\/08\/Gemini_Generated_Image_7q8oo87q8oo87q8o-1536x598.jpg 1536w, https:\/\/oesterioja.com.ar\/news\/wp-content\/uploads\/2026\/08\/Gemini_Generated_Image_7q8oo87q8oo87q8o.jpg 1644w\" sizes=\"auto, (max-width: 1024px) 100vw, 1024px\" \/><\/a><\/figure>\n\n\n\n<p class=\"has-text-align-center has-black-color has-text-color has-link-color has-medium-font-size wp-elements-7 wp-block-paragraph\"><strong>Make software design for all device<br>JoseMaria Designer<br><a href=\"https:\/\/github.com\/josemarialr\">https:\/\/github.com\/josemarialr<\/a><br><a href=\"https:\/\/www.facebook.com\/josemariafvarela\">https:\/\/www.facebook.com\/josemariafvarela<\/a><br><a href=\"https:\/\/x.com\/josemarialrX\">https:\/\/x.com\/josemarialrX<\/a><\/strong><\/p>\n\n<div class=\"twitter-share\"><a href=\"https:\/\/twitter.com\/intent\/tweet?via=OesteriojaOK\" class=\"twitter-share-button\" data-size=\"large\">Twittear<\/a><\/div>\n","protected":false},"excerpt":{"rendered":"<p>FORTALECIMIENTO DE LAS INSTITUCIONES DEPORTIVAS El Gobernador recorri\u00f3 las instalaciones de la instituci\u00f3n, donde qued\u00f3 inaugurado el cerramiento perimetral del campo de juego. Adem\u00e1s, comprometi\u00f3 el apoyo del Gobierno provincial para avanzar con la iluminaci\u00f3n y la instalaci\u00f3n de un sistema de riego por aspersi\u00f3n. Durante su visita a Vichigasta, el gobernador Ricardo Quintela recorri\u00f3 [&hellip;]<\/p>\n","protected":false},"author":2,"featured_media":545,"comment_status":"closed","ping_status":"closed","sticky":false,"template":"","format":"standard","meta":{"wp_popup_display_lightbox":0,"wp_popup_suppress":"","wp_popup_trigger":"","wp_popup_trigger_amount":0,"wp_popup_disable_on_mobile":false,"footnotes":"","jetpack_publicize_message":"","jetpack_publicize_feature_enabled":true,"jetpack_social_post_already_shared":true,"jetpack_social_options":{"image_generator_settings":{"template":"highway","default_image_id":0,"font":"","enabled":false},"version":2}},"categories":[4],"tags":[146,26,10,9,145],"class_list":["post-542","post","type-post","status-publish","format-standard","has-post-thumbnail","hentry","category-provinciales","tag-club-penarol","tag-gaby-pedrali","tag-la-rioja","tag-ricardo-quintela","tag-vichigasta"],"jetpack_publicize_connections":[],"_links":{"self":[{"href":"https:\/\/oesterioja.com.ar\/news\/wp-json\/wp\/v2\/posts\/542","targetHints":{"allow":["GET"]}}],"collection":[{"href":"https:\/\/oesterioja.com.ar\/news\/wp-json\/wp\/v2\/posts"}],"about":[{"href":"https:\/\/oesterioja.com.ar\/news\/wp-json\/wp\/v2\/types\/post"}],"author":[{"embeddable":true,"href":"https:\/\/oesterioja.com.ar\/news\/wp-json\/wp\/v2\/users\/2"}],"replies":[{"embeddable":true,"href":"https:\/\/oesterioja.com.ar\/news\/wp-json\/wp\/v2\/comments?post=542"}],"version-history":[{"count":1,"href":"https:\/\/oesterioja.com.ar\/news\/wp-json\/wp\/v2\/posts\/542\/revisions"}],"predecessor-version":[{"id":546,"href":"https:\/\/oesterioja.com.ar\/news\/wp-json\/wp\/v2\/posts\/542\/revisions\/546"}],"wp:featuredmedia":[{"embeddable":true,"href":"https:\/\/oesterioja.com.ar\/news\/wp-json\/wp\/v2\/media\/545"}],"wp:attachment":[{"href":"https:\/\/oesterioja.com.ar\/news\/wp-json\/wp\/v2\/media?parent=542"}],"wp:term":[{"taxonomy":"category","embeddable":true,"href":"https:\/\/oesterioja.com.ar\/news\/wp-json\/wp\/v2\/categories?post=542"},{"taxonomy":"post_tag","embeddable":true,"href":"https:\/\/oesterioja.com.ar\/news\/wp-json\/wp\/v2\/tags?post=542"}],"curies":[{"name":"wp","href":"https:\/\/api.w.org\/{rel}","templated":true}]}}