{"id":532,"date":"2026-08-28T12:12:55","date_gmt":"2026-08-28T12:12:55","guid":{"rendered":"https:\/\/oesterioja.com.ar\/news\/?p=532"},"modified":"2026-08-28T12:12:56","modified_gmt":"2026-08-28T12:12:56","slug":"plan-angelelliquintela-reafirmo-en-sanogasta-el-compromiso-del-gobierno-provincial-con-el-derecho-a-la-vivienda","status":"publish","type":"post","link":"https:\/\/oesterioja.com.ar\/news\/plan-angelelliquintela-reafirmo-en-sanogasta-el-compromiso-del-gobierno-provincial-con-el-derecho-a-la-vivienda\/","title":{"rendered":"PLAN ANGELELLI:Quintela reafirm\u00f3 en Sa\u00f1ogasta el compromiso del Gobierno provincial con el derecho a la vivienda"},"content":{"rendered":"\n<blockquote class=\"wp-block-quote has-black-color has-text-color has-link-color has-medium-font-size wp-elements-1 is-layout-flow wp-block-quote-is-layout-flow\">\n<p class=\"wp-block-paragraph\"><em><strong>El Gobernador encabez\u00f3 una nueva entrega del Plan Angelelli y destac\u00f3 que el programa ya alcanz\u00f3 las 1.019 intervenciones habitacionales. Adem\u00e1s, ratific\u00f3 la decisi\u00f3n de sostener la pol\u00edtica de viviendas en todo el territorio provincial.<\/strong><\/em><\/p>\n<\/blockquote>\n\n\n\n<p class=\"has-black-color has-text-color has-link-color has-medium-font-size wp-elements-2 wp-block-paragraph\">El gobernador Ricardo Quintela encabez\u00f3 este jueves, en Sa\u00f1ogasta, departamento Chilecito, la entrega de viviendas sociales en el marco del Plan Angelelli. La actividad form\u00f3 parte de una jornada que contempl\u00f3 tambi\u00e9n la adjudicaci\u00f3n de otras tres unidades habitacionales en Vichigasta.<\/p>\n\n\n\n<figure class=\"wp-block-gallery has-nested-images columns-default is-cropped wp-block-gallery-1 is-layout-flex wp-block-gallery-is-layout-flex\">\n<figure class=\"wp-block-image size-large\"><a href=\"https:\/\/oesterioja.com.ar\/news\/wp-content\/uploads\/2026\/08\/IMG-20260828-WA0003.jpg\"><img loading=\"lazy\" decoding=\"async\" width=\"1024\" height=\"683\" data-id=\"534\" src=\"https:\/\/oesterioja.com.ar\/news\/wp-content\/uploads\/2026\/08\/IMG-20260828-WA0003-1024x683.jpg\" alt=\"\" class=\"wp-image-534\" srcset=\"https:\/\/oesterioja.com.ar\/news\/wp-content\/uploads\/2026\/08\/IMG-20260828-WA0003-1024x683.jpg 1024w, https:\/\/oesterioja.com.ar\/news\/wp-content\/uploads\/2026\/08\/IMG-20260828-WA0003-300x200.jpg 300w, https:\/\/oesterioja.com.ar\/news\/wp-content\/uploads\/2026\/08\/IMG-20260828-WA0003-768x512.jpg 768w, https:\/\/oesterioja.com.ar\/news\/wp-content\/uploads\/2026\/08\/IMG-20260828-WA0003.jpg 1280w\" sizes=\"auto, (max-width: 1024px) 100vw, 1024px\" \/><\/a><\/figure>\n\n\n\n<figure class=\"wp-block-image size-large\"><a href=\"https:\/\/oesterioja.com.ar\/news\/wp-content\/uploads\/2026\/08\/IMG-20260828-WA0001.jpg\"><img loading=\"lazy\" decoding=\"async\" width=\"1024\" height=\"739\" data-id=\"535\" src=\"https:\/\/oesterioja.com.ar\/news\/wp-content\/uploads\/2026\/08\/IMG-20260828-WA0001-1024x739.jpg\" alt=\"\" class=\"wp-image-535\" srcset=\"https:\/\/oesterioja.com.ar\/news\/wp-content\/uploads\/2026\/08\/IMG-20260828-WA0001-1024x739.jpg 1024w, https:\/\/oesterioja.com.ar\/news\/wp-content\/uploads\/2026\/08\/IMG-20260828-WA0001-300x217.jpg 300w, https:\/\/oesterioja.com.ar\/news\/wp-content\/uploads\/2026\/08\/IMG-20260828-WA0001-768x554.jpg 768w, https:\/\/oesterioja.com.ar\/news\/wp-content\/uploads\/2026\/08\/IMG-20260828-WA0001.jpg 1280w\" sizes=\"auto, (max-width: 1024px) 100vw, 1024px\" \/><\/a><\/figure>\n<\/figure>\n\n\n\n<p class=\"has-black-color has-text-color has-link-color has-medium-font-size wp-elements-3 wp-block-paragraph\"><br>Durante el acto, el mandatario estuvo acompa\u00f1ado por la vicegobernadora Teresita Madera; la diputada nacional <strong><em>Gabriela Pedrali<\/em><\/strong>, <strong>impulsora del Plan Angelelli<\/strong>; y el intendente de Chilecito, Rodrigo Brizuela y Doria, junto con autoridades provinciales y municipales.<\/p>\n\n\n\n<figure class=\"wp-block-image size-large\"><a href=\"https:\/\/oesterioja.com.ar\/news\/wp-content\/uploads\/2026\/08\/IMG-20260828-WA0000.jpg\"><img loading=\"lazy\" decoding=\"async\" width=\"1024\" height=\"683\" src=\"https:\/\/oesterioja.com.ar\/news\/wp-content\/uploads\/2026\/08\/IMG-20260828-WA0000-1024x683.jpg\" alt=\"\" class=\"wp-image-538\" srcset=\"https:\/\/oesterioja.com.ar\/news\/wp-content\/uploads\/2026\/08\/IMG-20260828-WA0000-1024x683.jpg 1024w, https:\/\/oesterioja.com.ar\/news\/wp-content\/uploads\/2026\/08\/IMG-20260828-WA0000-300x200.jpg 300w, https:\/\/oesterioja.com.ar\/news\/wp-content\/uploads\/2026\/08\/IMG-20260828-WA0000-768x512.jpg 768w, https:\/\/oesterioja.com.ar\/news\/wp-content\/uploads\/2026\/08\/IMG-20260828-WA0000.jpg 1280w\" sizes=\"auto, (max-width: 1024px) 100vw, 1024px\" \/><\/a><\/figure>\n\n\n\n<p class=\"has-black-color has-text-color has-link-color has-medium-font-size wp-elements-4 wp-block-paragraph\"><br>Al respecto, Quintela expres\u00f3 su satisfacci\u00f3n por acompa\u00f1ar a las familias en el cumplimiento del sue\u00f1o de acceder a la casa propia y destac\u00f3 la amplitud y calidad de las construcciones. <strong><em>\u201cPocas veces se ve una vivienda realizada mediante un programa social con ambientes de estas caracter\u00edsticas. El Plan Angelelli tiene el objetivo de sacar a las familias de situaciones de hacinamiento y brindarles una vivienda digna, que jerarquice sus condiciones de vida. Para nosotros es un orgullo\u201d,<\/em><\/strong> afirm\u00f3.<\/p>\n\n\n\n<figure class=\"wp-block-image size-large\"><a href=\"https:\/\/oesterioja.com.ar\/news\/wp-content\/uploads\/2026\/08\/IMG-20260828-WA0004.jpg\"><img loading=\"lazy\" decoding=\"async\" width=\"1024\" height=\"712\" src=\"https:\/\/oesterioja.com.ar\/news\/wp-content\/uploads\/2026\/08\/IMG-20260828-WA0004-1024x712.jpg\" alt=\"\" class=\"wp-image-533\" srcset=\"https:\/\/oesterioja.com.ar\/news\/wp-content\/uploads\/2026\/08\/IMG-20260828-WA0004-1024x712.jpg 1024w, https:\/\/oesterioja.com.ar\/news\/wp-content\/uploads\/2026\/08\/IMG-20260828-WA0004-300x209.jpg 300w, https:\/\/oesterioja.com.ar\/news\/wp-content\/uploads\/2026\/08\/IMG-20260828-WA0004-768x534.jpg 768w, https:\/\/oesterioja.com.ar\/news\/wp-content\/uploads\/2026\/08\/IMG-20260828-WA0004.jpg 1280w\" sizes=\"auto, (max-width: 1024px) 100vw, 1024px\" \/><\/a><\/figure>\n\n\n\n<p class=\"has-black-color has-text-color has-link-color has-medium-font-size wp-elements-5 wp-block-paragraph\"><br>El gobernador se\u00f1al\u00f3 que estos resultados son posibles gracias a la articulaci\u00f3n entre el Gobierno provincial y los municipios. En ese sentido, reconoci\u00f3 el trabajo del equipo del Plan Angelelli, encabezado por Gabriela Pedrali, y la artticulaci\u00f3n con el intendente Rodrigo Brizuela y Doria y su equipo municipal.<br>\u201cLo verdaderamente importante es que ya son 1.019 familias las alcanzadas por este programa. Son familias que hoy tienen una base desde la cual pueden construir un proyecto de vida diferente\u201d, remarc\u00f3 Quintela.<br>En ese marco, el mandatario provincial resalt\u00f3: <\/p>\n\n\n\n<blockquote class=\"wp-block-quote is-layout-flow wp-block-quote-is-layout-flow\">\n<p class=\"has-black-color has-text-color has-link-color has-medium-font-size wp-elements-6 wp-block-paragraph\"><strong><em>\u201cTenemos la decisi\u00f3n pol\u00edtica de culminar las obras que comenzamos y entregar una provincia un poquito mejor que la que recibimos, siempre creciendo, desarroll\u00e1ndonos y generando condiciones favorables para que nuestra gente mejore su calidad de vida y tenga oportunidades diferentes\u201d.<\/em><\/strong><\/p>\n<\/blockquote>\n\n\n\n<p class=\"has-black-color has-text-color has-link-color has-medium-font-size wp-elements-7 wp-block-paragraph\"><em>Decisi\u00f3n y mirada humana<\/em><br>Por su parte, la diputada nacional Gabriela Pedrali destac\u00f3 la continuidad del Plan Angelelli en un contexto econ\u00f3mico complejo y remarc\u00f3 que la entrega de viviendas es resultado de una administraci\u00f3n provincial que prioriza las necesidades de las familias. \u201cEstamos atravesando momentos dif\u00edciles, en los que se ajusta el bolsillo de todos y tambi\u00e9n se asfixia al sistema federal mediante una distribuci\u00f3n inequitativa de los recursos que pertenecen a las provincias\u201d, expres\u00f3.<br>De igual manera, Pedrali valor\u00f3 la articulaci\u00f3n con el Municipio de Chilecito para identificar las necesidades habitacionales y acercar respuestas concretas. En ese sentido, reconoci\u00f3 \u201cla mirada humana del intendente Rodrigo Brizuela y Doria para visibilizar las necesidades de las familias\u201d y la decisi\u00f3n del gobernador Ricardo Quintela de continuar acompa\u00f1ando a quienes necesitan acceder a una vivienda digna.<\/p>\n\n\n\n<p class=\"has-black-color has-text-color has-link-color has-medium-font-size wp-elements-8 wp-block-paragraph\"><em>\u201cGarantizar una vida mejor\u201d<\/em><br>A su turno, el intendente de Chilecito, Rodrigo Brizuela y Doria, comparti\u00f3 la alegr\u00eda de las familias y destac\u00f3 el sentido inclusivo del Plan Angelelli. \u201cEstamos felices porque hacemos propia la felicidad de quienes reciben estas viviendas. Esto es lo que genera una pol\u00edtica que piensa en los dem\u00e1s, que reconoce que todas las personas tienen derecho a vivir mejor y que el Estado debe ser garante de ese derecho\u201d, expres\u00f3.<br>Luego, detall\u00f3: \u201cVamos construyendo sobre la base de lo que necesita cada familia. Lo importante es que puedan disponer de una casa con todas las condiciones y comodidades: habitaciones adecuadas, ba\u00f1o terminado, termotanque y agua caliente\u201d.<\/p>\n\n\n\n<figure class=\"wp-block-image size-large\"><a href=\"https:\/\/oesterioja.com.ar\/news\/wp-content\/uploads\/2026\/08\/IMG-20260828-WA0002.jpg\"><img loading=\"lazy\" decoding=\"async\" width=\"1024\" height=\"683\" src=\"https:\/\/oesterioja.com.ar\/news\/wp-content\/uploads\/2026\/08\/IMG-20260828-WA0002-1024x683.jpg\" alt=\"\" class=\"wp-image-536\" srcset=\"https:\/\/oesterioja.com.ar\/news\/wp-content\/uploads\/2026\/08\/IMG-20260828-WA0002-1024x683.jpg 1024w, https:\/\/oesterioja.com.ar\/news\/wp-content\/uploads\/2026\/08\/IMG-20260828-WA0002-300x200.jpg 300w, https:\/\/oesterioja.com.ar\/news\/wp-content\/uploads\/2026\/08\/IMG-20260828-WA0002-768x512.jpg 768w, https:\/\/oesterioja.com.ar\/news\/wp-content\/uploads\/2026\/08\/IMG-20260828-WA0002.jpg 1280w\" sizes=\"auto, (max-width: 1024px) 100vw, 1024px\" \/><\/a><\/figure>\n\n\n\n<p class=\"has-black-color has-text-color has-link-color has-medium-font-size wp-elements-9 wp-block-paragraph\"><em>\u201cUn sue\u00f1o hecho realidad\u201d<\/em><br>Por \u00faltimo, Jimena Millicay expres\u00f3 la emoci\u00f3n de recibir la vivienda junto con su marido y sus tres hijos. \u201cEstoy muy contenta y orgullosa. Es un sue\u00f1o hecho realidad. Hab\u00edamos comenzado a construir nuestra casa, pero parec\u00eda un camino muy dif\u00edcil y no pod\u00edamos terminarla\u201d, relat\u00f3.<br>Jimena, oriunda de Sa\u00f1ogasta, valor\u00f3 especialmente poder recibir la vivienda en el mes del 386\u00ba aniversario de la localidad y dej\u00f3 un mensaje para quienes comenzaron a construir y, por dificultades econ\u00f3micas, no pudieron continuar: \u201cQue no se den por vencidos y que sigan luchando por su sue\u00f1o. La casa propia es una necesidad, pero tambi\u00e9n es un sue\u00f1o muy grande. Cuesta mucho, pero no es imposible\u201d.<\/p>\n\n\n\n<figure class=\"wp-block-image size-full\"><a href=\"https:\/\/oesterioja.com.ar\/news\/wp-content\/uploads\/2026\/08\/Gemini_Generated_Image_is9gsais9gsais9g.jpg\"><img loading=\"lazy\" decoding=\"async\" width=\"1024\" height=\"437\" src=\"https:\/\/oesterioja.com.ar\/news\/wp-content\/uploads\/2026\/08\/Gemini_Generated_Image_is9gsais9gsais9g-edited.jpg\" alt=\"\" class=\"wp-image-540\" srcset=\"https:\/\/oesterioja.com.ar\/news\/wp-content\/uploads\/2026\/08\/Gemini_Generated_Image_is9gsais9gsais9g-edited.jpg 1024w, https:\/\/oesterioja.com.ar\/news\/wp-content\/uploads\/2026\/08\/Gemini_Generated_Image_is9gsais9gsais9g-edited-300x128.jpg 300w, https:\/\/oesterioja.com.ar\/news\/wp-content\/uploads\/2026\/08\/Gemini_Generated_Image_is9gsais9gsais9g-edited-768x328.jpg 768w\" sizes=\"auto, (max-width: 1024px) 100vw, 1024px\" \/><\/a><\/figure>\n\n\n<p class=\"has-text-align-center has-black-color has-text-color has-link-color has-medium-font-size wp-elements-10 wp-block-paragraph\"><strong>Seguinos en nuestras redes sociales!<br><a href=\"https:\/\/www.instagram.com\/oesterioja.com.ar\/\">https:\/\/www.instagram.com\/oesterioja.com.ar\/<\/a><br><a href=\"https:\/\/www.facebook.com\/oesterioja.com.ar\">https:\/\/www.facebook.com\/oesterioja.com.ar<\/a><br><a href=\"https:\/\/x.com\/oesteriojaok\">https:\/\/x.com\/oesteriojaok<\/a><br><a href=\"https:\/\/www.youtube.com\/@oesterioja\">https:\/\/www.youtube.com\/@oesterioja<\/a><br><a href=\"https:\/\/www.tiktok.com\/@oesteriojatiktok\">https:\/\/www.tiktok.com\/@oesteriojatiktok<\/a><\/strong><\/p>\n\n\n\n<figure class=\"wp-block-image\"><a href=\"https:\/\/chat.whatsapp.com\/LiGy1PVnV4gJnbsFBgRI40\" target=\"_blank\" rel=\" noreferrer noopener\"><img loading=\"lazy\" decoding=\"async\" width=\"2560\" height=\"333\" src=\"https:\/\/oesterioja.com.ar\/news\/wp-content\/uploads\/2026\/07\/Gemini_Generated_Image_vwbndtvwbndtvwbn-scaled.png\" alt=\"\" class=\"wp-image-249\" srcset=\"https:\/\/oesterioja.com.ar\/news\/wp-content\/uploads\/2026\/07\/Gemini_Generated_Image_vwbndtvwbndtvwbn-scaled.png 2560w, https:\/\/oesterioja.com.ar\/news\/wp-content\/uploads\/2026\/07\/Gemini_Generated_Image_vwbndtvwbndtvwbn-300x39.png 300w, https:\/\/oesterioja.com.ar\/news\/wp-content\/uploads\/2026\/07\/Gemini_Generated_Image_vwbndtvwbndtvwbn-1024x133.png 1024w, https:\/\/oesterioja.com.ar\/news\/wp-content\/uploads\/2026\/07\/Gemini_Generated_Image_vwbndtvwbndtvwbn-768x100.png 768w, https:\/\/oesterioja.com.ar\/news\/wp-content\/uploads\/2026\/07\/Gemini_Generated_Image_vwbndtvwbndtvwbn-1536x200.png 1536w, https:\/\/oesterioja.com.ar\/news\/wp-content\/uploads\/2026\/07\/Gemini_Generated_Image_vwbndtvwbndtvwbn-2048x266.png 2048w\" sizes=\"auto, (max-width: 2560px) 100vw, 2560px\" \/><\/a><\/figure>\n\n\n\n<figure class=\"wp-block-image size-large\"><a href=\"https:\/\/josemarialr.com.ar\/web\/\"><img loading=\"lazy\" decoding=\"async\" width=\"1024\" height=\"399\" src=\"https:\/\/oesterioja.com.ar\/news\/wp-content\/uploads\/2026\/08\/Gemini_Generated_Image_7q8oo87q8oo87q8o-1024x399.jpg\" alt=\"\" class=\"wp-image-426\" srcset=\"https:\/\/oesterioja.com.ar\/news\/wp-content\/uploads\/2026\/08\/Gemini_Generated_Image_7q8oo87q8oo87q8o-1024x399.jpg 1024w, https:\/\/oesterioja.com.ar\/news\/wp-content\/uploads\/2026\/08\/Gemini_Generated_Image_7q8oo87q8oo87q8o-300x117.jpg 300w, https:\/\/oesterioja.com.ar\/news\/wp-content\/uploads\/2026\/08\/Gemini_Generated_Image_7q8oo87q8oo87q8o-768x299.jpg 768w, https:\/\/oesterioja.com.ar\/news\/wp-content\/uploads\/2026\/08\/Gemini_Generated_Image_7q8oo87q8oo87q8o-1536x598.jpg 1536w, https:\/\/oesterioja.com.ar\/news\/wp-content\/uploads\/2026\/08\/Gemini_Generated_Image_7q8oo87q8oo87q8o.jpg 1644w\" sizes=\"auto, (max-width: 1024px) 100vw, 1024px\" \/><\/a><\/figure>\n\n\n\n<p class=\"has-text-align-center has-black-color has-text-color has-link-color has-medium-font-size wp-elements-11 wp-block-paragraph\"><strong>Make software design for all device<br>JoseMaria Designer<br><a href=\"https:\/\/github.com\/josemarialr\">https:\/\/github.com\/josemarialr<\/a><br><a href=\"https:\/\/www.facebook.com\/josemariafvarela\">https:\/\/www.facebook.com\/josemariafvarela<\/a><br><a href=\"https:\/\/x.com\/josemarialrX\">https:\/\/x.com\/josemarialrX<\/a><\/strong><\/p>\n\n<div class=\"twitter-share\"><a href=\"https:\/\/twitter.com\/intent\/tweet?via=OesteriojaOK\" class=\"twitter-share-button\" data-size=\"large\">Twittear<\/a><\/div>\n","protected":false},"excerpt":{"rendered":"<p>El Gobernador encabez\u00f3 una nueva entrega del Plan Angelelli y destac\u00f3 que el programa ya alcanz\u00f3 las 1.019 intervenciones habitacionales. Adem\u00e1s, ratific\u00f3 la decisi\u00f3n de sostener la pol\u00edtica de viviendas en todo el territorio provincial. El gobernador Ricardo Quintela encabez\u00f3 este jueves, en Sa\u00f1ogasta, departamento Chilecito, la entrega de viviendas sociales en el marco del [&hellip;]<\/p>\n","protected":false},"author":2,"featured_media":538,"comment_status":"closed","ping_status":"closed","sticky":false,"template":"","format":"standard","meta":{"wp_popup_display_lightbox":0,"wp_popup_suppress":"","wp_popup_trigger":"","wp_popup_trigger_amount":0,"wp_popup_disable_on_mobile":false,"footnotes":"","jetpack_publicize_message":"","jetpack_publicize_feature_enabled":true,"jetpack_social_post_already_shared":true,"jetpack_social_options":{"image_generator_settings":{"template":"highway","default_image_id":0,"font":"","enabled":false},"version":2}},"categories":[4],"tags":[101,26,10,30,9,110,144,24],"class_list":["post-532","post","type-post","status-publish","format-standard","has-post-thumbnail","hentry","category-provinciales","tag-chilecito","tag-gaby-pedrali","tag-la-rioja","tag-plan-angelelli","tag-ricardo-quintela","tag-rodrigo-brizuela-y-doria","tag-sanogasta","tag-tere-madera"],"jetpack_publicize_connections":[],"_links":{"self":[{"href":"https:\/\/oesterioja.com.ar\/news\/wp-json\/wp\/v2\/posts\/532","targetHints":{"allow":["GET"]}}],"collection":[{"href":"https:\/\/oesterioja.com.ar\/news\/wp-json\/wp\/v2\/posts"}],"about":[{"href":"https:\/\/oesterioja.com.ar\/news\/wp-json\/wp\/v2\/types\/post"}],"author":[{"embeddable":true,"href":"https:\/\/oesterioja.com.ar\/news\/wp-json\/wp\/v2\/users\/2"}],"replies":[{"embeddable":true,"href":"https:\/\/oesterioja.com.ar\/news\/wp-json\/wp\/v2\/comments?post=532"}],"version-history":[{"count":1,"href":"https:\/\/oesterioja.com.ar\/news\/wp-json\/wp\/v2\/posts\/532\/revisions"}],"predecessor-version":[{"id":541,"href":"https:\/\/oesterioja.com.ar\/news\/wp-json\/wp\/v2\/posts\/532\/revisions\/541"}],"wp:featuredmedia":[{"embeddable":true,"href":"https:\/\/oesterioja.com.ar\/news\/wp-json\/wp\/v2\/media\/538"}],"wp:attachment":[{"href":"https:\/\/oesterioja.com.ar\/news\/wp-json\/wp\/v2\/media?parent=532"}],"wp:term":[{"taxonomy":"category","embeddable":true,"href":"https:\/\/oesterioja.com.ar\/news\/wp-json\/wp\/v2\/categories?post=532"},{"taxonomy":"post_tag","embeddable":true,"href":"https:\/\/oesterioja.com.ar\/news\/wp-json\/wp\/v2\/tags?post=532"}],"curies":[{"name":"wp","href":"https:\/\/api.w.org\/{rel}","templated":true}]}}