{"id":525,"date":"2026-08-27T21:19:25","date_gmt":"2026-08-27T21:19:25","guid":{"rendered":"https:\/\/oesterioja.com.ar\/news\/?p=525"},"modified":"2026-08-27T21:19:25","modified_gmt":"2026-08-27T21:19:25","slug":"la-provincia-capacita-y-acompana-a-sus-pueblos-para-llegar-a-best-tourism-villages","status":"publish","type":"post","link":"https:\/\/oesterioja.com.ar\/news\/la-provincia-capacita-y-acompana-a-sus-pueblos-para-llegar-a-best-tourism-villages\/","title":{"rendered":"La Provincia capacita y acompa\u00f1a a sus pueblos para llegar a Best Tourism Villages"},"content":{"rendered":"\n<p class=\"has-black-color has-text-color has-link-color has-medium-font-size wp-elements-1 wp-block-paragraph\">&gt; _Desarrollo tur\u00edstico local_<\/p>\n\n\n\n<p class=\"has-black-color has-text-color has-link-color has-medium-font-size wp-elements-2 wp-block-paragraph\"><\/p>\n\n\n\n<p class=\"has-black-color has-text-color has-link-color has-medium-font-size wp-elements-3 wp-block-paragraph\"><strong>_A partir de la experiencia de Famatina y Sanagasta, la Provincia puso en marcha \u201cCamino a los B.T.V. Argentina\u201d, un programa que brinda capacitaci\u00f3n y herramientas a los municipios para identificar potencialidades, fortalecer indicadores y trabajar con anticipaci\u00f3n sobre los requisitos de futuras postulaciones al reconocimiento de ONU Turismo._<\/strong><\/p>\n\n\n\n<p class=\"has-black-color has-text-color has-link-color has-medium-font-size wp-elements-4 wp-block-paragraph\"><strong>El Gobierno de La Rioja puso en marcha \u201cCamino a los B.T.V. Argentina\u201d, un programa provincial destinado a acompa\u00f1ar a los municipios en la preparaci\u00f3n y fortalecimiento de sus localidades para futuras postulaciones a Best Tourism Villages, la iniciativa de ONU Turismo que reconoce a pueblos que hacen del turismo una herramienta para preservar sus valores culturales y naturales y promover el desarrollo de sus comunidades.<\/strong><\/p>\n\n\n\n<figure class=\"wp-block-gallery has-nested-images columns-default is-cropped wp-block-gallery-1 is-layout-flex wp-block-gallery-is-layout-flex\">\n<figure class=\"wp-block-image size-large\"><a href=\"https:\/\/oesterioja.com.ar\/news\/wp-content\/uploads\/2026\/08\/IMG-20260827-WA0012.jpg\"><img loading=\"lazy\" decoding=\"async\" width=\"1024\" height=\"584\" data-id=\"529\" src=\"https:\/\/oesterioja.com.ar\/news\/wp-content\/uploads\/2026\/08\/IMG-20260827-WA0012-1024x584.jpg\" alt=\"\" class=\"wp-image-529\" srcset=\"https:\/\/oesterioja.com.ar\/news\/wp-content\/uploads\/2026\/08\/IMG-20260827-WA0012-1024x584.jpg 1024w, https:\/\/oesterioja.com.ar\/news\/wp-content\/uploads\/2026\/08\/IMG-20260827-WA0012-300x171.jpg 300w, https:\/\/oesterioja.com.ar\/news\/wp-content\/uploads\/2026\/08\/IMG-20260827-WA0012-767x437.jpg 767w, https:\/\/oesterioja.com.ar\/news\/wp-content\/uploads\/2026\/08\/IMG-20260827-WA0012-1536x876.jpg 1536w, https:\/\/oesterioja.com.ar\/news\/wp-content\/uploads\/2026\/08\/IMG-20260827-WA0012.jpg 1600w\" sizes=\"auto, (max-width: 1024px) 100vw, 1024px\" \/><\/a><\/figure>\n\n\n\n<figure class=\"wp-block-image size-large\"><a href=\"https:\/\/oesterioja.com.ar\/news\/wp-content\/uploads\/2026\/08\/IMG-20260827-WA0013.jpg\"><img loading=\"lazy\" decoding=\"async\" width=\"1024\" height=\"731\" data-id=\"530\" src=\"https:\/\/oesterioja.com.ar\/news\/wp-content\/uploads\/2026\/08\/IMG-20260827-WA0013-1024x731.jpg\" alt=\"\" class=\"wp-image-530\" srcset=\"https:\/\/oesterioja.com.ar\/news\/wp-content\/uploads\/2026\/08\/IMG-20260827-WA0013-1024x731.jpg 1024w, https:\/\/oesterioja.com.ar\/news\/wp-content\/uploads\/2026\/08\/IMG-20260827-WA0013-300x214.jpg 300w, https:\/\/oesterioja.com.ar\/news\/wp-content\/uploads\/2026\/08\/IMG-20260827-WA0013-768x548.jpg 768w, https:\/\/oesterioja.com.ar\/news\/wp-content\/uploads\/2026\/08\/IMG-20260827-WA0013-1536x1096.jpg 1536w, https:\/\/oesterioja.com.ar\/news\/wp-content\/uploads\/2026\/08\/IMG-20260827-WA0013.jpg 1600w\" sizes=\"auto, (max-width: 1024px) 100vw, 1024px\" \/><\/a><\/figure>\n\n\n\n<figure class=\"wp-block-image size-large\"><a href=\"https:\/\/oesterioja.com.ar\/news\/wp-content\/uploads\/2026\/08\/IMG-20260827-WA0014.jpg\"><img loading=\"lazy\" decoding=\"async\" width=\"1024\" height=\"603\" data-id=\"526\" src=\"https:\/\/oesterioja.com.ar\/news\/wp-content\/uploads\/2026\/08\/IMG-20260827-WA0014-1024x603.jpg\" alt=\"\" class=\"wp-image-526\" srcset=\"https:\/\/oesterioja.com.ar\/news\/wp-content\/uploads\/2026\/08\/IMG-20260827-WA0014-1024x603.jpg 1024w, https:\/\/oesterioja.com.ar\/news\/wp-content\/uploads\/2026\/08\/IMG-20260827-WA0014-300x177.jpg 300w, https:\/\/oesterioja.com.ar\/news\/wp-content\/uploads\/2026\/08\/IMG-20260827-WA0014-768x452.jpg 768w, https:\/\/oesterioja.com.ar\/news\/wp-content\/uploads\/2026\/08\/IMG-20260827-WA0014-1536x904.jpg 1536w, https:\/\/oesterioja.com.ar\/news\/wp-content\/uploads\/2026\/08\/IMG-20260827-WA0014.jpg 1600w\" sizes=\"auto, (max-width: 1024px) 100vw, 1024px\" \/><\/a><\/figure>\n\n\n\n<figure class=\"wp-block-image size-large\"><a href=\"https:\/\/oesterioja.com.ar\/news\/wp-content\/uploads\/2026\/08\/IMG-20260827-WA0015.jpg\"><img loading=\"lazy\" decoding=\"async\" width=\"1024\" height=\"682\" data-id=\"527\" src=\"https:\/\/oesterioja.com.ar\/news\/wp-content\/uploads\/2026\/08\/IMG-20260827-WA0015-1024x682.jpg\" alt=\"\" class=\"wp-image-527\" srcset=\"https:\/\/oesterioja.com.ar\/news\/wp-content\/uploads\/2026\/08\/IMG-20260827-WA0015-1024x682.jpg 1024w, https:\/\/oesterioja.com.ar\/news\/wp-content\/uploads\/2026\/08\/IMG-20260827-WA0015-300x200.jpg 300w, https:\/\/oesterioja.com.ar\/news\/wp-content\/uploads\/2026\/08\/IMG-20260827-WA0015-767x511.jpg 767w, https:\/\/oesterioja.com.ar\/news\/wp-content\/uploads\/2026\/08\/IMG-20260827-WA0015-1536x1023.jpg 1536w, https:\/\/oesterioja.com.ar\/news\/wp-content\/uploads\/2026\/08\/IMG-20260827-WA0015.jpg 1600w\" sizes=\"auto, (max-width: 1024px) 100vw, 1024px\" \/><\/a><\/figure>\n\n\n\n<figure class=\"wp-block-image size-large\"><a href=\"https:\/\/oesterioja.com.ar\/news\/wp-content\/uploads\/2026\/08\/IMG-20260827-WA0016.jpg\"><img loading=\"lazy\" decoding=\"async\" width=\"1024\" height=\"682\" data-id=\"528\" src=\"https:\/\/oesterioja.com.ar\/news\/wp-content\/uploads\/2026\/08\/IMG-20260827-WA0016-1024x682.jpg\" alt=\"\" class=\"wp-image-528\" srcset=\"https:\/\/oesterioja.com.ar\/news\/wp-content\/uploads\/2026\/08\/IMG-20260827-WA0016-1024x682.jpg 1024w, https:\/\/oesterioja.com.ar\/news\/wp-content\/uploads\/2026\/08\/IMG-20260827-WA0016-300x200.jpg 300w, https:\/\/oesterioja.com.ar\/news\/wp-content\/uploads\/2026\/08\/IMG-20260827-WA0016-767x511.jpg 767w, https:\/\/oesterioja.com.ar\/news\/wp-content\/uploads\/2026\/08\/IMG-20260827-WA0016-1536x1023.jpg 1536w, https:\/\/oesterioja.com.ar\/news\/wp-content\/uploads\/2026\/08\/IMG-20260827-WA0016.jpg 1600w\" sizes=\"auto, (max-width: 1024px) 100vw, 1024px\" \/><\/a><\/figure>\n<\/figure>\n\n\n\n<p class=\"has-black-color has-text-color has-link-color has-medium-font-size wp-elements-5 wp-block-paragraph\"><br>La propuesta busca generar un proceso de trabajo previo para que los municipios puedan conocer los criterios de evaluaci\u00f3n, identificar las potencialidades de cada destino y fortalecer aquellos aspectos que resultan fundamentales al momento de presentar una candidatura.<br>El programa toma como referencia el camino recorrido por Famatina y Sanagasta, localidades riojanas que fueron seleccionadas para representar a la Argentina, y busca trasladar la experiencia y los aprendizajes obtenidos durante esos procesos hacia otros destinos de la provincia.<br>De esta manera, la preparaci\u00f3n de futuras postulaciones no comienza reci\u00e9n con la apertura de una convocatoria, sino que se plantea como un trabajo anticipado de capacitaci\u00f3n, planificaci\u00f3n y fortalecimiento de indicadores, que permita a cada localidad desarrollar sus capacidades y construir candidaturas cada vez m\u00e1s s\u00f3lidas.<\/p>\n\n\n\n<p class=\"has-black-color has-text-color has-link-color has-medium-font-size wp-elements-6 wp-block-paragraph\">*La capacitaci\u00f3n como punto de partida*<br>Como primera acci\u00f3n de \u201cCamino a los B.T.V. Argentina\u201d, se realiz\u00f3 un taller destinado a referentes de municipios del interior interesados en conocer el proceso de postulaci\u00f3n y comenzar a trabajar sobre las posibilidades de sus propios territorios.<br>Durante la jornada se abordaron los requisitos y criterios de Best Tourism Villages, se brindaron herramientas concretas para la preparaci\u00f3n de futuras candidaturas y se analizaron los principales aspectos que deben contemplarse al momento de presentar una postulaci\u00f3n.<br>La capacitaci\u00f3n estuvo a cargo del Mg. Rodrigo B\u00e1ez, integrante del equipo t\u00e9cnico de Best Tourism Villages de la Secretar\u00eda de Turismo, Ambiente y Deportes de la Naci\u00f3n; la Lic. Celia Pizarro, directora de Desarrollo y Productos Tur\u00edsticos de la Secretar\u00eda de Turismo de La Rioja; el Lic. Gustavo Plaza y la Lic. Daiana Mendoza. El cierre estuvo a cargo del Lic. Pablo Cagnone, director nacional de Desarrollo y Promoci\u00f3n Tur\u00edstica.<\/p>\n\n\n\n<p class=\"has-black-color has-text-color has-link-color has-medium-font-size wp-elements-7 wp-block-paragraph\">*Fortalecer los destinos desde el territorio*<br>\u201cCamino a los B.T.V. Argentina\u201d propone transformar la experiencia adquirida por La Rioja en una herramienta para los distintos municipios, de manera que cada localidad pueda poner en valor sus recursos, fortalecer su propuesta tur\u00edstica e identificar anticipadamente los aspectos sobre los que necesita trabajar.<br>El acompa\u00f1amiento apunta no solamente a preparar futuras postulaciones, sino tambi\u00e9n a utilizar los criterios e indicadores de Best Tourism Villages como una herramienta para mejorar la planificaci\u00f3n y el desarrollo de los destinos tur\u00edsticos del interior.<br>De esta manera, La Rioja busca generar las condiciones para que nuevos pueblos puedan proyectarse hacia futuras candidaturas, mientras fortalece sus capacidades locales y consolida una pol\u00edtica de desarrollo tur\u00edstico sostenible, planificado y con identidad territorial.<\/p>\n\n\n<p class=\"has-text-align-center has-black-color has-text-color has-link-color has-medium-font-size wp-elements-8 wp-block-paragraph\"><strong>Seguinos en nuestras redes sociales!<br><a href=\"https:\/\/www.instagram.com\/oesterioja.com.ar\/\">https:\/\/www.instagram.com\/oesterioja.com.ar\/<\/a><br><a href=\"https:\/\/www.facebook.com\/oesterioja.com.ar\">https:\/\/www.facebook.com\/oesterioja.com.ar<\/a><br><a href=\"https:\/\/x.com\/oesteriojaok\">https:\/\/x.com\/oesteriojaok<\/a><br><a href=\"https:\/\/www.youtube.com\/@oesterioja\">https:\/\/www.youtube.com\/@oesterioja<\/a><br><a href=\"https:\/\/www.tiktok.com\/@oesteriojatiktok\">https:\/\/www.tiktok.com\/@oesteriojatiktok<\/a><\/strong><\/p>\n\n\n\n<figure class=\"wp-block-image\"><a href=\"https:\/\/chat.whatsapp.com\/LiGy1PVnV4gJnbsFBgRI40\" target=\"_blank\" rel=\" noreferrer noopener\"><img loading=\"lazy\" decoding=\"async\" width=\"2560\" height=\"333\" src=\"https:\/\/oesterioja.com.ar\/news\/wp-content\/uploads\/2026\/07\/Gemini_Generated_Image_vwbndtvwbndtvwbn-scaled.png\" alt=\"\" class=\"wp-image-249\" srcset=\"https:\/\/oesterioja.com.ar\/news\/wp-content\/uploads\/2026\/07\/Gemini_Generated_Image_vwbndtvwbndtvwbn-scaled.png 2560w, https:\/\/oesterioja.com.ar\/news\/wp-content\/uploads\/2026\/07\/Gemini_Generated_Image_vwbndtvwbndtvwbn-300x39.png 300w, https:\/\/oesterioja.com.ar\/news\/wp-content\/uploads\/2026\/07\/Gemini_Generated_Image_vwbndtvwbndtvwbn-1024x133.png 1024w, https:\/\/oesterioja.com.ar\/news\/wp-content\/uploads\/2026\/07\/Gemini_Generated_Image_vwbndtvwbndtvwbn-768x100.png 768w, https:\/\/oesterioja.com.ar\/news\/wp-content\/uploads\/2026\/07\/Gemini_Generated_Image_vwbndtvwbndtvwbn-1536x200.png 1536w, https:\/\/oesterioja.com.ar\/news\/wp-content\/uploads\/2026\/07\/Gemini_Generated_Image_vwbndtvwbndtvwbn-2048x266.png 2048w\" sizes=\"auto, (max-width: 2560px) 100vw, 2560px\" \/><\/a><\/figure>\n\n\n\n<figure class=\"wp-block-image size-large\"><a href=\"https:\/\/josemarialr.com.ar\/web\/\"><img loading=\"lazy\" decoding=\"async\" width=\"1024\" height=\"399\" src=\"https:\/\/oesterioja.com.ar\/news\/wp-content\/uploads\/2026\/08\/Gemini_Generated_Image_7q8oo87q8oo87q8o-1024x399.jpg\" alt=\"\" class=\"wp-image-426\" srcset=\"https:\/\/oesterioja.com.ar\/news\/wp-content\/uploads\/2026\/08\/Gemini_Generated_Image_7q8oo87q8oo87q8o-1024x399.jpg 1024w, https:\/\/oesterioja.com.ar\/news\/wp-content\/uploads\/2026\/08\/Gemini_Generated_Image_7q8oo87q8oo87q8o-300x117.jpg 300w, https:\/\/oesterioja.com.ar\/news\/wp-content\/uploads\/2026\/08\/Gemini_Generated_Image_7q8oo87q8oo87q8o-768x299.jpg 768w, https:\/\/oesterioja.com.ar\/news\/wp-content\/uploads\/2026\/08\/Gemini_Generated_Image_7q8oo87q8oo87q8o-1536x598.jpg 1536w, https:\/\/oesterioja.com.ar\/news\/wp-content\/uploads\/2026\/08\/Gemini_Generated_Image_7q8oo87q8oo87q8o.jpg 1644w\" sizes=\"auto, (max-width: 1024px) 100vw, 1024px\" \/><\/a><\/figure>\n\n\n\n<p class=\"has-text-align-center has-black-color has-text-color has-link-color has-medium-font-size wp-elements-9 wp-block-paragraph\"><strong>Make software design for all device<br>JoseMaria Designer<br><a href=\"https:\/\/github.com\/josemarialr\">https:\/\/github.com\/josemarialr<\/a><br><a href=\"https:\/\/www.facebook.com\/josemariafvarela\">https:\/\/www.facebook.com\/josemariafvarela<\/a><br><a href=\"https:\/\/x.com\/josemarialrX\">https:\/\/x.com\/josemarialrX<\/a><\/strong><\/p>\n\n<div class=\"twitter-share\"><a href=\"https:\/\/twitter.com\/intent\/tweet?via=OesteriojaOK\" class=\"twitter-share-button\" data-size=\"large\">Twittear<\/a><\/div>\n","protected":false},"excerpt":{"rendered":"<p>&gt; _Desarrollo tur\u00edstico local_ _A partir de la experiencia de Famatina y Sanagasta, la Provincia puso en marcha \u201cCamino a los B.T.V. Argentina\u201d, un programa que brinda capacitaci\u00f3n y herramientas a los municipios para identificar potencialidades, fortalecer indicadores y trabajar con anticipaci\u00f3n sobre los requisitos de futuras postulaciones al reconocimiento de ONU Turismo._ El Gobierno [&hellip;]<\/p>\n","protected":false},"author":2,"featured_media":529,"comment_status":"closed","ping_status":"closed","sticky":false,"template":"","format":"standard","meta":{"wp_popup_display_lightbox":0,"wp_popup_suppress":"","wp_popup_trigger":"","wp_popup_trigger_amount":0,"wp_popup_disable_on_mobile":false,"footnotes":"","jetpack_publicize_message":"","jetpack_publicize_feature_enabled":true,"jetpack_social_post_already_shared":true,"jetpack_social_options":{"image_generator_settings":{"template":"highway","default_image_id":0,"font":"","enabled":false},"version":2}},"categories":[4],"tags":[143,26,31,10,9],"class_list":["post-525","post","type-post","status-publish","format-standard","has-post-thumbnail","hentry","category-provinciales","tag-best-tourism-villages","tag-gaby-pedrali","tag-jose-rosa","tag-la-rioja","tag-ricardo-quintela"],"jetpack_publicize_connections":[],"_links":{"self":[{"href":"https:\/\/oesterioja.com.ar\/news\/wp-json\/wp\/v2\/posts\/525","targetHints":{"allow":["GET"]}}],"collection":[{"href":"https:\/\/oesterioja.com.ar\/news\/wp-json\/wp\/v2\/posts"}],"about":[{"href":"https:\/\/oesterioja.com.ar\/news\/wp-json\/wp\/v2\/types\/post"}],"author":[{"embeddable":true,"href":"https:\/\/oesterioja.com.ar\/news\/wp-json\/wp\/v2\/users\/2"}],"replies":[{"embeddable":true,"href":"https:\/\/oesterioja.com.ar\/news\/wp-json\/wp\/v2\/comments?post=525"}],"version-history":[{"count":1,"href":"https:\/\/oesterioja.com.ar\/news\/wp-json\/wp\/v2\/posts\/525\/revisions"}],"predecessor-version":[{"id":531,"href":"https:\/\/oesterioja.com.ar\/news\/wp-json\/wp\/v2\/posts\/525\/revisions\/531"}],"wp:featuredmedia":[{"embeddable":true,"href":"https:\/\/oesterioja.com.ar\/news\/wp-json\/wp\/v2\/media\/529"}],"wp:attachment":[{"href":"https:\/\/oesterioja.com.ar\/news\/wp-json\/wp\/v2\/media?parent=525"}],"wp:term":[{"taxonomy":"category","embeddable":true,"href":"https:\/\/oesterioja.com.ar\/news\/wp-json\/wp\/v2\/categories?post=525"},{"taxonomy":"post_tag","embeddable":true,"href":"https:\/\/oesterioja.com.ar\/news\/wp-json\/wp\/v2\/tags?post=525"}],"curies":[{"name":"wp","href":"https:\/\/api.w.org\/{rel}","templated":true}]}}