{"id":520,"date":"2026-08-27T21:15:25","date_gmt":"2026-08-27T21:15:25","guid":{"rendered":"https:\/\/oesterioja.com.ar\/news\/?p=520"},"modified":"2026-08-27T21:15:25","modified_gmt":"2026-08-27T21:15:25","slug":"la-rioja-define-a-sus-representantes-para-la-final-nacional-de-la-copa-robotica-argentina-2026","status":"publish","type":"post","link":"https:\/\/oesterioja.com.ar\/news\/la-rioja-define-a-sus-representantes-para-la-final-nacional-de-la-copa-robotica-argentina-2026\/","title":{"rendered":"La Rioja define a sus representantes para la Final Nacional de la Copa Rob\u00f3tica Argentina 2026"},"content":{"rendered":"\n<p class=\"has-black-color has-text-color has-link-color has-medium-font-size wp-elements-1 wp-block-paragraph\">&gt; _Innovaci\u00f3n y educaci\u00f3n_<\/p>\n\n\n\n<p class=\"has-black-color has-text-color has-link-color has-medium-font-size wp-elements-2 wp-block-paragraph\"><\/p>\n\n\n\n<p class=\"has-black-color has-text-color has-link-color has-medium-font-size wp-elements-3 wp-block-paragraph\">_Treinta equipos competir\u00e1n el 31 de agosto en el Paseo Cultural, luego de un proceso que comenz\u00f3 con 80 equipos y convoc\u00f3 a 400 estudiantes de entre 15 y 18 a\u00f1os de escuelas secundarias de distintos puntos de la provincia. Los dos mejores clasificar\u00e1n a la instancia nacional que se disputar\u00e1 en septiembre en Neuqu\u00e9n._<\/p>\n\n\n\n<p class=\"has-black-color has-text-color has-link-color has-medium-font-size wp-elements-4 wp-block-paragraph\">El Gobierno de La Rioja, a trav\u00e9s del Ministerio de Educaci\u00f3n y el Programa Provincial de Rob\u00f3tica, realizar\u00e1 el pr\u00f3ximo 31 de agosto la semifinal de la Copa Rob\u00f3tica Argentina 2026, una instancia que definir\u00e1 a los dos equipos que representar\u00e1n a la provincia en la Final Nacional.<br>La competencia se desarrollar\u00e1 de 9 a 17 horas en el Paseo Cultural y reunir\u00e1 a 30 equipos semifinalistas, seleccionados entre los 80 que comenzaron el certamen en La Rioja.<br>El proceso involucr\u00f3 a 400 estudiantes de entre 15 y 18 a\u00f1os y 80 mentores docentes, pertenecientes a escuelas secundarias de distintos puntos de la provincia. Cada equipo est\u00e1 conformado por cinco estudiantes y un docente encargado de acompa\u00f1ar el proceso.<\/p>\n\n\n\n<p class=\"has-black-color has-text-color has-link-color has-medium-font-size wp-elements-5 wp-block-paragraph\">*Robots, estrategia y trabajo colaborativo*<br>Durante la semifinal, los equipos competir\u00e1n con los robots que construyeron y entrenaron durante las etapas previas, poniendo en pr\u00e1ctica los conocimientos y habilidades desarrollados a lo largo de la competencia.<br>La din\u00e1mica contempla adem\u00e1s la conformaci\u00f3n de alianzas rotativas entre los distintos equipos, por lo que la propuesta no se limita al desempe\u00f1o tecnol\u00f3gico de cada robot, sino que incorpora la cooperaci\u00f3n, la planificaci\u00f3n de estrategias compartidas y el trabajo colaborativo como componentes centrales.<br>Desde el Programa Provincial de Rob\u00f3tica destacaron especialmente el recorrido realizado por las y los estudiantes y se\u00f1alaron que la competencia busca fortalecer valores como la colaboraci\u00f3n, el respeto y el esfuerzo, m\u00e1s all\u00e1 de los resultados obtenidos.<\/p>\n\n\n\n<figure class=\"wp-block-gallery has-nested-images columns-default is-cropped wp-block-gallery-1 is-layout-flex wp-block-gallery-is-layout-flex\">\n<figure class=\"wp-block-image size-full\"><a href=\"https:\/\/oesterioja.com.ar\/news\/wp-content\/uploads\/2026\/08\/IMG-20260827-WA0009.jpg\"><img loading=\"lazy\" decoding=\"async\" width=\"776\" height=\"970\" data-id=\"521\" src=\"https:\/\/oesterioja.com.ar\/news\/wp-content\/uploads\/2026\/08\/IMG-20260827-WA0009.jpg\" alt=\"\" class=\"wp-image-521\" srcset=\"https:\/\/oesterioja.com.ar\/news\/wp-content\/uploads\/2026\/08\/IMG-20260827-WA0009.jpg 776w, https:\/\/oesterioja.com.ar\/news\/wp-content\/uploads\/2026\/08\/IMG-20260827-WA0009-240x300.jpg 240w, https:\/\/oesterioja.com.ar\/news\/wp-content\/uploads\/2026\/08\/IMG-20260827-WA0009-768x960.jpg 768w\" sizes=\"auto, (max-width: 776px) 100vw, 776px\" \/><\/a><\/figure>\n\n\n\n<figure class=\"wp-block-image size-large\"><a href=\"https:\/\/oesterioja.com.ar\/news\/wp-content\/uploads\/2026\/08\/IMG-20260827-WA0010.jpg\"><img loading=\"lazy\" decoding=\"async\" width=\"819\" height=\"1024\" data-id=\"522\" src=\"https:\/\/oesterioja.com.ar\/news\/wp-content\/uploads\/2026\/08\/IMG-20260827-WA0010-819x1024.jpg\" alt=\"\" class=\"wp-image-522\" srcset=\"https:\/\/oesterioja.com.ar\/news\/wp-content\/uploads\/2026\/08\/IMG-20260827-WA0010-819x1024.jpg 819w, https:\/\/oesterioja.com.ar\/news\/wp-content\/uploads\/2026\/08\/IMG-20260827-WA0010-240x300.jpg 240w, https:\/\/oesterioja.com.ar\/news\/wp-content\/uploads\/2026\/08\/IMG-20260827-WA0010-768x960.jpg 768w, https:\/\/oesterioja.com.ar\/news\/wp-content\/uploads\/2026\/08\/IMG-20260827-WA0010-1229x1536.jpg 1229w, https:\/\/oesterioja.com.ar\/news\/wp-content\/uploads\/2026\/08\/IMG-20260827-WA0010.jpg 1280w\" sizes=\"auto, (max-width: 819px) 100vw, 819px\" \/><\/a><\/figure>\n\n\n\n<figure class=\"wp-block-image size-large\"><a href=\"https:\/\/oesterioja.com.ar\/news\/wp-content\/uploads\/2026\/08\/IMG-20260827-WA0011.jpg\"><img loading=\"lazy\" decoding=\"async\" width=\"819\" height=\"1024\" data-id=\"523\" src=\"https:\/\/oesterioja.com.ar\/news\/wp-content\/uploads\/2026\/08\/IMG-20260827-WA0011-819x1024.jpg\" alt=\"\" class=\"wp-image-523\" srcset=\"https:\/\/oesterioja.com.ar\/news\/wp-content\/uploads\/2026\/08\/IMG-20260827-WA0011-819x1024.jpg 819w, https:\/\/oesterioja.com.ar\/news\/wp-content\/uploads\/2026\/08\/IMG-20260827-WA0011-240x300.jpg 240w, https:\/\/oesterioja.com.ar\/news\/wp-content\/uploads\/2026\/08\/IMG-20260827-WA0011-768x960.jpg 768w, https:\/\/oesterioja.com.ar\/news\/wp-content\/uploads\/2026\/08\/IMG-20260827-WA0011-1229x1536.jpg 1229w, https:\/\/oesterioja.com.ar\/news\/wp-content\/uploads\/2026\/08\/IMG-20260827-WA0011.jpg 1280w\" sizes=\"auto, (max-width: 819px) 100vw, 819px\" \/><\/a><\/figure>\n<\/figure>\n\n\n\n<p class=\"has-black-color has-text-color has-link-color has-medium-font-size wp-elements-6 wp-block-paragraph\">*Dos equipos llegar\u00e1n a la Final Nacional*<br>Al t\u00e9rmino de la jornada se conocer\u00e1n los dos equipos riojanos que obtendr\u00e1n la clasificaci\u00f3n a la Final Nacional, prevista para los d\u00edas 25 y 26 de septiembre en Neuqu\u00e9n.<br>La instancia nacional tendr\u00e1 adem\u00e1s una proyecci\u00f3n internacional: el equipo que resulte ganador representar\u00e1 a la Argentina en el FIRST Global Challenge 2027.<br>La actividad del 31 de agosto comenzar\u00e1 con la acreditaci\u00f3n y el desayuno de los participantes. Posteriormente se realizar\u00e1 la preparaci\u00f3n y el control de los robots antes del inicio de las diferentes etapas competitivas. La jornada concluir\u00e1 con la premiaci\u00f3n y el anuncio de los dos representantes de La Rioja que continuar\u00e1n su camino en la Copa Rob\u00f3tica Argentina 2026.<br>De esta manera, la semifinal permitir\u00e1 cerrar una etapa que involucr\u00f3 a decenas de escuelas, 80 equipos y 400 estudiantes, consolidando un espacio educativo en el que la tecnolog\u00eda se combina con el aprendizaje, la creatividad y el trabajo colectivo.<\/p>\n\n\n<p class=\"has-text-align-center has-black-color has-text-color has-link-color has-medium-font-size wp-elements-7 wp-block-paragraph\"><strong>Seguinos en nuestras redes sociales!<br><a href=\"https:\/\/www.instagram.com\/oesterioja.com.ar\/\">https:\/\/www.instagram.com\/oesterioja.com.ar\/<\/a><br><a href=\"https:\/\/www.facebook.com\/oesterioja.com.ar\">https:\/\/www.facebook.com\/oesterioja.com.ar<\/a><br><a href=\"https:\/\/x.com\/oesteriojaok\">https:\/\/x.com\/oesteriojaok<\/a><br><a href=\"https:\/\/www.youtube.com\/@oesterioja\">https:\/\/www.youtube.com\/@oesterioja<\/a><br><a href=\"https:\/\/www.tiktok.com\/@oesteriojatiktok\">https:\/\/www.tiktok.com\/@oesteriojatiktok<\/a><\/strong><\/p>\n\n\n\n<figure class=\"wp-block-image\"><a href=\"https:\/\/chat.whatsapp.com\/LiGy1PVnV4gJnbsFBgRI40\" target=\"_blank\" rel=\" noreferrer noopener\"><img loading=\"lazy\" decoding=\"async\" width=\"2560\" height=\"333\" src=\"https:\/\/oesterioja.com.ar\/news\/wp-content\/uploads\/2026\/07\/Gemini_Generated_Image_vwbndtvwbndtvwbn-scaled.png\" alt=\"\" class=\"wp-image-249\" srcset=\"https:\/\/oesterioja.com.ar\/news\/wp-content\/uploads\/2026\/07\/Gemini_Generated_Image_vwbndtvwbndtvwbn-scaled.png 2560w, https:\/\/oesterioja.com.ar\/news\/wp-content\/uploads\/2026\/07\/Gemini_Generated_Image_vwbndtvwbndtvwbn-300x39.png 300w, https:\/\/oesterioja.com.ar\/news\/wp-content\/uploads\/2026\/07\/Gemini_Generated_Image_vwbndtvwbndtvwbn-1024x133.png 1024w, https:\/\/oesterioja.com.ar\/news\/wp-content\/uploads\/2026\/07\/Gemini_Generated_Image_vwbndtvwbndtvwbn-768x100.png 768w, https:\/\/oesterioja.com.ar\/news\/wp-content\/uploads\/2026\/07\/Gemini_Generated_Image_vwbndtvwbndtvwbn-1536x200.png 1536w, https:\/\/oesterioja.com.ar\/news\/wp-content\/uploads\/2026\/07\/Gemini_Generated_Image_vwbndtvwbndtvwbn-2048x266.png 2048w\" sizes=\"auto, (max-width: 2560px) 100vw, 2560px\" \/><\/a><\/figure>\n\n\n\n<figure class=\"wp-block-image size-large\"><a href=\"https:\/\/josemarialr.com.ar\/web\/\"><img loading=\"lazy\" decoding=\"async\" width=\"1024\" height=\"399\" src=\"https:\/\/oesterioja.com.ar\/news\/wp-content\/uploads\/2026\/08\/Gemini_Generated_Image_7q8oo87q8oo87q8o-1024x399.jpg\" alt=\"\" class=\"wp-image-426\" srcset=\"https:\/\/oesterioja.com.ar\/news\/wp-content\/uploads\/2026\/08\/Gemini_Generated_Image_7q8oo87q8oo87q8o-1024x399.jpg 1024w, https:\/\/oesterioja.com.ar\/news\/wp-content\/uploads\/2026\/08\/Gemini_Generated_Image_7q8oo87q8oo87q8o-300x117.jpg 300w, https:\/\/oesterioja.com.ar\/news\/wp-content\/uploads\/2026\/08\/Gemini_Generated_Image_7q8oo87q8oo87q8o-768x299.jpg 768w, https:\/\/oesterioja.com.ar\/news\/wp-content\/uploads\/2026\/08\/Gemini_Generated_Image_7q8oo87q8oo87q8o-1536x598.jpg 1536w, https:\/\/oesterioja.com.ar\/news\/wp-content\/uploads\/2026\/08\/Gemini_Generated_Image_7q8oo87q8oo87q8o.jpg 1644w\" sizes=\"auto, (max-width: 1024px) 100vw, 1024px\" \/><\/a><\/figure>\n\n\n\n<p class=\"has-text-align-center has-black-color has-text-color has-link-color has-medium-font-size wp-elements-8 wp-block-paragraph\"><strong>Make software design for all device<br>JoseMaria Designer<br><a href=\"https:\/\/github.com\/josemarialr\">https:\/\/github.com\/josemarialr<\/a><br><a href=\"https:\/\/www.facebook.com\/josemariafvarela\">https:\/\/www.facebook.com\/josemariafvarela<\/a><br><a href=\"https:\/\/x.com\/josemarialrX\">https:\/\/x.com\/josemarialrX<\/a><\/strong><\/p>\n\n<div class=\"twitter-share\"><a href=\"https:\/\/twitter.com\/intent\/tweet?via=OesteriojaOK\" class=\"twitter-share-button\" data-size=\"large\">Twittear<\/a><\/div>\n","protected":false},"excerpt":{"rendered":"<p>&gt; _Innovaci\u00f3n y educaci\u00f3n_ _Treinta equipos competir\u00e1n el 31 de agosto en el Paseo Cultural, luego de un proceso que comenz\u00f3 con 80 equipos y convoc\u00f3 a 400 estudiantes de entre 15 y 18 a\u00f1os de escuelas secundarias de distintos puntos de la provincia. Los dos mejores clasificar\u00e1n a la instancia nacional que se disputar\u00e1 [&hellip;]<\/p>\n","protected":false},"author":2,"featured_media":521,"comment_status":"closed","ping_status":"closed","sticky":false,"template":"","format":"standard","meta":{"wp_popup_display_lightbox":0,"wp_popup_suppress":"","wp_popup_trigger":"","wp_popup_trigger_amount":0,"wp_popup_disable_on_mobile":false,"footnotes":"","jetpack_publicize_message":"","jetpack_publicize_feature_enabled":true,"jetpack_social_post_already_shared":true,"jetpack_social_options":{"image_generator_settings":{"template":"highway","default_image_id":0,"font":"","enabled":false},"version":2}},"categories":[4],"tags":[142,26,10,9],"class_list":["post-520","post","type-post","status-publish","format-standard","has-post-thumbnail","hentry","category-provinciales","tag-copa-robotica-argentina-2026","tag-gaby-pedrali","tag-la-rioja","tag-ricardo-quintela"],"jetpack_publicize_connections":[],"_links":{"self":[{"href":"https:\/\/oesterioja.com.ar\/news\/wp-json\/wp\/v2\/posts\/520","targetHints":{"allow":["GET"]}}],"collection":[{"href":"https:\/\/oesterioja.com.ar\/news\/wp-json\/wp\/v2\/posts"}],"about":[{"href":"https:\/\/oesterioja.com.ar\/news\/wp-json\/wp\/v2\/types\/post"}],"author":[{"embeddable":true,"href":"https:\/\/oesterioja.com.ar\/news\/wp-json\/wp\/v2\/users\/2"}],"replies":[{"embeddable":true,"href":"https:\/\/oesterioja.com.ar\/news\/wp-json\/wp\/v2\/comments?post=520"}],"version-history":[{"count":1,"href":"https:\/\/oesterioja.com.ar\/news\/wp-json\/wp\/v2\/posts\/520\/revisions"}],"predecessor-version":[{"id":524,"href":"https:\/\/oesterioja.com.ar\/news\/wp-json\/wp\/v2\/posts\/520\/revisions\/524"}],"wp:featuredmedia":[{"embeddable":true,"href":"https:\/\/oesterioja.com.ar\/news\/wp-json\/wp\/v2\/media\/521"}],"wp:attachment":[{"href":"https:\/\/oesterioja.com.ar\/news\/wp-json\/wp\/v2\/media?parent=520"}],"wp:term":[{"taxonomy":"category","embeddable":true,"href":"https:\/\/oesterioja.com.ar\/news\/wp-json\/wp\/v2\/categories?post=520"},{"taxonomy":"post_tag","embeddable":true,"href":"https:\/\/oesterioja.com.ar\/news\/wp-json\/wp\/v2\/tags?post=520"}],"curies":[{"name":"wp","href":"https:\/\/api.w.org\/{rel}","templated":true}]}}