{"id":513,"date":"2026-08-27T21:11:14","date_gmt":"2026-08-27T21:11:14","guid":{"rendered":"https:\/\/oesterioja.com.ar\/news\/?p=513"},"modified":"2026-08-27T21:11:14","modified_gmt":"2026-08-27T21:11:14","slug":"la-rioja-y-unicef-avanzan-con-politicas-para-la-ninez-y-adolescencia-con-foco-en-salud-mental-y-alimentacion-saludable","status":"publish","type":"post","link":"https:\/\/oesterioja.com.ar\/news\/la-rioja-y-unicef-avanzan-con-politicas-para-la-ninez-y-adolescencia-con-foco-en-salud-mental-y-alimentacion-saludable\/","title":{"rendered":"La Rioja y UNICEF avanzan con pol\u00edticas para la ni\u00f1ez y adolescencia con foco en salud mental y alimentaci\u00f3n saludable"},"content":{"rendered":"\n<p class=\"has-black-color has-text-color has-link-color has-medium-font-size wp-elements-1 wp-block-paragraph\">&gt; _Cooperaci\u00f3n para el desarrollo integral_<\/p>\n\n\n\n<p class=\"has-black-color has-text-color has-link-color has-medium-font-size wp-elements-2 wp-block-paragraph\"><\/p>\n\n\n\n<p class=\"has-black-color has-text-color has-link-color has-medium-font-size wp-elements-3 wp-block-paragraph\">*A partir del acuerdo de cooperaci\u00f3n firmado en julio, el Gobierno provincial y UNICEF Argentina iniciaron la planificaci\u00f3n del Plan de Cooperaci\u00f3n 2026-2030. Salud mental adolescente y entornos alimentarios saludables ser\u00e1n dos de los ejes prioritarios de una agenda que articula distintas \u00e1reas del Estado para fortalecer la protecci\u00f3n y el desarrollo integral de ni\u00f1as, ni\u00f1os y adolescentes.*<\/p>\n\n\n\n<p class=\"has-black-color has-text-color has-link-color has-medium-font-size wp-elements-4 wp-block-paragraph\">El Gobierno de La Rioja, a trav\u00e9s del Ministerio de Desarrollo, Igualdad e Integraci\u00f3n Social, y UNICEF Argentina llevaron adelante un primer encuentro de planificaci\u00f3n y articulaci\u00f3n para avanzar en la implementaci\u00f3n del Plan de Cooperaci\u00f3n UNICEF Argentina 2026-2030, con especial \u00e9nfasis en la salud mental adolescente y la promoci\u00f3n de entornos alimentarios saludables.<br>La jornada constituye uno de los primeros avances concretos del Memor\u00e1ndum de Entendimiento firmado el pasado 30 de julio, mediante el cual la Provincia y UNICEF establecieron una agenda de cooperaci\u00f3n destinada a fortalecer las pol\u00edticas p\u00fablicas dirigidas a ni\u00f1as, ni\u00f1os y adolescentes riojanos.<br>El encuentro fue impulsado y coordinado por la Secretar\u00eda de Inclusi\u00f3n y Desarrollo Social, junto con la Subsecretar\u00eda de Ni\u00f1ez, Adolescencia y Familia y la Subsecretar\u00eda de Seguridad Alimentaria, y cont\u00f3 con la participaci\u00f3n de equipos de distintas \u00e1reas provinciales.<br>La propuesta apunta a profundizar un abordaje integral e intersectorial, articulando capacidades y recursos de diferentes organismos para dar respuestas a problem\u00e1ticas que atraviesan la vida de ni\u00f1as, ni\u00f1os, adolescentes y sus familias.<\/p>\n\n\n\n<figure class=\"wp-block-gallery has-nested-images columns-default is-cropped wp-block-gallery-1 is-layout-flex wp-block-gallery-is-layout-flex\">\n<figure class=\"wp-block-image size-large\"><a href=\"https:\/\/oesterioja.com.ar\/news\/wp-content\/uploads\/2026\/08\/IMG-20260827-WA0006.jpg\"><img loading=\"lazy\" decoding=\"async\" width=\"1024\" height=\"682\" data-id=\"516\" src=\"https:\/\/oesterioja.com.ar\/news\/wp-content\/uploads\/2026\/08\/IMG-20260827-WA0006-1024x682.jpg\" alt=\"\" class=\"wp-image-516\" srcset=\"https:\/\/oesterioja.com.ar\/news\/wp-content\/uploads\/2026\/08\/IMG-20260827-WA0006-1024x682.jpg 1024w, https:\/\/oesterioja.com.ar\/news\/wp-content\/uploads\/2026\/08\/IMG-20260827-WA0006-300x200.jpg 300w, https:\/\/oesterioja.com.ar\/news\/wp-content\/uploads\/2026\/08\/IMG-20260827-WA0006-767x511.jpg 767w, https:\/\/oesterioja.com.ar\/news\/wp-content\/uploads\/2026\/08\/IMG-20260827-WA0006-1536x1023.jpg 1536w, https:\/\/oesterioja.com.ar\/news\/wp-content\/uploads\/2026\/08\/IMG-20260827-WA0006.jpg 1600w\" sizes=\"auto, (max-width: 1024px) 100vw, 1024px\" \/><\/a><\/figure>\n\n\n\n<figure class=\"wp-block-image size-large\"><a href=\"https:\/\/oesterioja.com.ar\/news\/wp-content\/uploads\/2026\/08\/IMG-20260827-WA0007-1.jpg\"><img loading=\"lazy\" decoding=\"async\" width=\"1024\" height=\"682\" data-id=\"518\" src=\"https:\/\/oesterioja.com.ar\/news\/wp-content\/uploads\/2026\/08\/IMG-20260827-WA0007-1-1024x682.jpg\" alt=\"\" class=\"wp-image-518\" srcset=\"https:\/\/oesterioja.com.ar\/news\/wp-content\/uploads\/2026\/08\/IMG-20260827-WA0007-1-1024x682.jpg 1024w, https:\/\/oesterioja.com.ar\/news\/wp-content\/uploads\/2026\/08\/IMG-20260827-WA0007-1-300x200.jpg 300w, https:\/\/oesterioja.com.ar\/news\/wp-content\/uploads\/2026\/08\/IMG-20260827-WA0007-1-767x511.jpg 767w, https:\/\/oesterioja.com.ar\/news\/wp-content\/uploads\/2026\/08\/IMG-20260827-WA0007-1-1536x1023.jpg 1536w, https:\/\/oesterioja.com.ar\/news\/wp-content\/uploads\/2026\/08\/IMG-20260827-WA0007-1.jpg 1600w\" sizes=\"auto, (max-width: 1024px) 100vw, 1024px\" \/><\/a><\/figure>\n\n\n\n<figure class=\"wp-block-image size-large\"><a href=\"https:\/\/oesterioja.com.ar\/news\/wp-content\/uploads\/2026\/08\/IMG-20260827-WA0008-1.jpg\"><img loading=\"lazy\" decoding=\"async\" width=\"1024\" height=\"682\" data-id=\"517\" src=\"https:\/\/oesterioja.com.ar\/news\/wp-content\/uploads\/2026\/08\/IMG-20260827-WA0008-1-1024x682.jpg\" alt=\"\" class=\"wp-image-517\" srcset=\"https:\/\/oesterioja.com.ar\/news\/wp-content\/uploads\/2026\/08\/IMG-20260827-WA0008-1-1024x682.jpg 1024w, https:\/\/oesterioja.com.ar\/news\/wp-content\/uploads\/2026\/08\/IMG-20260827-WA0008-1-300x200.jpg 300w, https:\/\/oesterioja.com.ar\/news\/wp-content\/uploads\/2026\/08\/IMG-20260827-WA0008-1-767x511.jpg 767w, https:\/\/oesterioja.com.ar\/news\/wp-content\/uploads\/2026\/08\/IMG-20260827-WA0008-1-1536x1023.jpg 1536w, https:\/\/oesterioja.com.ar\/news\/wp-content\/uploads\/2026\/08\/IMG-20260827-WA0008-1.jpg 1600w\" sizes=\"auto, (max-width: 1024px) 100vw, 1024px\" \/><\/a><\/figure>\n<\/figure>\n\n\n\n<p class=\"has-black-color has-text-color has-link-color has-medium-font-size wp-elements-5 wp-block-paragraph\">*Salud mental y alimentaci\u00f3n, dos ejes prioritarios*<br>Durante la jornada, el ministro de Desarrollo, Igualdad e Integraci\u00f3n Social, Alfredo Menem, explic\u00f3 que la primera etapa de trabajo concentrar\u00e1 esfuerzos en dos \u00e1reas prioritarias.<br>\u201cNos vamos a enfocar en dos temas: la salud mental adolescente y los entornos saludables alimenticios, que hacen obviamente a una problem\u00e1tica transversal y de la sociedad\u201d, se\u00f1al\u00f3.<br>Menem destac\u00f3 adem\u00e1s la necesidad de optimizar los recursos humanos y econ\u00f3micos disponibles, fortalecer las pol\u00edticas que ya desarrolla la Provincia y promover una mayor participaci\u00f3n de la comunidad en la construcci\u00f3n de respuestas.<br>La agenda con UNICEF permitir\u00e1, en este sentido, fortalecer capacidades institucionales, incorporar asistencia t\u00e9cnica y profundizar estrategias de prevenci\u00f3n y acompa\u00f1amiento, especialmente en materia de bienestar psicosocial y alimentaci\u00f3n saludable.<\/p>\n\n\n\n<p class=\"has-black-color has-text-color has-link-color has-medium-font-size wp-elements-6 wp-block-paragraph\">*El acompa\u00f1amiento de las familias*<br>Por su parte, la vicegobernadora Teresita Madera puso en valor la decisi\u00f3n pol\u00edtica de sostener y profundizar las pol\u00edticas p\u00fablicas vinculadas con el desarrollo humano y plante\u00f3 la necesidad de incorporar a las familias como parte fundamental de las estrategias de prevenci\u00f3n y acompa\u00f1amiento.<br>\u201cNosotros tenemos que seguir hablando de salud mental en nuestros j\u00f3venes, en nuestros ni\u00f1os, pero tambi\u00e9n tenemos que incorporar dentro de ese trabajo algo m\u00e1s importante, a la base, que es la familia\u201d, expres\u00f3.<br>Madera remarc\u00f3 asimismo la importancia de sostener la inversi\u00f3n en equipos t\u00e9cnicos y programas vinculados con la salud mental. \u201cTenemos una tarea por delante que es tit\u00e1nica\u201d, afirm\u00f3, y se\u00f1al\u00f3 que para afrontarla se necesita trabajo coordinado e interdisciplinario, recursos y decisi\u00f3n pol\u00edtica.<\/p>\n\n\n\n<p class=\"has-black-color has-text-color has-link-color has-medium-font-size wp-elements-7 wp-block-paragraph\">*Una agenda de cooperaci\u00f3n hasta 2030*<br>El encuentro permiti\u00f3 comenzar a definir las l\u00edneas de trabajo que se desarrollar\u00e1n en el marco del Plan de Cooperaci\u00f3n 2026-2030, dando continuidad al acuerdo alcanzado entre el Gobierno provincial y UNICEF Argentina.<br>La articulaci\u00f3n permitir\u00e1 complementar las pol\u00edticas que la Provincia viene desarrollando para acompa\u00f1ar a las familias y garantizar mejores condiciones de desarrollo para ni\u00f1as, ni\u00f1os y adolescentes, incorporando herramientas y asistencia t\u00e9cnica para fortalecer las intervenciones estatales.<br>De esta manera, La Rioja avanza en una agenda que coloca entre sus prioridades la prevenci\u00f3n en salud mental, el bienestar psicosocial y la construcci\u00f3n de entornos alimentarios saludables, con una perspectiva integral centrada en la protecci\u00f3n de derechos y el acompa\u00f1amiento de las infancias, adolescencias y sus familias.<\/p>\n\n\n<p class=\"has-text-align-center has-black-color has-text-color has-link-color has-medium-font-size wp-elements-8 wp-block-paragraph\"><strong>Seguinos en nuestras redes sociales!<br><a href=\"https:\/\/www.instagram.com\/oesterioja.com.ar\/\">https:\/\/www.instagram.com\/oesterioja.com.ar\/<\/a><br><a href=\"https:\/\/www.facebook.com\/oesterioja.com.ar\">https:\/\/www.facebook.com\/oesterioja.com.ar<\/a><br><a href=\"https:\/\/x.com\/oesteriojaok\">https:\/\/x.com\/oesteriojaok<\/a><br><a href=\"https:\/\/www.youtube.com\/@oesterioja\">https:\/\/www.youtube.com\/@oesterioja<\/a><br><a href=\"https:\/\/www.tiktok.com\/@oesteriojatiktok\">https:\/\/www.tiktok.com\/@oesteriojatiktok<\/a><\/strong><\/p>\n\n\n\n<figure class=\"wp-block-image\"><a href=\"https:\/\/chat.whatsapp.com\/LiGy1PVnV4gJnbsFBgRI40\" target=\"_blank\" rel=\" noreferrer noopener\"><img loading=\"lazy\" decoding=\"async\" width=\"2560\" height=\"333\" src=\"https:\/\/oesterioja.com.ar\/news\/wp-content\/uploads\/2026\/07\/Gemini_Generated_Image_vwbndtvwbndtvwbn-scaled.png\" alt=\"\" class=\"wp-image-249\" srcset=\"https:\/\/oesterioja.com.ar\/news\/wp-content\/uploads\/2026\/07\/Gemini_Generated_Image_vwbndtvwbndtvwbn-scaled.png 2560w, https:\/\/oesterioja.com.ar\/news\/wp-content\/uploads\/2026\/07\/Gemini_Generated_Image_vwbndtvwbndtvwbn-300x39.png 300w, https:\/\/oesterioja.com.ar\/news\/wp-content\/uploads\/2026\/07\/Gemini_Generated_Image_vwbndtvwbndtvwbn-1024x133.png 1024w, https:\/\/oesterioja.com.ar\/news\/wp-content\/uploads\/2026\/07\/Gemini_Generated_Image_vwbndtvwbndtvwbn-768x100.png 768w, https:\/\/oesterioja.com.ar\/news\/wp-content\/uploads\/2026\/07\/Gemini_Generated_Image_vwbndtvwbndtvwbn-1536x200.png 1536w, https:\/\/oesterioja.com.ar\/news\/wp-content\/uploads\/2026\/07\/Gemini_Generated_Image_vwbndtvwbndtvwbn-2048x266.png 2048w\" sizes=\"auto, (max-width: 2560px) 100vw, 2560px\" \/><\/a><\/figure>\n\n\n\n<figure class=\"wp-block-image size-large\"><a href=\"https:\/\/josemarialr.com.ar\/web\/\"><img loading=\"lazy\" decoding=\"async\" width=\"1024\" height=\"399\" src=\"https:\/\/oesterioja.com.ar\/news\/wp-content\/uploads\/2026\/08\/Gemini_Generated_Image_7q8oo87q8oo87q8o-1024x399.jpg\" alt=\"\" class=\"wp-image-426\" srcset=\"https:\/\/oesterioja.com.ar\/news\/wp-content\/uploads\/2026\/08\/Gemini_Generated_Image_7q8oo87q8oo87q8o-1024x399.jpg 1024w, https:\/\/oesterioja.com.ar\/news\/wp-content\/uploads\/2026\/08\/Gemini_Generated_Image_7q8oo87q8oo87q8o-300x117.jpg 300w, https:\/\/oesterioja.com.ar\/news\/wp-content\/uploads\/2026\/08\/Gemini_Generated_Image_7q8oo87q8oo87q8o-768x299.jpg 768w, https:\/\/oesterioja.com.ar\/news\/wp-content\/uploads\/2026\/08\/Gemini_Generated_Image_7q8oo87q8oo87q8o-1536x598.jpg 1536w, https:\/\/oesterioja.com.ar\/news\/wp-content\/uploads\/2026\/08\/Gemini_Generated_Image_7q8oo87q8oo87q8o.jpg 1644w\" sizes=\"auto, (max-width: 1024px) 100vw, 1024px\" \/><\/a><\/figure>\n\n\n\n<p class=\"has-text-align-center has-black-color has-text-color has-link-color has-medium-font-size wp-elements-9 wp-block-paragraph\"><strong>Make software design for all device<br>JoseMaria Designer<br><a href=\"https:\/\/github.com\/josemarialr\">https:\/\/github.com\/josemarialr<\/a><br><a href=\"https:\/\/www.facebook.com\/josemariafvarela\">https:\/\/www.facebook.com\/josemariafvarela<\/a><br><a href=\"https:\/\/x.com\/josemarialrX\">https:\/\/x.com\/josemarialrX<\/a><\/strong><\/p>\n\n<div class=\"twitter-share\"><a href=\"https:\/\/twitter.com\/intent\/tweet?via=OesteriojaOK\" class=\"twitter-share-button\" data-size=\"large\">Twittear<\/a><\/div>\n","protected":false},"excerpt":{"rendered":"<p>&gt; _Cooperaci\u00f3n para el desarrollo integral_ *A partir del acuerdo de cooperaci\u00f3n firmado en julio, el Gobierno provincial y UNICEF Argentina iniciaron la planificaci\u00f3n del Plan de Cooperaci\u00f3n 2026-2030. Salud mental adolescente y entornos alimentarios saludables ser\u00e1n dos de los ejes prioritarios de una agenda que articula distintas \u00e1reas del Estado para fortalecer la protecci\u00f3n [&hellip;]<\/p>\n","protected":false},"author":2,"featured_media":516,"comment_status":"closed","ping_status":"closed","sticky":false,"template":"","format":"standard","meta":{"wp_popup_display_lightbox":0,"wp_popup_suppress":"","wp_popup_trigger":"","wp_popup_trigger_amount":0,"wp_popup_disable_on_mobile":false,"footnotes":"","jetpack_publicize_message":"","jetpack_publicize_feature_enabled":true,"jetpack_social_post_already_shared":true,"jetpack_social_options":{"image_generator_settings":{"template":"highway","default_image_id":0,"font":"","enabled":false},"version":2}},"categories":[4],"tags":[116,26,10,9,24,141],"class_list":["post-513","post","type-post","status-publish","format-standard","has-post-thumbnail","hentry","category-provinciales","tag-alfredo-menem","tag-gaby-pedrali","tag-la-rioja","tag-ricardo-quintela","tag-tere-madera","tag-unicef"],"jetpack_publicize_connections":[],"_links":{"self":[{"href":"https:\/\/oesterioja.com.ar\/news\/wp-json\/wp\/v2\/posts\/513","targetHints":{"allow":["GET"]}}],"collection":[{"href":"https:\/\/oesterioja.com.ar\/news\/wp-json\/wp\/v2\/posts"}],"about":[{"href":"https:\/\/oesterioja.com.ar\/news\/wp-json\/wp\/v2\/types\/post"}],"author":[{"embeddable":true,"href":"https:\/\/oesterioja.com.ar\/news\/wp-json\/wp\/v2\/users\/2"}],"replies":[{"embeddable":true,"href":"https:\/\/oesterioja.com.ar\/news\/wp-json\/wp\/v2\/comments?post=513"}],"version-history":[{"count":1,"href":"https:\/\/oesterioja.com.ar\/news\/wp-json\/wp\/v2\/posts\/513\/revisions"}],"predecessor-version":[{"id":519,"href":"https:\/\/oesterioja.com.ar\/news\/wp-json\/wp\/v2\/posts\/513\/revisions\/519"}],"wp:featuredmedia":[{"embeddable":true,"href":"https:\/\/oesterioja.com.ar\/news\/wp-json\/wp\/v2\/media\/516"}],"wp:attachment":[{"href":"https:\/\/oesterioja.com.ar\/news\/wp-json\/wp\/v2\/media?parent=513"}],"wp:term":[{"taxonomy":"category","embeddable":true,"href":"https:\/\/oesterioja.com.ar\/news\/wp-json\/wp\/v2\/categories?post=513"},{"taxonomy":"post_tag","embeddable":true,"href":"https:\/\/oesterioja.com.ar\/news\/wp-json\/wp\/v2\/tags?post=513"}],"curies":[{"name":"wp","href":"https:\/\/api.w.org\/{rel}","templated":true}]}}