{"id":509,"date":"2026-08-27T13:44:10","date_gmt":"2026-08-27T13:44:10","guid":{"rendered":"https:\/\/oesterioja.com.ar\/news\/?p=509"},"modified":"2026-08-27T13:44:11","modified_gmt":"2026-08-27T13:44:11","slug":"septiembre-joven-celebra-30-anos-y-vuelve-a-convocar-a-las-juventudes-de-toda-la-rioja","status":"publish","type":"post","link":"https:\/\/oesterioja.com.ar\/news\/septiembre-joven-celebra-30-anos-y-vuelve-a-convocar-a-las-juventudes-de-toda-la-rioja\/","title":{"rendered":"Septiembre Joven celebra 30 a\u00f1os y vuelve a convocar a las juventudes de toda La Rioja"},"content":{"rendered":"\n<p class=\"has-black-color has-text-color has-link-color has-medium-font-size wp-elements-1 wp-block-paragraph\"><strong>> _Cultura, participaci\u00f3n y protagonismo juvenil_<br><br><br>_El 26 y 27 de septiembre, el Parque de la Ciudad volver\u00e1 a ser punto de encuentro de las juventudes riojanas para celebrar los 30 a\u00f1os de Septiembre Joven. La propuesta reunir\u00e1 m\u00fasica, danza, arte y distintas expresiones juveniles, mientras que el Pre Septiembre Joven recorrer\u00e1 todos los departamentos en busca de los talentos que llegar\u00e1n al escenario principal._<br><br>El Gobierno de La Rioja realizar\u00e1 los pr\u00f3ximos 26 y 27 de septiembre una nueva edici\u00f3n de Septiembre Joven en el Parque de la Ciudad. Este a\u00f1o, la celebraci\u00f3n tendr\u00e1 un significado especial: se cumplen 30 a\u00f1os de una propuesta que se convirti\u00f3 en parte de la identidad cultural de la provincia y en un espacio de encuentro, participaci\u00f3n y expresi\u00f3n para distintas generaciones de j\u00f3venes riojanos.<br>Durante las dos jornadas, juventudes de distintos puntos de La Rioja podr\u00e1n compartir propuestas vinculadas con la m\u00fasica, la danza, el arte y otras expresiones creativas, en un espacio pensado para visibilizar sus producciones, promover el encuentro y reconocer su aporte a la vida cultural de la provincia.<br>Tres d\u00e9cadas despu\u00e9s de su primera edici\u00f3n, Septiembre Joven mantiene as\u00ed el esp\u00edritu con el que naci\u00f3: generar un \u00e1mbito en el que las juventudes puedan encontrarse, expresarse y ser protagonistas, incorporando a lo largo de los a\u00f1os nuevas formas de creaci\u00f3n y participaci\u00f3n.<br><br>_El Pre Septiembre Joven recorrer\u00e1 toda la provincia_<br>Como antesala de la celebraci\u00f3n central, este viernes comenzar\u00e1 el Pre Septiembre Joven, un certamen que recorrer\u00e1 todos los departamentos de La Rioja con el objetivo de descubrir y promover talentos locales.<br>A trav\u00e9s de esta instancia se seleccionar\u00e1 a artistas que posteriormente tendr\u00e1n la posibilidad de formar parte del escenario principal de Septiembre Joven, permitiendo que la celebraci\u00f3n tenga representaci\u00f3n de distintos puntos del territorio provincial.<br>El recorrido del Pre Septiembre Joven busca adem\u00e1s ampliar las oportunidades de participaci\u00f3n y acercar la propuesta a las juventudes del interior, reconociendo la diversidad de expresiones art\u00edsticas y culturales existentes en cada departamento.<\/strong><\/p>\n\n\n\n<figure class=\"wp-block-image size-large\"><a href=\"https:\/\/oesterioja.com.ar\/news\/wp-content\/uploads\/2026\/08\/IMG-20260827-WA0001.jpg\"><img loading=\"lazy\" decoding=\"async\" width=\"576\" height=\"1024\" src=\"https:\/\/oesterioja.com.ar\/news\/wp-content\/uploads\/2026\/08\/IMG-20260827-WA0001-576x1024.jpg\" alt=\"\" class=\"wp-image-511\" srcset=\"https:\/\/oesterioja.com.ar\/news\/wp-content\/uploads\/2026\/08\/IMG-20260827-WA0001-576x1024.jpg 576w, https:\/\/oesterioja.com.ar\/news\/wp-content\/uploads\/2026\/08\/IMG-20260827-WA0001-169x300.jpg 169w, https:\/\/oesterioja.com.ar\/news\/wp-content\/uploads\/2026\/08\/IMG-20260827-WA0001.jpg 720w\" sizes=\"auto, (max-width: 576px) 100vw, 576px\" \/><\/a><\/figure>\n\n\n\n<p class=\"has-black-color has-text-color has-link-color has-medium-font-size wp-elements-2 wp-block-paragraph\"><strong><br><br>_Tres d\u00e9cadas de una pol\u00edtica para las juventudes_<br>La realizaci\u00f3n de una nueva edici\u00f3n, en un contexto econ\u00f3mico complejo, expresa la decisi\u00f3n del Gobierno provincial de sostener espacios p\u00fablicos de encuentro, participaci\u00f3n y expresi\u00f3n cultural para las juventudes.<br>En ese sentido, el acompa\u00f1amiento del gobernador Ricardo Quintela permite dar continuidad a una celebraci\u00f3n con tres d\u00e9cadas de historia y reafirma una pol\u00edtica que reconoce a las juventudes no solamente como protagonistas del futuro, sino fundamentalmente como actores del presente, con capacidad para crear, expresarse y participar activamente en la construcci\u00f3n de la comunidad.<br>Bajo la consigna \u201cFlorece el pa\u00eds que llevamos dentro\u201d, Septiembre Joven celebrar\u00e1 sus 30 a\u00f1os recuperando su historia y proyect\u00e1ndola hacia nuevas generaciones.<br>Los d\u00edas 26 y 27 de septiembre, el Parque de la Ciudad volver\u00e1 a convertirse en el punto de encuentro de j\u00f3venes de toda La Rioja para celebrar tres d\u00e9cadas de cultura, creatividad, participaci\u00f3n y protagonismo juvenil.<\/strong><\/p>\n\n\n<p class=\"has-text-align-center has-black-color has-text-color has-link-color has-medium-font-size wp-elements-3 wp-block-paragraph\"><strong>Seguinos en nuestras redes sociales!<br><a href=\"https:\/\/www.instagram.com\/oesterioja.com.ar\/\">https:\/\/www.instagram.com\/oesterioja.com.ar\/<\/a><br><a href=\"https:\/\/www.facebook.com\/oesterioja.com.ar\">https:\/\/www.facebook.com\/oesterioja.com.ar<\/a><br><a href=\"https:\/\/x.com\/oesteriojaok\">https:\/\/x.com\/oesteriojaok<\/a><br><a href=\"https:\/\/www.youtube.com\/@oesterioja\">https:\/\/www.youtube.com\/@oesterioja<\/a><br><a href=\"https:\/\/www.tiktok.com\/@oesteriojatiktok\">https:\/\/www.tiktok.com\/@oesteriojatiktok<\/a><\/strong><\/p>\n\n\n\n<figure class=\"wp-block-image\"><a href=\"https:\/\/chat.whatsapp.com\/LiGy1PVnV4gJnbsFBgRI40\" target=\"_blank\" rel=\" noreferrer noopener\"><img loading=\"lazy\" decoding=\"async\" width=\"2560\" height=\"333\" src=\"https:\/\/oesterioja.com.ar\/news\/wp-content\/uploads\/2026\/07\/Gemini_Generated_Image_vwbndtvwbndtvwbn-scaled.png\" alt=\"\" class=\"wp-image-249\" srcset=\"https:\/\/oesterioja.com.ar\/news\/wp-content\/uploads\/2026\/07\/Gemini_Generated_Image_vwbndtvwbndtvwbn-scaled.png 2560w, https:\/\/oesterioja.com.ar\/news\/wp-content\/uploads\/2026\/07\/Gemini_Generated_Image_vwbndtvwbndtvwbn-300x39.png 300w, https:\/\/oesterioja.com.ar\/news\/wp-content\/uploads\/2026\/07\/Gemini_Generated_Image_vwbndtvwbndtvwbn-1024x133.png 1024w, https:\/\/oesterioja.com.ar\/news\/wp-content\/uploads\/2026\/07\/Gemini_Generated_Image_vwbndtvwbndtvwbn-768x100.png 768w, https:\/\/oesterioja.com.ar\/news\/wp-content\/uploads\/2026\/07\/Gemini_Generated_Image_vwbndtvwbndtvwbn-1536x200.png 1536w, https:\/\/oesterioja.com.ar\/news\/wp-content\/uploads\/2026\/07\/Gemini_Generated_Image_vwbndtvwbndtvwbn-2048x266.png 2048w\" sizes=\"auto, (max-width: 2560px) 100vw, 2560px\" \/><\/a><\/figure>\n\n\n\n<figure class=\"wp-block-image size-large\"><a href=\"https:\/\/josemarialr.com.ar\/web\/\"><img loading=\"lazy\" decoding=\"async\" width=\"1024\" height=\"399\" src=\"https:\/\/oesterioja.com.ar\/news\/wp-content\/uploads\/2026\/08\/Gemini_Generated_Image_7q8oo87q8oo87q8o-1024x399.jpg\" alt=\"\" class=\"wp-image-426\" srcset=\"https:\/\/oesterioja.com.ar\/news\/wp-content\/uploads\/2026\/08\/Gemini_Generated_Image_7q8oo87q8oo87q8o-1024x399.jpg 1024w, https:\/\/oesterioja.com.ar\/news\/wp-content\/uploads\/2026\/08\/Gemini_Generated_Image_7q8oo87q8oo87q8o-300x117.jpg 300w, https:\/\/oesterioja.com.ar\/news\/wp-content\/uploads\/2026\/08\/Gemini_Generated_Image_7q8oo87q8oo87q8o-768x299.jpg 768w, https:\/\/oesterioja.com.ar\/news\/wp-content\/uploads\/2026\/08\/Gemini_Generated_Image_7q8oo87q8oo87q8o-1536x598.jpg 1536w, https:\/\/oesterioja.com.ar\/news\/wp-content\/uploads\/2026\/08\/Gemini_Generated_Image_7q8oo87q8oo87q8o.jpg 1644w\" sizes=\"auto, (max-width: 1024px) 100vw, 1024px\" \/><\/a><\/figure>\n\n\n\n<p class=\"has-text-align-center has-black-color has-text-color has-link-color has-medium-font-size wp-elements-4 wp-block-paragraph\"><strong>Make software design for all device<br>JoseMaria Designer<br><a href=\"https:\/\/github.com\/josemarialr\">https:\/\/github.com\/josemarialr<\/a><br><a href=\"https:\/\/www.facebook.com\/josemariafvarela\">https:\/\/www.facebook.com\/josemariafvarela<\/a><br><a href=\"https:\/\/x.com\/josemarialrX\">https:\/\/x.com\/josemarialrX<\/a><\/strong><\/p>\n\n<div class=\"twitter-share\"><a href=\"https:\/\/twitter.com\/intent\/tweet?via=OesteriojaOK\" class=\"twitter-share-button\" data-size=\"large\">Twittear<\/a><\/div>\n","protected":false},"excerpt":{"rendered":"<p>> _Cultura, participaci\u00f3n y protagonismo juvenil_ _El 26 y 27 de septiembre, el Parque de la Ciudad volver\u00e1 a ser punto de encuentro de las juventudes riojanas para celebrar los 30 a\u00f1os de Septiembre Joven. La propuesta reunir\u00e1 m\u00fasica, danza, arte y distintas expresiones juveniles, mientras que el Pre Septiembre Joven recorrer\u00e1 todos los departamentos [&hellip;]<\/p>\n","protected":false},"author":2,"featured_media":510,"comment_status":"closed","ping_status":"closed","sticky":false,"template":"","format":"standard","meta":{"wp_popup_display_lightbox":0,"wp_popup_suppress":"","wp_popup_trigger":"","wp_popup_trigger_amount":0,"wp_popup_disable_on_mobile":false,"footnotes":"","jetpack_publicize_message":"","jetpack_publicize_feature_enabled":true,"jetpack_social_post_already_shared":true,"jetpack_social_options":{"image_generator_settings":{"template":"highway","default_image_id":0,"font":"","enabled":false},"version":2}},"categories":[4],"tags":[26,10,9,140],"class_list":["post-509","post","type-post","status-publish","format-standard","has-post-thumbnail","hentry","category-provinciales","tag-gaby-pedrali","tag-la-rioja","tag-ricardo-quintela","tag-septiembre-joven"],"jetpack_publicize_connections":[],"_links":{"self":[{"href":"https:\/\/oesterioja.com.ar\/news\/wp-json\/wp\/v2\/posts\/509","targetHints":{"allow":["GET"]}}],"collection":[{"href":"https:\/\/oesterioja.com.ar\/news\/wp-json\/wp\/v2\/posts"}],"about":[{"href":"https:\/\/oesterioja.com.ar\/news\/wp-json\/wp\/v2\/types\/post"}],"author":[{"embeddable":true,"href":"https:\/\/oesterioja.com.ar\/news\/wp-json\/wp\/v2\/users\/2"}],"replies":[{"embeddable":true,"href":"https:\/\/oesterioja.com.ar\/news\/wp-json\/wp\/v2\/comments?post=509"}],"version-history":[{"count":1,"href":"https:\/\/oesterioja.com.ar\/news\/wp-json\/wp\/v2\/posts\/509\/revisions"}],"predecessor-version":[{"id":512,"href":"https:\/\/oesterioja.com.ar\/news\/wp-json\/wp\/v2\/posts\/509\/revisions\/512"}],"wp:featuredmedia":[{"embeddable":true,"href":"https:\/\/oesterioja.com.ar\/news\/wp-json\/wp\/v2\/media\/510"}],"wp:attachment":[{"href":"https:\/\/oesterioja.com.ar\/news\/wp-json\/wp\/v2\/media?parent=509"}],"wp:term":[{"taxonomy":"category","embeddable":true,"href":"https:\/\/oesterioja.com.ar\/news\/wp-json\/wp\/v2\/categories?post=509"},{"taxonomy":"post_tag","embeddable":true,"href":"https:\/\/oesterioja.com.ar\/news\/wp-json\/wp\/v2\/tags?post=509"}],"curies":[{"name":"wp","href":"https:\/\/api.w.org\/{rel}","templated":true}]}}