{"id":497,"date":"2026-08-26T18:00:12","date_gmt":"2026-08-26T18:00:12","guid":{"rendered":"https:\/\/oesterioja.com.ar\/news\/?p=497"},"modified":"2026-08-26T18:00:13","modified_gmt":"2026-08-26T18:00:13","slug":"los-chachos-amplian-su-alcance-en-cordoba-con-el-avance-de-la-adhesion-de-grupo-dinosaurio","status":"publish","type":"post","link":"https:\/\/oesterioja.com.ar\/news\/los-chachos-amplian-su-alcance-en-cordoba-con-el-avance-de-la-adhesion-de-grupo-dinosaurio\/","title":{"rendered":"Los Chachos ampl\u00edan su alcance en C\u00f3rdoba con el avance de la adhesi\u00f3n de Grupo Dinosaurio"},"content":{"rendered":"\n<p class=\"has-black-color has-text-color has-link-color has-medium-font-size wp-elements-1 wp-block-paragraph\">&gt; _Expansi\u00f3n de la red comercial_<\/p>\n\n\n\n<p class=\"has-black-color has-text-color has-link-color has-medium-font-size wp-elements-2 wp-block-paragraph\"><\/p>\n\n\n\n<p class=\"has-black-color has-text-color has-link-color has-medium-font-size wp-elements-3 wp-block-paragraph\"><strong>_El Gobierno de La Rioja avanz\u00f3 en un acuerdo con el grupo empresario cordob\u00e9s para incorporar supermercados, tiendas de indumentaria y otros establecimientos a la red que recibe los bonos provinciales. La gesti\u00f3n forma parte de la estrategia para ampliar las posibilidades de utilizaci\u00f3n de los Chachos fuera de la provincia y fortalecer su circulaci\u00f3n._<\/strong><\/p>\n\n\n\n<p class=\"has-black-color has-text-color has-link-color has-medium-font-size wp-elements-4 wp-block-paragraph\">El Gobierno de La Rioja, a trav\u00e9s del Ministerio de Hacienda y Finanzas P\u00fablicas y la Casa de La Rioja en C\u00f3rdoba, avanz\u00f3 este martes 25 en las gestiones para incorporar al Grupo Dinosaurio a la red comercial que recibe Chachos, ampliando las posibilidades de utilizaci\u00f3n de los bonos provinciales fuera del territorio riojano.<\/p>\n\n\n\n<figure class=\"wp-block-gallery has-nested-images columns-default is-cropped wp-block-gallery-1 is-layout-flex wp-block-gallery-is-layout-flex\">\n<figure class=\"wp-block-image size-large\"><a href=\"https:\/\/oesterioja.com.ar\/news\/wp-content\/uploads\/2026\/08\/IMG-20260826-WA0003.jpg\"><img loading=\"lazy\" decoding=\"async\" width=\"1024\" height=\"682\" data-id=\"499\" src=\"https:\/\/oesterioja.com.ar\/news\/wp-content\/uploads\/2026\/08\/IMG-20260826-WA0003-1024x682.jpg\" alt=\"\" class=\"wp-image-499\" srcset=\"https:\/\/oesterioja.com.ar\/news\/wp-content\/uploads\/2026\/08\/IMG-20260826-WA0003-1024x682.jpg 1024w, https:\/\/oesterioja.com.ar\/news\/wp-content\/uploads\/2026\/08\/IMG-20260826-WA0003-300x200.jpg 300w, https:\/\/oesterioja.com.ar\/news\/wp-content\/uploads\/2026\/08\/IMG-20260826-WA0003-767x511.jpg 767w, https:\/\/oesterioja.com.ar\/news\/wp-content\/uploads\/2026\/08\/IMG-20260826-WA0003-1536x1023.jpg 1536w, https:\/\/oesterioja.com.ar\/news\/wp-content\/uploads\/2026\/08\/IMG-20260826-WA0003.jpg 1600w\" sizes=\"auto, (max-width: 1024px) 100vw, 1024px\" \/><\/a><\/figure>\n\n\n\n<figure class=\"wp-block-image size-large\"><a href=\"https:\/\/oesterioja.com.ar\/news\/wp-content\/uploads\/2026\/08\/IMG-20260826-WA0004.jpg\"><img loading=\"lazy\" decoding=\"async\" width=\"1024\" height=\"682\" data-id=\"498\" src=\"https:\/\/oesterioja.com.ar\/news\/wp-content\/uploads\/2026\/08\/IMG-20260826-WA0004-1024x682.jpg\" alt=\"\" class=\"wp-image-498\" srcset=\"https:\/\/oesterioja.com.ar\/news\/wp-content\/uploads\/2026\/08\/IMG-20260826-WA0004-1024x682.jpg 1024w, https:\/\/oesterioja.com.ar\/news\/wp-content\/uploads\/2026\/08\/IMG-20260826-WA0004-300x200.jpg 300w, https:\/\/oesterioja.com.ar\/news\/wp-content\/uploads\/2026\/08\/IMG-20260826-WA0004-767x511.jpg 767w, https:\/\/oesterioja.com.ar\/news\/wp-content\/uploads\/2026\/08\/IMG-20260826-WA0004-1536x1023.jpg 1536w, https:\/\/oesterioja.com.ar\/news\/wp-content\/uploads\/2026\/08\/IMG-20260826-WA0004.jpg 1600w\" sizes=\"auto, (max-width: 1024px) 100vw, 1024px\" \/><\/a><\/figure>\n\n\n\n<figure class=\"wp-block-image size-large\"><a href=\"https:\/\/oesterioja.com.ar\/news\/wp-content\/uploads\/2026\/08\/IMG-20260826-WA0005.jpg\"><img loading=\"lazy\" decoding=\"async\" width=\"1024\" height=\"682\" data-id=\"500\" src=\"https:\/\/oesterioja.com.ar\/news\/wp-content\/uploads\/2026\/08\/IMG-20260826-WA0005-1024x682.jpg\" alt=\"\" class=\"wp-image-500\" srcset=\"https:\/\/oesterioja.com.ar\/news\/wp-content\/uploads\/2026\/08\/IMG-20260826-WA0005-1024x682.jpg 1024w, https:\/\/oesterioja.com.ar\/news\/wp-content\/uploads\/2026\/08\/IMG-20260826-WA0005-300x200.jpg 300w, https:\/\/oesterioja.com.ar\/news\/wp-content\/uploads\/2026\/08\/IMG-20260826-WA0005-767x511.jpg 767w, https:\/\/oesterioja.com.ar\/news\/wp-content\/uploads\/2026\/08\/IMG-20260826-WA0005-1536x1023.jpg 1536w, https:\/\/oesterioja.com.ar\/news\/wp-content\/uploads\/2026\/08\/IMG-20260826-WA0005.jpg 1600w\" sizes=\"auto, (max-width: 1024px) 100vw, 1024px\" \/><\/a><\/figure>\n\n\n\n<figure class=\"wp-block-image size-large\"><a href=\"https:\/\/oesterioja.com.ar\/news\/wp-content\/uploads\/2026\/08\/IMG-20260826-WA0006.jpg\"><img loading=\"lazy\" decoding=\"async\" width=\"1024\" height=\"682\" data-id=\"501\" src=\"https:\/\/oesterioja.com.ar\/news\/wp-content\/uploads\/2026\/08\/IMG-20260826-WA0006-1024x682.jpg\" alt=\"\" class=\"wp-image-501\" srcset=\"https:\/\/oesterioja.com.ar\/news\/wp-content\/uploads\/2026\/08\/IMG-20260826-WA0006-1024x682.jpg 1024w, https:\/\/oesterioja.com.ar\/news\/wp-content\/uploads\/2026\/08\/IMG-20260826-WA0006-300x200.jpg 300w, https:\/\/oesterioja.com.ar\/news\/wp-content\/uploads\/2026\/08\/IMG-20260826-WA0006-767x511.jpg 767w, https:\/\/oesterioja.com.ar\/news\/wp-content\/uploads\/2026\/08\/IMG-20260826-WA0006-1536x1023.jpg 1536w, https:\/\/oesterioja.com.ar\/news\/wp-content\/uploads\/2026\/08\/IMG-20260826-WA0006.jpg 1600w\" sizes=\"auto, (max-width: 1024px) 100vw, 1024px\" \/><\/a><\/figure>\n<\/figure>\n\n\n\n<p class=\"has-black-color has-text-color has-link-color has-medium-font-size wp-elements-5 wp-block-paragraph\"><br>El encuentro reuni\u00f3 al secretario de la Casa de La Rioja en C\u00f3rdoba, Pedro S\u00e1nchez; al propietario del Grupo Dinosaurio, Taty Bugliotti; a la contadora Patricia Caballero, representante de la administraci\u00f3n contable y Tesorer\u00eda de la firma; y a integrantes del Ministerio de Hacienda y Finanzas P\u00fablicas.<br>Grupo Dinosaurio posee distintas marcas vinculadas con supermercados, comercio mayorista, indumentaria y art\u00edculos para el hogar, con presencia en C\u00f3rdoba Capital, el Gran C\u00f3rdoba y otras localidades de la provincia, adem\u00e1s de establecimientos en Mendoza.<br>Durante la reuni\u00f3n se analizaron la situaci\u00f3n econ\u00f3mica que atraviesa el pa\u00eds, la ca\u00edda del consumo y las posibilidades que ofrece la incorporaci\u00f3n de los Chachos como herramienta para ampliar las alternativas de compra y dinamizar la actividad comercial.<br>Los representantes provinciales presentaron adem\u00e1s ejemplares f\u00edsicos de los bonos para que las autoridades de la empresa pudieran conocer de manera directa su funcionamiento y continuar avanzando en los aspectos operativos necesarios para su incorporaci\u00f3n.<\/p>\n\n\n\n<p class=\"has-black-color has-text-color has-link-color has-medium-font-size wp-elements-6 wp-block-paragraph\">*Una red que contin\u00faa creciendo fuera de La Rioja*<br>Desde el Gobierno provincial destacaron que la operatoria de los Chachos viene ampliando progresivamente su alcance y ya cuenta con presencia en establecimientos ubicados fuera de La Rioja.<br>El secretario de la Casa de La Rioja en C\u00f3rdoba, Pedro S\u00e1nchez, valor\u00f3 la importancia de continuar articulando con el sector privado para sumar nuevas alternativas de utilizaci\u00f3n, especialmente para riojanos y riojanas que residen, trabajan, estudian o desarrollan actividades en esa provincia.<br>En ese sentido, el avance de las gestiones con Grupo Dinosaurio representa un paso importante para incorporar establecimientos de amplia presencia comercial y continuar extendiendo la red de aceptaci\u00f3n.<\/p>\n\n\n\n<p class=\"has-black-color has-text-color has-link-color has-medium-font-size wp-elements-7 wp-block-paragraph\">*Los puntos contemplados en C\u00f3rdoba*<br>Dentro de la red comercial vinculada al Grupo Dinosaurio se encuentran establecimientos de Super Mami en C\u00f3rdoba Capital, Salsipuedes, Alta Gracia, Colonia Caroya, Malague\u00f1o y La Calera, adem\u00e1s de sucursales de Tiendas Vesta, Karmya y Centro Bridgestone.<br>En el caso de Super Mami, los puntos corresponden a Rodr\u00edguez del Busto 4086, avenida Fuerza A\u00e9rea Argentina 1700, Agust\u00edn Garz\u00f3n 1252, Circunvalaci\u00f3n Sur esquina H. Cejas, Agust\u00edn Tosco 4552, Donato \u00c1lvarez 7980 y avenida Don Bosco 3845, en C\u00f3rdoba Capital; avenida Sarmiento 1037, en Salsipuedes; Gabino Ezeiza 1080, Ruta 5 Km 29, en Alta Gracia; Estaci\u00f3n Caroya, RN 9 Km 749, en Colonia Caroya; Colectora de Ruta 20 Km 18,5, en Malague\u00f1o; y Ruta Provincial E55, en La Calera.<br>Tambi\u00e9n se encuentran establecimientos de Tiendas Vesta en Rodr\u00edguez del Busto 4086 y avenida Fuerza A\u00e9rea Argentina 1700; Karmya, en Rodr\u00edguez del Busto 4086; y Centro Bridgestone, en la misma ubicaci\u00f3n.<br>La ampliaci\u00f3n de la red comercial fuera de La Rioja forma parte de la estrategia provincial para fortalecer la circulaci\u00f3n de los Chachos, generar nuevas opciones para sus usuarios y consolidar la confianza de comerciantes y trabajadores en la herramienta.<\/p>\n\n\n<p class=\"has-text-align-center has-black-color has-text-color has-link-color has-medium-font-size wp-elements-8 wp-block-paragraph\"><strong>Seguinos en nuestras redes sociales!<br><a href=\"https:\/\/www.instagram.com\/oesterioja.com.ar\/\">https:\/\/www.instagram.com\/oesterioja.com.ar\/<\/a><br><a href=\"https:\/\/www.facebook.com\/oesterioja.com.ar\">https:\/\/www.facebook.com\/oesterioja.com.ar<\/a><br><a href=\"https:\/\/x.com\/oesteriojaok\">https:\/\/x.com\/oesteriojaok<\/a><br><a href=\"https:\/\/www.youtube.com\/@oesterioja\">https:\/\/www.youtube.com\/@oesterioja<\/a><br><a href=\"https:\/\/www.tiktok.com\/@oesteriojatiktok\">https:\/\/www.tiktok.com\/@oesteriojatiktok<\/a><\/strong><\/p>\n\n\n\n<figure class=\"wp-block-image\"><a href=\"https:\/\/chat.whatsapp.com\/LiGy1PVnV4gJnbsFBgRI40\" target=\"_blank\" rel=\" noreferrer noopener\"><img loading=\"lazy\" decoding=\"async\" width=\"2560\" height=\"333\" src=\"https:\/\/oesterioja.com.ar\/news\/wp-content\/uploads\/2026\/07\/Gemini_Generated_Image_vwbndtvwbndtvwbn-scaled.png\" alt=\"\" class=\"wp-image-249\" srcset=\"https:\/\/oesterioja.com.ar\/news\/wp-content\/uploads\/2026\/07\/Gemini_Generated_Image_vwbndtvwbndtvwbn-scaled.png 2560w, https:\/\/oesterioja.com.ar\/news\/wp-content\/uploads\/2026\/07\/Gemini_Generated_Image_vwbndtvwbndtvwbn-300x39.png 300w, https:\/\/oesterioja.com.ar\/news\/wp-content\/uploads\/2026\/07\/Gemini_Generated_Image_vwbndtvwbndtvwbn-1024x133.png 1024w, https:\/\/oesterioja.com.ar\/news\/wp-content\/uploads\/2026\/07\/Gemini_Generated_Image_vwbndtvwbndtvwbn-768x100.png 768w, https:\/\/oesterioja.com.ar\/news\/wp-content\/uploads\/2026\/07\/Gemini_Generated_Image_vwbndtvwbndtvwbn-1536x200.png 1536w, https:\/\/oesterioja.com.ar\/news\/wp-content\/uploads\/2026\/07\/Gemini_Generated_Image_vwbndtvwbndtvwbn-2048x266.png 2048w\" sizes=\"auto, (max-width: 2560px) 100vw, 2560px\" \/><\/a><\/figure>\n\n\n\n<figure class=\"wp-block-image size-large\"><a href=\"https:\/\/josemarialr.com.ar\/web\/\"><img loading=\"lazy\" decoding=\"async\" width=\"1024\" height=\"399\" src=\"https:\/\/oesterioja.com.ar\/news\/wp-content\/uploads\/2026\/08\/Gemini_Generated_Image_7q8oo87q8oo87q8o-1024x399.jpg\" alt=\"\" class=\"wp-image-426\" srcset=\"https:\/\/oesterioja.com.ar\/news\/wp-content\/uploads\/2026\/08\/Gemini_Generated_Image_7q8oo87q8oo87q8o-1024x399.jpg 1024w, https:\/\/oesterioja.com.ar\/news\/wp-content\/uploads\/2026\/08\/Gemini_Generated_Image_7q8oo87q8oo87q8o-300x117.jpg 300w, https:\/\/oesterioja.com.ar\/news\/wp-content\/uploads\/2026\/08\/Gemini_Generated_Image_7q8oo87q8oo87q8o-768x299.jpg 768w, https:\/\/oesterioja.com.ar\/news\/wp-content\/uploads\/2026\/08\/Gemini_Generated_Image_7q8oo87q8oo87q8o-1536x598.jpg 1536w, https:\/\/oesterioja.com.ar\/news\/wp-content\/uploads\/2026\/08\/Gemini_Generated_Image_7q8oo87q8oo87q8o.jpg 1644w\" sizes=\"auto, (max-width: 1024px) 100vw, 1024px\" \/><\/a><\/figure>\n\n\n\n<p class=\"has-text-align-center has-black-color has-text-color has-link-color has-medium-font-size wp-elements-9 wp-block-paragraph\"><strong>Make software design for all device<br>JoseMaria Designer<br><a href=\"https:\/\/github.com\/josemarialr\">https:\/\/github.com\/josemarialr<\/a><br><a href=\"https:\/\/www.facebook.com\/josemariafvarela\">https:\/\/www.facebook.com\/josemariafvarela<\/a><br><a href=\"https:\/\/x.com\/josemarialrX\">https:\/\/x.com\/josemarialrX<\/a><\/strong><\/p>\n\n<div class=\"twitter-share\"><a href=\"https:\/\/twitter.com\/intent\/tweet?via=OesteriojaOK\" class=\"twitter-share-button\" data-size=\"large\">Twittear<\/a><\/div>\n","protected":false},"excerpt":{"rendered":"<p>&gt; _Expansi\u00f3n de la red comercial_ _El Gobierno de La Rioja avanz\u00f3 en un acuerdo con el grupo empresario cordob\u00e9s para incorporar supermercados, tiendas de indumentaria y otros establecimientos a la red que recibe los bonos provinciales. La gesti\u00f3n forma parte de la estrategia para ampliar las posibilidades de utilizaci\u00f3n de los Chachos fuera de [&hellip;]<\/p>\n","protected":false},"author":2,"featured_media":501,"comment_status":"closed","ping_status":"closed","sticky":false,"template":"","format":"standard","meta":{"wp_popup_display_lightbox":0,"wp_popup_suppress":"","wp_popup_trigger":"","wp_popup_trigger_amount":0,"wp_popup_disable_on_mobile":false,"footnotes":"","jetpack_publicize_message":"","jetpack_publicize_feature_enabled":true,"jetpack_social_post_already_shared":true,"jetpack_social_options":{"image_generator_settings":{"template":"highway","default_image_id":0,"font":"","enabled":false},"version":2}},"categories":[5,4],"tags":[104,26,139,10,9],"class_list":["post-497","post","type-post","status-publish","format-standard","has-post-thumbnail","hentry","category-nacionales","category-provinciales","tag-chachos","tag-gaby-pedrali","tag-grupo-dinosaurio","tag-la-rioja","tag-ricardo-quintela"],"jetpack_publicize_connections":[],"_links":{"self":[{"href":"https:\/\/oesterioja.com.ar\/news\/wp-json\/wp\/v2\/posts\/497","targetHints":{"allow":["GET"]}}],"collection":[{"href":"https:\/\/oesterioja.com.ar\/news\/wp-json\/wp\/v2\/posts"}],"about":[{"href":"https:\/\/oesterioja.com.ar\/news\/wp-json\/wp\/v2\/types\/post"}],"author":[{"embeddable":true,"href":"https:\/\/oesterioja.com.ar\/news\/wp-json\/wp\/v2\/users\/2"}],"replies":[{"embeddable":true,"href":"https:\/\/oesterioja.com.ar\/news\/wp-json\/wp\/v2\/comments?post=497"}],"version-history":[{"count":1,"href":"https:\/\/oesterioja.com.ar\/news\/wp-json\/wp\/v2\/posts\/497\/revisions"}],"predecessor-version":[{"id":502,"href":"https:\/\/oesterioja.com.ar\/news\/wp-json\/wp\/v2\/posts\/497\/revisions\/502"}],"wp:featuredmedia":[{"embeddable":true,"href":"https:\/\/oesterioja.com.ar\/news\/wp-json\/wp\/v2\/media\/501"}],"wp:attachment":[{"href":"https:\/\/oesterioja.com.ar\/news\/wp-json\/wp\/v2\/media?parent=497"}],"wp:term":[{"taxonomy":"category","embeddable":true,"href":"https:\/\/oesterioja.com.ar\/news\/wp-json\/wp\/v2\/categories?post=497"},{"taxonomy":"post_tag","embeddable":true,"href":"https:\/\/oesterioja.com.ar\/news\/wp-json\/wp\/v2\/tags?post=497"}],"curies":[{"name":"wp","href":"https:\/\/api.w.org\/{rel}","templated":true}]}}