{"id":466,"date":"2026-08-21T23:26:57","date_gmt":"2026-08-21T23:26:57","guid":{"rendered":"https:\/\/oesterioja.com.ar\/news\/?p=466"},"modified":"2026-08-21T23:26:58","modified_gmt":"2026-08-21T23:26:58","slug":"plan-angelelli-quintela-profundiza-una-politica-habitacional-que-ya-alcanzo-a-mas-de-90-familias-en-chamical","status":"publish","type":"post","link":"https:\/\/oesterioja.com.ar\/news\/plan-angelelli-quintela-profundiza-una-politica-habitacional-que-ya-alcanzo-a-mas-de-90-familias-en-chamical\/","title":{"rendered":"Plan Angelelli: Quintela profundiza una pol\u00edtica habitacional que ya alcanz\u00f3 a m\u00e1s de 90 familias en Chamical"},"content":{"rendered":"\n<blockquote class=\"wp-block-quote is-layout-flow wp-block-quote-is-layout-flow\">\n<p class=\"has-black-color has-text-color has-link-color has-medium-font-size wp-elements-1 wp-block-paragraph\"><strong>186\u00b0 aniversario del departamento<\/strong><\/p>\n<\/blockquote>\n\n\n\n<p class=\"has-black-color has-text-color has-link-color has-medium-font-size wp-elements-2 wp-block-paragraph\"><strong><em>En el marco de la agenda por el aniversario de Chamical, el Gobernador entreg\u00f3 una nueva vivienda del Plan Angelelli a una familia del paraje El Quebrachal. La acci\u00f3n se suma a las 90 soluciones habitacionales ya otorgadas en el departamento y reafirma la decisi\u00f3n de sostener el acceso a un hogar digno en todo el territorio.<\/em><\/strong><\/p>\n\n\n\n<figure class=\"wp-block-gallery has-nested-images columns-default is-cropped wp-block-gallery-1 is-layout-flex wp-block-gallery-is-layout-flex\">\n<figure class=\"wp-block-image size-large\"><a href=\"https:\/\/oesterioja.com.ar\/news\/wp-content\/uploads\/2026\/08\/aaaaaWhatsApp-Image-2026-08-21-at-1.50.06-PM.jpeg\"><img loading=\"lazy\" decoding=\"async\" width=\"1024\" height=\"682\" data-id=\"467\" src=\"https:\/\/oesterioja.com.ar\/news\/wp-content\/uploads\/2026\/08\/aaaaaWhatsApp-Image-2026-08-21-at-1.50.06-PM-1024x682.jpeg\" alt=\"\" class=\"wp-image-467\" srcset=\"https:\/\/oesterioja.com.ar\/news\/wp-content\/uploads\/2026\/08\/aaaaaWhatsApp-Image-2026-08-21-at-1.50.06-PM-1024x682.jpeg 1024w, https:\/\/oesterioja.com.ar\/news\/wp-content\/uploads\/2026\/08\/aaaaaWhatsApp-Image-2026-08-21-at-1.50.06-PM-300x200.jpeg 300w, https:\/\/oesterioja.com.ar\/news\/wp-content\/uploads\/2026\/08\/aaaaaWhatsApp-Image-2026-08-21-at-1.50.06-PM-768x512.jpeg 768w, https:\/\/oesterioja.com.ar\/news\/wp-content\/uploads\/2026\/08\/aaaaaWhatsApp-Image-2026-08-21-at-1.50.06-PM-1536x1023.jpeg 1536w, https:\/\/oesterioja.com.ar\/news\/wp-content\/uploads\/2026\/08\/aaaaaWhatsApp-Image-2026-08-21-at-1.50.06-PM.jpeg 1600w\" sizes=\"auto, (max-width: 1024px) 100vw, 1024px\" \/><\/a><\/figure>\n\n\n\n<figure class=\"wp-block-image size-large\"><a href=\"https:\/\/oesterioja.com.ar\/news\/wp-content\/uploads\/2026\/08\/WhatsApp-Image-2026-08-21-at-1.50.04-PM.jpeg\"><img loading=\"lazy\" decoding=\"async\" width=\"1024\" height=\"682\" data-id=\"468\" src=\"https:\/\/oesterioja.com.ar\/news\/wp-content\/uploads\/2026\/08\/WhatsApp-Image-2026-08-21-at-1.50.04-PM-1024x682.jpeg\" alt=\"\" class=\"wp-image-468\" srcset=\"https:\/\/oesterioja.com.ar\/news\/wp-content\/uploads\/2026\/08\/WhatsApp-Image-2026-08-21-at-1.50.04-PM-1024x682.jpeg 1024w, https:\/\/oesterioja.com.ar\/news\/wp-content\/uploads\/2026\/08\/WhatsApp-Image-2026-08-21-at-1.50.04-PM-300x200.jpeg 300w, https:\/\/oesterioja.com.ar\/news\/wp-content\/uploads\/2026\/08\/WhatsApp-Image-2026-08-21-at-1.50.04-PM-768x512.jpeg 768w, https:\/\/oesterioja.com.ar\/news\/wp-content\/uploads\/2026\/08\/WhatsApp-Image-2026-08-21-at-1.50.04-PM-1536x1023.jpeg 1536w, https:\/\/oesterioja.com.ar\/news\/wp-content\/uploads\/2026\/08\/WhatsApp-Image-2026-08-21-at-1.50.04-PM.jpeg 1600w\" sizes=\"auto, (max-width: 1024px) 100vw, 1024px\" \/><\/a><\/figure>\n<\/figure>\n\n\n\n<p class=\"has-black-color has-text-color has-link-color has-medium-font-size wp-elements-3 wp-block-paragraph\"><strong>El gobernador Ricardo Quintela, acompa\u00f1ado por la vicegobernadora Teresita Madera y la diputada nacional Gabtriela Pedrali entreg\u00f3 este viernes una nueva vivienda del Plan Angelelli a una familia del paraje El Quebrachal, como parte de la agenda de trabajo desarrollada por el 186\u00b0 aniversario del departamento Chamical.<\/strong><\/p>\n\n\n\n<p class=\"has-black-color has-text-color has-link-color has-medium-font-size wp-elements-4 wp-block-paragraph\"><br><strong>La vivienda fue destinada a la familia de Silvia Nicolasa Vera y se suma a las 90 soluciones habitacionales ya entregadas en el departamento, como parte de una pol\u00edtica provincial orientada a acompa\u00f1ar a quienes necesitan acceder a mejores condiciones habitacionales.<\/strong><\/p>\n\n\n\n<p class=\"has-white-color has-black-background-color has-text-color has-background has-link-color has-medium-font-size wp-elements-5 wp-block-paragraph\"><br><strong><em>La entrega en El Quebrachal refleja adem\u00e1s el alcance territorial del Plan Angelelli, que busca llegar no solamente a los centros urbanos, sino tambi\u00e9n a parajes y comunidades rurales, dando respuestas a las necesidades concretas de las familias en sus lugares de pertenencia.<\/em><\/strong><\/p>\n\n\n\n<p class=\"has-black-color has-text-color has-link-color has-medium-font-size wp-elements-6 wp-block-paragraph\"><br><strong><em>De esta manera, el Gobierno provincial contin\u00faa profundizando en Chamical una pol\u00edtica habitacional que ya alcanz\u00f3 a m\u00e1s de 90 familias y que tiene como eje garantizar el acceso a un hogar digno como condici\u00f3n fundamental para mejorar la calidad de vida.<br>Acompa\u00f1aron al gobernador durante la entrega la vicegobernadora Teresita Madera; la diputada nacional Gabriela Pedrali; y la intendenta de Chamical, Dora Rodr\u00edguez.<\/em><\/strong><\/p>\n\n\n\n<figure class=\"wp-block-gallery has-nested-images columns-default is-cropped wp-block-gallery-2 is-layout-flex wp-block-gallery-is-layout-flex\">\n<figure class=\"wp-block-image size-large\"><a href=\"https:\/\/oesterioja.com.ar\/news\/wp-content\/uploads\/2026\/08\/aaaaWhatsApp-Image-2026-08-21-at-1.50.05-PM.jpeg\"><img loading=\"lazy\" decoding=\"async\" width=\"1024\" height=\"682\" data-id=\"470\" src=\"https:\/\/oesterioja.com.ar\/news\/wp-content\/uploads\/2026\/08\/aaaaWhatsApp-Image-2026-08-21-at-1.50.05-PM-1024x682.jpeg\" alt=\"\" class=\"wp-image-470\" srcset=\"https:\/\/oesterioja.com.ar\/news\/wp-content\/uploads\/2026\/08\/aaaaWhatsApp-Image-2026-08-21-at-1.50.05-PM-1024x682.jpeg 1024w, https:\/\/oesterioja.com.ar\/news\/wp-content\/uploads\/2026\/08\/aaaaWhatsApp-Image-2026-08-21-at-1.50.05-PM-300x200.jpeg 300w, https:\/\/oesterioja.com.ar\/news\/wp-content\/uploads\/2026\/08\/aaaaWhatsApp-Image-2026-08-21-at-1.50.05-PM-768x512.jpeg 768w, https:\/\/oesterioja.com.ar\/news\/wp-content\/uploads\/2026\/08\/aaaaWhatsApp-Image-2026-08-21-at-1.50.05-PM-1536x1023.jpeg 1536w, https:\/\/oesterioja.com.ar\/news\/wp-content\/uploads\/2026\/08\/aaaaWhatsApp-Image-2026-08-21-at-1.50.05-PM.jpeg 1600w\" sizes=\"auto, (max-width: 1024px) 100vw, 1024px\" \/><\/a><\/figure>\n\n\n\n<figure class=\"wp-block-image size-large\"><a href=\"https:\/\/oesterioja.com.ar\/news\/wp-content\/uploads\/2026\/08\/WhatsApp-Image-2026-08-21-at-1.50.04-PM-1.jpeg\"><img loading=\"lazy\" decoding=\"async\" width=\"1024\" height=\"682\" data-id=\"472\" src=\"https:\/\/oesterioja.com.ar\/news\/wp-content\/uploads\/2026\/08\/WhatsApp-Image-2026-08-21-at-1.50.04-PM-1-1024x682.jpeg\" alt=\"\" class=\"wp-image-472\" srcset=\"https:\/\/oesterioja.com.ar\/news\/wp-content\/uploads\/2026\/08\/WhatsApp-Image-2026-08-21-at-1.50.04-PM-1-1024x682.jpeg 1024w, https:\/\/oesterioja.com.ar\/news\/wp-content\/uploads\/2026\/08\/WhatsApp-Image-2026-08-21-at-1.50.04-PM-1-300x200.jpeg 300w, https:\/\/oesterioja.com.ar\/news\/wp-content\/uploads\/2026\/08\/WhatsApp-Image-2026-08-21-at-1.50.04-PM-1-768x512.jpeg 768w, https:\/\/oesterioja.com.ar\/news\/wp-content\/uploads\/2026\/08\/WhatsApp-Image-2026-08-21-at-1.50.04-PM-1-1536x1023.jpeg 1536w, https:\/\/oesterioja.com.ar\/news\/wp-content\/uploads\/2026\/08\/WhatsApp-Image-2026-08-21-at-1.50.04-PM-1.jpeg 1600w\" sizes=\"auto, (max-width: 1024px) 100vw, 1024px\" \/><\/a><\/figure>\n\n\n\n<figure class=\"wp-block-image size-large\"><a href=\"https:\/\/oesterioja.com.ar\/news\/wp-content\/uploads\/2026\/08\/aWhatsApp-Image-2026-08-21-at-1.50.04-PM.jpeg\"><img loading=\"lazy\" decoding=\"async\" width=\"1024\" height=\"682\" data-id=\"471\" src=\"https:\/\/oesterioja.com.ar\/news\/wp-content\/uploads\/2026\/08\/aWhatsApp-Image-2026-08-21-at-1.50.04-PM-1024x682.jpeg\" alt=\"\" class=\"wp-image-471\" srcset=\"https:\/\/oesterioja.com.ar\/news\/wp-content\/uploads\/2026\/08\/aWhatsApp-Image-2026-08-21-at-1.50.04-PM-1024x682.jpeg 1024w, https:\/\/oesterioja.com.ar\/news\/wp-content\/uploads\/2026\/08\/aWhatsApp-Image-2026-08-21-at-1.50.04-PM-300x200.jpeg 300w, https:\/\/oesterioja.com.ar\/news\/wp-content\/uploads\/2026\/08\/aWhatsApp-Image-2026-08-21-at-1.50.04-PM-768x512.jpeg 768w, https:\/\/oesterioja.com.ar\/news\/wp-content\/uploads\/2026\/08\/aWhatsApp-Image-2026-08-21-at-1.50.04-PM-1536x1023.jpeg 1536w, https:\/\/oesterioja.com.ar\/news\/wp-content\/uploads\/2026\/08\/aWhatsApp-Image-2026-08-21-at-1.50.04-PM.jpeg 1600w\" sizes=\"auto, (max-width: 1024px) 100vw, 1024px\" \/><\/a><\/figure>\n\n\n\n<figure class=\"wp-block-image size-large\"><a href=\"https:\/\/oesterioja.com.ar\/news\/wp-content\/uploads\/2026\/08\/aaWhatsApp-Image-2026-08-21-at-1.50.05-PM.jpeg\"><img loading=\"lazy\" decoding=\"async\" width=\"1024\" height=\"682\" data-id=\"469\" src=\"https:\/\/oesterioja.com.ar\/news\/wp-content\/uploads\/2026\/08\/aaWhatsApp-Image-2026-08-21-at-1.50.05-PM-1024x682.jpeg\" alt=\"\" class=\"wp-image-469\" srcset=\"https:\/\/oesterioja.com.ar\/news\/wp-content\/uploads\/2026\/08\/aaWhatsApp-Image-2026-08-21-at-1.50.05-PM-1024x682.jpeg 1024w, https:\/\/oesterioja.com.ar\/news\/wp-content\/uploads\/2026\/08\/aaWhatsApp-Image-2026-08-21-at-1.50.05-PM-300x200.jpeg 300w, https:\/\/oesterioja.com.ar\/news\/wp-content\/uploads\/2026\/08\/aaWhatsApp-Image-2026-08-21-at-1.50.05-PM-768x512.jpeg 768w, https:\/\/oesterioja.com.ar\/news\/wp-content\/uploads\/2026\/08\/aaWhatsApp-Image-2026-08-21-at-1.50.05-PM-1536x1023.jpeg 1536w, https:\/\/oesterioja.com.ar\/news\/wp-content\/uploads\/2026\/08\/aaWhatsApp-Image-2026-08-21-at-1.50.05-PM.jpeg 1600w\" sizes=\"auto, (max-width: 1024px) 100vw, 1024px\" \/><\/a><\/figure>\n<\/figure>\n\n\n\n<p class=\"has-text-align-center has-black-color has-text-color has-link-color has-medium-font-size wp-elements-7 wp-block-paragraph\"><strong>Seguinos en nuestras redes sociales!<br><a href=\"https:\/\/www.instagram.com\/oesterioja.com.ar\/\">https:\/\/www.instagram.com\/oesterioja.com.ar\/<\/a><br><a href=\"https:\/\/www.facebook.com\/oesterioja.com.ar\">https:\/\/www.facebook.com\/oesterioja.com.ar<\/a><br><a href=\"https:\/\/x.com\/oesteriojaok\">https:\/\/x.com\/oesteriojaok<\/a><br><a href=\"https:\/\/www.youtube.com\/@oesterioja\">https:\/\/www.youtube.com\/@oesterioja<\/a><br><a href=\"https:\/\/www.tiktok.com\/@oesteriojatiktok\">https:\/\/www.tiktok.com\/@oesteriojatiktok<\/a><\/strong><\/p>\n\n\n\n<figure class=\"wp-block-image\"><a href=\"https:\/\/chat.whatsapp.com\/LiGy1PVnV4gJnbsFBgRI40\" target=\"_blank\" rel=\" noreferrer noopener\"><img loading=\"lazy\" decoding=\"async\" width=\"2560\" height=\"333\" src=\"https:\/\/oesterioja.com.ar\/news\/wp-content\/uploads\/2026\/07\/Gemini_Generated_Image_vwbndtvwbndtvwbn-scaled.png\" alt=\"\" class=\"wp-image-249\" srcset=\"https:\/\/oesterioja.com.ar\/news\/wp-content\/uploads\/2026\/07\/Gemini_Generated_Image_vwbndtvwbndtvwbn-scaled.png 2560w, https:\/\/oesterioja.com.ar\/news\/wp-content\/uploads\/2026\/07\/Gemini_Generated_Image_vwbndtvwbndtvwbn-300x39.png 300w, https:\/\/oesterioja.com.ar\/news\/wp-content\/uploads\/2026\/07\/Gemini_Generated_Image_vwbndtvwbndtvwbn-1024x133.png 1024w, https:\/\/oesterioja.com.ar\/news\/wp-content\/uploads\/2026\/07\/Gemini_Generated_Image_vwbndtvwbndtvwbn-768x100.png 768w, https:\/\/oesterioja.com.ar\/news\/wp-content\/uploads\/2026\/07\/Gemini_Generated_Image_vwbndtvwbndtvwbn-1536x200.png 1536w, https:\/\/oesterioja.com.ar\/news\/wp-content\/uploads\/2026\/07\/Gemini_Generated_Image_vwbndtvwbndtvwbn-2048x266.png 2048w\" sizes=\"auto, (max-width: 2560px) 100vw, 2560px\" \/><\/a><\/figure>\n\n\n\n<figure class=\"wp-block-image size-large\"><a href=\"https:\/\/josemarialr.com.ar\/web\/\"><img loading=\"lazy\" decoding=\"async\" width=\"1024\" height=\"399\" src=\"https:\/\/oesterioja.com.ar\/news\/wp-content\/uploads\/2026\/08\/Gemini_Generated_Image_7q8oo87q8oo87q8o-1024x399.jpg\" alt=\"\" class=\"wp-image-426\" srcset=\"https:\/\/oesterioja.com.ar\/news\/wp-content\/uploads\/2026\/08\/Gemini_Generated_Image_7q8oo87q8oo87q8o-1024x399.jpg 1024w, https:\/\/oesterioja.com.ar\/news\/wp-content\/uploads\/2026\/08\/Gemini_Generated_Image_7q8oo87q8oo87q8o-300x117.jpg 300w, https:\/\/oesterioja.com.ar\/news\/wp-content\/uploads\/2026\/08\/Gemini_Generated_Image_7q8oo87q8oo87q8o-768x299.jpg 768w, https:\/\/oesterioja.com.ar\/news\/wp-content\/uploads\/2026\/08\/Gemini_Generated_Image_7q8oo87q8oo87q8o-1536x598.jpg 1536w, https:\/\/oesterioja.com.ar\/news\/wp-content\/uploads\/2026\/08\/Gemini_Generated_Image_7q8oo87q8oo87q8o.jpg 1644w\" sizes=\"auto, (max-width: 1024px) 100vw, 1024px\" \/><\/a><\/figure>\n\n\n\n<p class=\"has-text-align-center has-black-color has-text-color has-link-color has-medium-font-size wp-elements-8 wp-block-paragraph\"><strong>Make software design for all device<br>JoseMaria Designer<br><a href=\"https:\/\/github.com\/josemarialr\">https:\/\/github.com\/josemarialr<\/a><br><a href=\"https:\/\/www.facebook.com\/josemariafvarela\">https:\/\/www.facebook.com\/josemariafvarela<\/a><br><a href=\"https:\/\/x.com\/josemarialrX\">https:\/\/x.com\/josemarialrX<\/a><\/strong><\/p>\n\n<div class=\"twitter-share\"><a href=\"https:\/\/twitter.com\/intent\/tweet?via=OesteriojaOK\" class=\"twitter-share-button\" data-size=\"large\">Twittear<\/a><\/div>\n","protected":false},"excerpt":{"rendered":"<p>186\u00b0 aniversario del departamento En el marco de la agenda por el aniversario de Chamical, el Gobernador entreg\u00f3 una nueva vivienda del Plan Angelelli a una familia del paraje El Quebrachal. La acci\u00f3n se suma a las 90 soluciones habitacionales ya otorgadas en el departamento y reafirma la decisi\u00f3n de sostener el acceso a un [&hellip;]<\/p>\n","protected":false},"author":2,"featured_media":470,"comment_status":"closed","ping_status":"closed","sticky":false,"template":"","format":"standard","meta":{"wp_popup_display_lightbox":0,"wp_popup_suppress":"","wp_popup_trigger":"","wp_popup_trigger_amount":0,"wp_popup_disable_on_mobile":false,"footnotes":"","jetpack_publicize_message":"","jetpack_publicize_feature_enabled":true,"jetpack_social_post_already_shared":true,"jetpack_social_options":{"image_generator_settings":{"template":"highway","default_image_id":0,"font":"","enabled":false},"version":2}},"categories":[4],"tags":[137,26,10,30,9,24],"class_list":["post-466","post","type-post","status-publish","format-standard","has-post-thumbnail","hentry","category-provinciales","tag-chamical","tag-gaby-pedrali","tag-la-rioja","tag-plan-angelelli","tag-ricardo-quintela","tag-tere-madera"],"jetpack_publicize_connections":[],"_links":{"self":[{"href":"https:\/\/oesterioja.com.ar\/news\/wp-json\/wp\/v2\/posts\/466","targetHints":{"allow":["GET"]}}],"collection":[{"href":"https:\/\/oesterioja.com.ar\/news\/wp-json\/wp\/v2\/posts"}],"about":[{"href":"https:\/\/oesterioja.com.ar\/news\/wp-json\/wp\/v2\/types\/post"}],"author":[{"embeddable":true,"href":"https:\/\/oesterioja.com.ar\/news\/wp-json\/wp\/v2\/users\/2"}],"replies":[{"embeddable":true,"href":"https:\/\/oesterioja.com.ar\/news\/wp-json\/wp\/v2\/comments?post=466"}],"version-history":[{"count":1,"href":"https:\/\/oesterioja.com.ar\/news\/wp-json\/wp\/v2\/posts\/466\/revisions"}],"predecessor-version":[{"id":473,"href":"https:\/\/oesterioja.com.ar\/news\/wp-json\/wp\/v2\/posts\/466\/revisions\/473"}],"wp:featuredmedia":[{"embeddable":true,"href":"https:\/\/oesterioja.com.ar\/news\/wp-json\/wp\/v2\/media\/470"}],"wp:attachment":[{"href":"https:\/\/oesterioja.com.ar\/news\/wp-json\/wp\/v2\/media?parent=466"}],"wp:term":[{"taxonomy":"category","embeddable":true,"href":"https:\/\/oesterioja.com.ar\/news\/wp-json\/wp\/v2\/categories?post=466"},{"taxonomy":"post_tag","embeddable":true,"href":"https:\/\/oesterioja.com.ar\/news\/wp-json\/wp\/v2\/tags?post=466"}],"curies":[{"name":"wp","href":"https:\/\/api.w.org\/{rel}","templated":true}]}}