{"id":463,"date":"2026-08-21T14:13:54","date_gmt":"2026-08-21T14:13:54","guid":{"rendered":"https:\/\/oesterioja.com.ar\/news\/?p=463"},"modified":"2026-08-21T14:13:55","modified_gmt":"2026-08-21T14:13:55","slug":"quintela-firmo-un-dnu-para-proteger-a-las-familias-frente-al-endeudamiento-y-la-usura","status":"publish","type":"post","link":"https:\/\/oesterioja.com.ar\/news\/quintela-firmo-un-dnu-para-proteger-a-las-familias-frente-al-endeudamiento-y-la-usura\/","title":{"rendered":"Quintela firm\u00f3 un DNU para proteger a las familias frente al endeudamiento y la usura"},"content":{"rendered":"\n<blockquote class=\"wp-block-quote is-layout-flow wp-block-quote-is-layout-flow\">\n<p class=\"has-black-color has-text-color has-link-color has-medium-font-size wp-elements-1 wp-block-paragraph\"><strong>El gobernador Ricardo Quintela firm\u00f3 el Decreto de Necesidad y Urgencia 1293\/2026 que crea un r\u00e9gimen provincial de protecci\u00f3n para usuarios de cr\u00e9ditos de consumo. La medida busca poner l\u00edmites a pr\u00e1cticas abusivas, fortalecer los controles y generar herramientas concretas frente a una problem\u00e1tica que afecta de manera creciente a los hogares riojanos.<\/strong><\/p>\n\n\n\n<figure class=\"wp-block-embed is-type-video is-provider-youtube wp-block-embed-youtube wp-embed-aspect-4-3 wp-has-aspect-ratio\"><div class=\"wp-block-embed__wrapper\">\n<iframe loading=\"lazy\" title=\"Quintela firm\u00f3 un DNU para proteger a las familias frente al endeudamiento y la usura\" width=\"800\" height=\"600\" src=\"https:\/\/www.youtube.com\/embed\/-GN-aqA3IVM?feature=oembed\" frameborder=\"0\" allow=\"accelerometer; autoplay; clipboard-write; encrypted-media; gyroscope; picture-in-picture; web-share\" referrerpolicy=\"strict-origin-when-cross-origin\" allowfullscreen><\/iframe>\n<\/div><\/figure>\n<\/blockquote>\n\n\n\n<p class=\"has-black-color has-text-color has-link-color has-medium-font-size wp-elements-2 wp-block-paragraph\"><strong>El Gobierno de La Rioja tom\u00f3 una decisi\u00f3n concreta frente al avance del sobreendeudamiento y a las situaciones de abuso que atraviesan muchas familias al momento de acceder a cr\u00e9ditos para afrontar gastos cotidianos.<br>En un contexto en el que cada vez m\u00e1s personas recurren al endeudamiento para cubrir alimentos, medicamentos, servicios y otras necesidades b\u00e1sicas, el gobernador Ricardo Quintela firm\u00f3 un Decreto de Necesidad y Urgencia que establece nuevas herramientas de protecci\u00f3n, control y acompa\u00f1amiento para las personas usuarias de cr\u00e9ditos de consumo.<br>La medida parte de una definici\u00f3n pol\u00edtica clara: la necesidad de una familia no puede convertirse en una oportunidad para el abuso. Cuando una persona accede a un pr\u00e9stamo condicionada por una situaci\u00f3n econ\u00f3mica urgente, el Estado tiene la responsabilidad de garantizar reglas claras, transparencia y condiciones que no vulneren sus derechos.<br>El DNU crea un r\u00e9gimen provincial espec\u00edfico que fortalece la intervenci\u00f3n del Estado frente a pr\u00e1cticas abusivas, establece mayores exigencias de informaci\u00f3n para quienes otorgan cr\u00e9ditos, incorpora mecanismos de registro y fiscalizaci\u00f3n y habilita instancias de conciliaci\u00f3n para abordar situaciones de endeudamiento que se hayan vuelto insostenibles.<br>Asimismo, se declara por 180 d\u00edas la emergencia econ\u00f3mica, crediticia y social vinculada a las operaciones de cr\u00e9dito para consumo y se disponen medidas transitorias orientadas a facilitar la revisi\u00f3n y refinanciaci\u00f3n de obligaciones, procurando evitar da\u00f1os econ\u00f3micos y sociales irreparables para las familias.<br>Desde el Gobierno provincial se remarc\u00f3 que la medida no implica desconocer deudas ni afectar la actividad financiera leg\u00edtima, sino intervenir frente a situaciones de abuso, falta de transparencia o condiciones desproporcionadas que terminan comprometiendo seriamente los ingresos de los hogares.<br>\u201cCuando una familia se endeuda para sostener necesidades b\u00e1sicas, no puede quedar sola frente a condiciones abusivas. El Estado tiene que estar presente para proteger el salario, cuidar los ingresos familiares y garantizar que ninguna situaci\u00f3n de necesidad sea utilizada para someter o perjudicar a las personas\u201d, es el principio que orienta la decisi\u00f3n adoptada por el Ejecutivo provincial.<br>Con este DNU, el Gobierno de La Rioja reafirma una pol\u00edtica de defensa de las familias riojanas y de presencia activa del Estado frente a las consecuencias sociales de la crisis econ\u00f3mica, colocando en el centro la protecci\u00f3n de los ingresos, la dignidad de las personas y el derecho a acceder a relaciones de consumo justas y transparentes.<\/strong><\/p>\n\n\n<p class=\"has-text-align-center has-black-color has-text-color has-link-color has-medium-font-size wp-elements-3 wp-block-paragraph\"><strong>Seguinos en nuestras redes sociales!<br><a href=\"https:\/\/www.instagram.com\/oesterioja.com.ar\/\">https:\/\/www.instagram.com\/oesterioja.com.ar\/<\/a><br><a href=\"https:\/\/www.facebook.com\/oesterioja.com.ar\">https:\/\/www.facebook.com\/oesterioja.com.ar<\/a><br><a href=\"https:\/\/x.com\/oesteriojaok\">https:\/\/x.com\/oesteriojaok<\/a><br><a href=\"https:\/\/www.youtube.com\/@oesterioja\">https:\/\/www.youtube.com\/@oesterioja<\/a><br><a href=\"https:\/\/www.tiktok.com\/@oesteriojatiktok\">https:\/\/www.tiktok.com\/@oesteriojatiktok<\/a><\/strong><\/p>\n\n\n\n<figure class=\"wp-block-image\"><a href=\"https:\/\/chat.whatsapp.com\/LiGy1PVnV4gJnbsFBgRI40\" target=\"_blank\" rel=\" noreferrer noopener\"><img loading=\"lazy\" decoding=\"async\" width=\"2560\" height=\"333\" src=\"https:\/\/oesterioja.com.ar\/news\/wp-content\/uploads\/2026\/07\/Gemini_Generated_Image_vwbndtvwbndtvwbn-scaled.png\" alt=\"\" class=\"wp-image-249\" srcset=\"https:\/\/oesterioja.com.ar\/news\/wp-content\/uploads\/2026\/07\/Gemini_Generated_Image_vwbndtvwbndtvwbn-scaled.png 2560w, https:\/\/oesterioja.com.ar\/news\/wp-content\/uploads\/2026\/07\/Gemini_Generated_Image_vwbndtvwbndtvwbn-300x39.png 300w, https:\/\/oesterioja.com.ar\/news\/wp-content\/uploads\/2026\/07\/Gemini_Generated_Image_vwbndtvwbndtvwbn-1024x133.png 1024w, https:\/\/oesterioja.com.ar\/news\/wp-content\/uploads\/2026\/07\/Gemini_Generated_Image_vwbndtvwbndtvwbn-768x100.png 768w, https:\/\/oesterioja.com.ar\/news\/wp-content\/uploads\/2026\/07\/Gemini_Generated_Image_vwbndtvwbndtvwbn-1536x200.png 1536w, https:\/\/oesterioja.com.ar\/news\/wp-content\/uploads\/2026\/07\/Gemini_Generated_Image_vwbndtvwbndtvwbn-2048x266.png 2048w\" sizes=\"auto, (max-width: 2560px) 100vw, 2560px\" \/><\/a><\/figure>\n\n\n\n<figure class=\"wp-block-image size-large\"><a href=\"https:\/\/josemarialr.com.ar\/web\/\"><img loading=\"lazy\" decoding=\"async\" width=\"1024\" height=\"399\" src=\"https:\/\/oesterioja.com.ar\/news\/wp-content\/uploads\/2026\/08\/Gemini_Generated_Image_7q8oo87q8oo87q8o-1024x399.jpg\" alt=\"\" class=\"wp-image-426\" srcset=\"https:\/\/oesterioja.com.ar\/news\/wp-content\/uploads\/2026\/08\/Gemini_Generated_Image_7q8oo87q8oo87q8o-1024x399.jpg 1024w, https:\/\/oesterioja.com.ar\/news\/wp-content\/uploads\/2026\/08\/Gemini_Generated_Image_7q8oo87q8oo87q8o-300x117.jpg 300w, https:\/\/oesterioja.com.ar\/news\/wp-content\/uploads\/2026\/08\/Gemini_Generated_Image_7q8oo87q8oo87q8o-768x299.jpg 768w, https:\/\/oesterioja.com.ar\/news\/wp-content\/uploads\/2026\/08\/Gemini_Generated_Image_7q8oo87q8oo87q8o-1536x598.jpg 1536w, https:\/\/oesterioja.com.ar\/news\/wp-content\/uploads\/2026\/08\/Gemini_Generated_Image_7q8oo87q8oo87q8o.jpg 1644w\" sizes=\"auto, (max-width: 1024px) 100vw, 1024px\" \/><\/a><\/figure>\n\n\n\n<p class=\"has-text-align-center has-black-color has-text-color has-link-color has-medium-font-size wp-elements-4 wp-block-paragraph\"><strong>Make software design for all device<br>JoseMaria Designer<br><a href=\"https:\/\/github.com\/josemarialr\">https:\/\/github.com\/josemarialr<\/a><br><a href=\"https:\/\/www.facebook.com\/josemariafvarela\">https:\/\/www.facebook.com\/josemariafvarela<\/a><br><a href=\"https:\/\/x.com\/josemarialrX\">https:\/\/x.com\/josemarialrX<\/a><\/strong><\/p>\n\n<div class=\"twitter-share\"><a href=\"https:\/\/twitter.com\/intent\/tweet?via=OesteriojaOK\" class=\"twitter-share-button\" data-size=\"large\">Twittear<\/a><\/div>\n","protected":false},"excerpt":{"rendered":"<p>El Gobierno de La Rioja tom\u00f3 una decisi\u00f3n concreta frente al avance del sobreendeudamiento y a las situaciones de abuso que atraviesan muchas familias al momento de acceder a cr\u00e9ditos para afrontar gastos cotidianos.En un contexto en el que cada vez m\u00e1s personas recurren al endeudamiento para cubrir alimentos, medicamentos, servicios y otras necesidades b\u00e1sicas, [&hellip;]<\/p>\n","protected":false},"author":2,"featured_media":464,"comment_status":"closed","ping_status":"closed","sticky":false,"template":"","format":"standard","meta":{"wp_popup_display_lightbox":0,"wp_popup_suppress":"","wp_popup_trigger":"","wp_popup_trigger_amount":0,"wp_popup_disable_on_mobile":false,"footnotes":"","jetpack_publicize_message":"","jetpack_publicize_feature_enabled":true,"jetpack_social_post_already_shared":true,"jetpack_social_options":{"image_generator_settings":{"template":"highway","default_image_id":0,"font":"","enabled":false},"version":2}},"categories":[4],"tags":[26,10,9],"class_list":["post-463","post","type-post","status-publish","format-standard","has-post-thumbnail","hentry","category-provinciales","tag-gaby-pedrali","tag-la-rioja","tag-ricardo-quintela"],"jetpack_publicize_connections":[],"_links":{"self":[{"href":"https:\/\/oesterioja.com.ar\/news\/wp-json\/wp\/v2\/posts\/463","targetHints":{"allow":["GET"]}}],"collection":[{"href":"https:\/\/oesterioja.com.ar\/news\/wp-json\/wp\/v2\/posts"}],"about":[{"href":"https:\/\/oesterioja.com.ar\/news\/wp-json\/wp\/v2\/types\/post"}],"author":[{"embeddable":true,"href":"https:\/\/oesterioja.com.ar\/news\/wp-json\/wp\/v2\/users\/2"}],"replies":[{"embeddable":true,"href":"https:\/\/oesterioja.com.ar\/news\/wp-json\/wp\/v2\/comments?post=463"}],"version-history":[{"count":1,"href":"https:\/\/oesterioja.com.ar\/news\/wp-json\/wp\/v2\/posts\/463\/revisions"}],"predecessor-version":[{"id":465,"href":"https:\/\/oesterioja.com.ar\/news\/wp-json\/wp\/v2\/posts\/463\/revisions\/465"}],"wp:featuredmedia":[{"embeddable":true,"href":"https:\/\/oesterioja.com.ar\/news\/wp-json\/wp\/v2\/media\/464"}],"wp:attachment":[{"href":"https:\/\/oesterioja.com.ar\/news\/wp-json\/wp\/v2\/media?parent=463"}],"wp:term":[{"taxonomy":"category","embeddable":true,"href":"https:\/\/oesterioja.com.ar\/news\/wp-json\/wp\/v2\/categories?post=463"},{"taxonomy":"post_tag","embeddable":true,"href":"https:\/\/oesterioja.com.ar\/news\/wp-json\/wp\/v2\/tags?post=463"}],"curies":[{"name":"wp","href":"https:\/\/api.w.org\/{rel}","templated":true}]}}