{"id":285,"date":"2026-07-30T13:48:44","date_gmt":"2026-07-30T13:48:44","guid":{"rendered":"https:\/\/oesterioja.com.ar\/news\/?p=285"},"modified":"2026-07-30T13:48:45","modified_gmt":"2026-07-30T13:48:45","slug":"el-polo-tecnologico-y-club-argentec-lanzan-mas-de-40-trayectos-gratuitos-de-formacion-en-tecnologia","status":"publish","type":"post","link":"https:\/\/oesterioja.com.ar\/news\/el-polo-tecnologico-y-club-argentec-lanzan-mas-de-40-trayectos-gratuitos-de-formacion-en-tecnologia\/","title":{"rendered":"El Polo Tecnol\u00f3gico y Club ArgenTEC lanzan m\u00e1s de 40 trayectos gratuitos de formaci\u00f3n en tecnolog\u00eda"},"content":{"rendered":"\n<p class=\"wp-block-paragraph\">&gt; _Gacetilla de prensa_<\/p>\n\n\n\n<p class=\"wp-block-paragraph\"><\/p>\n\n\n\n<p class=\"wp-block-paragraph\">_El Gobierno de La Rioja, a trav\u00e9s del Polo Tecnol\u00f3gico, invita a la comunidad a participar de una nueva propuesta de capacitaci\u00f3n desarrollada junto a Club ArgenTEC, que pone a disposici\u00f3n m\u00e1s de 40 trayectos formativos gratuitos, virtuales y de acceso libre para quienes deseen incorporar conocimientos y habilidades vinculadas a la econom\u00eda del conocimiento._<\/p>\n\n\n\n<p class=\"wp-block-paragraph\">Las capacitaciones son completamente asincr\u00f3nicas, por lo que cada persona puede realizarlas a su propio ritmo, sin horarios establecidos y desde cualquier lugar. Adem\u00e1s, no cuentan con cupos, permitiendo que todas las personas interesadas puedan inscribirse sin restricciones.<br>La propuesta contempla itinerarios de m\u00e1s de 30 horas de formaci\u00f3n, con contenidos destinados tanto a quienes buscan iniciarse en el mundo de la tecnolog\u00eda como a quienes desean actualizar o ampliar sus conocimientos para potenciar su desarrollo profesional, emprendedor o laboral.<\/p>\n\n\n\n<figure class=\"wp-block-gallery has-nested-images columns-default is-cropped wp-block-gallery-1 is-layout-flex wp-block-gallery-is-layout-flex\">\n<figure class=\"wp-block-image size-large\"><a href=\"https:\/\/oesterioja.com.ar\/news\/wp-content\/uploads\/2026\/07\/IMG-20260730-WA0000.jpg\"><img loading=\"lazy\" decoding=\"async\" width=\"819\" height=\"1024\" data-id=\"286\" src=\"https:\/\/oesterioja.com.ar\/news\/wp-content\/uploads\/2026\/07\/IMG-20260730-WA0000-819x1024.jpg\" alt=\"\" class=\"wp-image-286\" srcset=\"https:\/\/oesterioja.com.ar\/news\/wp-content\/uploads\/2026\/07\/IMG-20260730-WA0000-819x1024.jpg 819w, https:\/\/oesterioja.com.ar\/news\/wp-content\/uploads\/2026\/07\/IMG-20260730-WA0000-240x300.jpg 240w, https:\/\/oesterioja.com.ar\/news\/wp-content\/uploads\/2026\/07\/IMG-20260730-WA0000-768x960.jpg 768w, https:\/\/oesterioja.com.ar\/news\/wp-content\/uploads\/2026\/07\/IMG-20260730-WA0000.jpg 1126w\" sizes=\"auto, (max-width: 819px) 100vw, 819px\" \/><\/a><\/figure>\n\n\n\n<figure class=\"wp-block-image size-large\"><a href=\"https:\/\/oesterioja.com.ar\/news\/wp-content\/uploads\/2026\/07\/IMG-20260730-WA0001.jpg\"><img loading=\"lazy\" decoding=\"async\" width=\"819\" height=\"1024\" data-id=\"287\" src=\"https:\/\/oesterioja.com.ar\/news\/wp-content\/uploads\/2026\/07\/IMG-20260730-WA0001-819x1024.jpg\" alt=\"\" class=\"wp-image-287\" srcset=\"https:\/\/oesterioja.com.ar\/news\/wp-content\/uploads\/2026\/07\/IMG-20260730-WA0001-819x1024.jpg 819w, https:\/\/oesterioja.com.ar\/news\/wp-content\/uploads\/2026\/07\/IMG-20260730-WA0001-240x300.jpg 240w, https:\/\/oesterioja.com.ar\/news\/wp-content\/uploads\/2026\/07\/IMG-20260730-WA0001-768x960.jpg 768w, https:\/\/oesterioja.com.ar\/news\/wp-content\/uploads\/2026\/07\/IMG-20260730-WA0001.jpg 1126w\" sizes=\"auto, (max-width: 819px) 100vw, 819px\" \/><\/a><\/figure>\n\n\n\n<figure class=\"wp-block-image size-large\"><a href=\"https:\/\/oesterioja.com.ar\/news\/wp-content\/uploads\/2026\/07\/IMG-20260730-WA0002.jpg\"><img loading=\"lazy\" decoding=\"async\" width=\"819\" height=\"1024\" data-id=\"288\" src=\"https:\/\/oesterioja.com.ar\/news\/wp-content\/uploads\/2026\/07\/IMG-20260730-WA0002-819x1024.jpg\" alt=\"\" class=\"wp-image-288\" srcset=\"https:\/\/oesterioja.com.ar\/news\/wp-content\/uploads\/2026\/07\/IMG-20260730-WA0002-819x1024.jpg 819w, https:\/\/oesterioja.com.ar\/news\/wp-content\/uploads\/2026\/07\/IMG-20260730-WA0002-240x300.jpg 240w, https:\/\/oesterioja.com.ar\/news\/wp-content\/uploads\/2026\/07\/IMG-20260730-WA0002-768x960.jpg 768w, https:\/\/oesterioja.com.ar\/news\/wp-content\/uploads\/2026\/07\/IMG-20260730-WA0002.jpg 1126w\" sizes=\"auto, (max-width: 819px) 100vw, 819px\" \/><\/a><\/figure>\n\n\n\n<figure class=\"wp-block-image size-large\"><a href=\"https:\/\/oesterioja.com.ar\/news\/wp-content\/uploads\/2026\/07\/IMG-20260730-WA0003.jpg\"><img loading=\"lazy\" decoding=\"async\" width=\"819\" height=\"1024\" data-id=\"289\" src=\"https:\/\/oesterioja.com.ar\/news\/wp-content\/uploads\/2026\/07\/IMG-20260730-WA0003-819x1024.jpg\" alt=\"\" class=\"wp-image-289\" srcset=\"https:\/\/oesterioja.com.ar\/news\/wp-content\/uploads\/2026\/07\/IMG-20260730-WA0003-819x1024.jpg 819w, https:\/\/oesterioja.com.ar\/news\/wp-content\/uploads\/2026\/07\/IMG-20260730-WA0003-240x300.jpg 240w, https:\/\/oesterioja.com.ar\/news\/wp-content\/uploads\/2026\/07\/IMG-20260730-WA0003-768x960.jpg 768w, https:\/\/oesterioja.com.ar\/news\/wp-content\/uploads\/2026\/07\/IMG-20260730-WA0003.jpg 1126w\" sizes=\"auto, (max-width: 819px) 100vw, 819px\" \/><\/a><\/figure>\n<\/figure>\n\n\n\n<p class=\"wp-block-paragraph\"><br>Entre las tem\u00e1ticas disponibles se encuentran inteligencia artificial y chatbots, cloud (AWS y Azure), ciberseguridad, rob\u00f3tica y Arduino, herramientas digitales para la gesti\u00f3n, programaci\u00f3n en Python, Java y C#, desarrollo web, bases de datos, Big Data, videojuegos, dise\u00f1o UX, dise\u00f1o gr\u00e1fico, community management, marketing digital, e-commerce, branding, creaci\u00f3n de contenidos, impresi\u00f3n 3D y prototipado en Figma, entre otras opciones.<br>Los trayectos son de car\u00e1cter formativo y no contemplan instancias de evaluaci\u00f3n, por lo que no otorgan certificaci\u00f3n. Sin embargo, ofrecen acceso gratuito a contenidos actualizados y de calidad para fortalecer competencias digitales y ampliar las oportunidades de formaci\u00f3n de toda la comunidad.<br>La iniciativa forma parte del trabajo conjunto entre el Gobierno de La Rioja y Club ArgenTEC para promover el acceso al conocimiento tecnol\u00f3gico y generar nuevas oportunidades de capacitaci\u00f3n para riojanas y riojanos.<br>Las inscripciones ya se encuentran abiertas y deben realizarse a trav\u00e9s del sitio web del Polo Tecnol\u00f3gico, polocyt.com.ar. Para acceder a los cursos, las personas interesadas deber\u00e1n ingresar a la secci\u00f3n \u00abNuestros Programas\u00bb y seleccionar el banner \u00abArgenTEC\u00bb, desde donde podr\u00e1n elegir entre m\u00e1s de 40 trayectos formativos disponibles y comenzar a cursarlos de manera inmediata, sin costo y a su propio ritmo.<\/p>\n\n<div class=\"twitter-share\"><a href=\"https:\/\/twitter.com\/intent\/tweet?via=OesteriojaOK\" class=\"twitter-share-button\" data-size=\"large\">Twittear<\/a><\/div>\n","protected":false},"excerpt":{"rendered":"<p>&gt; _Gacetilla de prensa_ _El Gobierno de La Rioja, a trav\u00e9s del Polo Tecnol\u00f3gico, invita a la comunidad a participar de una nueva propuesta de capacitaci\u00f3n desarrollada junto a Club ArgenTEC, que pone a disposici\u00f3n m\u00e1s de 40 trayectos formativos gratuitos, virtuales y de acceso libre para quienes deseen incorporar conocimientos y habilidades vinculadas a [&hellip;]<\/p>\n","protected":false},"author":2,"featured_media":286,"comment_status":"closed","ping_status":"closed","sticky":false,"template":"","format":"standard","meta":{"wp_popup_display_lightbox":0,"wp_popup_suppress":"","wp_popup_trigger":"","wp_popup_trigger_amount":0,"wp_popup_disable_on_mobile":false,"footnotes":"","jetpack_publicize_message":"","jetpack_publicize_feature_enabled":true,"jetpack_social_post_already_shared":true,"jetpack_social_options":{"image_generator_settings":{"template":"highway","default_image_id":0,"font":"","enabled":false},"version":2}},"categories":[4],"tags":[103,26,10,102,9],"class_list":["post-285","post","type-post","status-publish","format-standard","has-post-thumbnail","hentry","category-provinciales","tag-club-argentec","tag-gaby-pedrali","tag-la-rioja","tag-polo-tecnologico","tag-ricardo-quintela"],"jetpack_publicize_connections":[],"_links":{"self":[{"href":"https:\/\/oesterioja.com.ar\/news\/wp-json\/wp\/v2\/posts\/285","targetHints":{"allow":["GET"]}}],"collection":[{"href":"https:\/\/oesterioja.com.ar\/news\/wp-json\/wp\/v2\/posts"}],"about":[{"href":"https:\/\/oesterioja.com.ar\/news\/wp-json\/wp\/v2\/types\/post"}],"author":[{"embeddable":true,"href":"https:\/\/oesterioja.com.ar\/news\/wp-json\/wp\/v2\/users\/2"}],"replies":[{"embeddable":true,"href":"https:\/\/oesterioja.com.ar\/news\/wp-json\/wp\/v2\/comments?post=285"}],"version-history":[{"count":1,"href":"https:\/\/oesterioja.com.ar\/news\/wp-json\/wp\/v2\/posts\/285\/revisions"}],"predecessor-version":[{"id":290,"href":"https:\/\/oesterioja.com.ar\/news\/wp-json\/wp\/v2\/posts\/285\/revisions\/290"}],"wp:featuredmedia":[{"embeddable":true,"href":"https:\/\/oesterioja.com.ar\/news\/wp-json\/wp\/v2\/media\/286"}],"wp:attachment":[{"href":"https:\/\/oesterioja.com.ar\/news\/wp-json\/wp\/v2\/media?parent=285"}],"wp:term":[{"taxonomy":"category","embeddable":true,"href":"https:\/\/oesterioja.com.ar\/news\/wp-json\/wp\/v2\/categories?post=285"},{"taxonomy":"post_tag","embeddable":true,"href":"https:\/\/oesterioja.com.ar\/news\/wp-json\/wp\/v2\/tags?post=285"}],"curies":[{"name":"wp","href":"https:\/\/api.w.org\/{rel}","templated":true}]}}