{"id":274,"date":"2026-07-29T19:03:43","date_gmt":"2026-07-29T19:03:43","guid":{"rendered":"https:\/\/oesterioja.com.ar\/news\/?p=274"},"modified":"2026-07-29T20:09:22","modified_gmt":"2026-07-29T20:09:22","slug":"avanza-el-parque-de-la-ciudad-pedrali-hugo-paez-y-veragua-massud-recorrieron-las-obras-y-proyectan-inaugurar-el-albergue-deportivo-en-septiembre","status":"publish","type":"post","link":"https:\/\/oesterioja.com.ar\/news\/avanza-el-parque-de-la-ciudad-pedrali-hugo-paez-y-veragua-massud-recorrieron-las-obras-y-proyectan-inaugurar-el-albergue-deportivo-en-septiembre\/","title":{"rendered":"Avanza el Parque de la Ciudad: Pedrali, Hugo P\u00e1ez y Veragua Massud recorrieron las obras y proyectan inaugurar el albergue deportivo en septiembre."},"content":{"rendered":"\n<p class=\"has-medium-font-size wp-block-paragraph\"><strong>Obras, viviendas y desarrollo: Provincia y Municipio ratifican su compromiso con Felipe Varela<\/strong><\/p>\n\n\n\n<p class=\"wp-block-paragraph\">En una intensa jornada de trabajo en Villa Uni\u00f3n, la diputada nacional Gabriela Pedrali, el intendente Hugo P\u00e1ez y el diputado Antonio Veragua Massud recorrieron el predio donde se construir\u00e1 el futuro Parque de la Ciudad, una obra que apunta a convertirse en un nuevo espacio de recreaci\u00f3n, deporte y encuentro para toda la comunidad del departamento General Felipe Varela.<\/p>\n\n\n\n<p class=\"wp-block-paragraph\">Durante la visita, las autoridades evaluaron el avance de las tareas y coordinaron acciones para acelerar el proceso de ejecuci\u00f3n, reafirmando el trabajo conjunto entre el Gobierno de La Rioja y el Municipio para concretar obras que mejoren la calidad de vida de los vecinos.<\/p>\n\n\n\n<figure class=\"wp-block-embed is-type-video is-provider-youtube wp-block-embed-youtube wp-embed-aspect-16-9 wp-has-aspect-ratio\"><div class=\"wp-block-embed__wrapper\">\n<iframe loading=\"lazy\" title=\"Pedrali, Hugo P\u00e1ez y Veragua recorrieron las obras y proyectan inaugurar el albergue deportivo\" width=\"800\" height=\"450\" src=\"https:\/\/www.youtube.com\/embed\/HJlFogM28hs?feature=oembed\" frameborder=\"0\" allow=\"accelerometer; autoplay; clipboard-write; encrypted-media; gyroscope; picture-in-picture; web-share\" referrerpolicy=\"strict-origin-when-cross-origin\" allowfullscreen><\/iframe>\n<\/div><\/figure>\n\n\n\n<p class=\"wp-block-paragraph\">La recorrida continu\u00f3 en el Polideportivo Municipal Don Luis De La Vega, donde avanza a buen ritmo la construcci\u00f3n del nuevo albergue deportivo, una infraestructura que permitir\u00e1 recibir delegaciones de toda la provincia, del pa\u00eds e incluso del exterior. Seg\u00fan trascendi\u00f3, la obra presenta un importante nivel de avance y existe la expectativa de que pueda inaugurarse para el aniversario de Villa Uni\u00f3n, el pr\u00f3ximo 9 de septiembre.<\/p>\n\n\n\n<p class=\"wp-block-paragraph\">La jornada tambi\u00e9n dej\u00f3 un anuncio de gran importancia para las familias del departamento. Gabriela Pedrali y el intendente Hugo P\u00e1ez firmaron un acta de renovaci\u00f3n del compromiso entre el Gobierno provincial y el Municipio para garantizar la continuidad del Plan Angelelli en General Felipe Varela, ratificando el trabajo articulado para seguir impulsando soluciones habitacionales destinadas a quienes m\u00e1s lo necesitan. El Plan Angelelli es una pol\u00edtica p\u00fablica provincial orientada a garantizar el acceso a la vivienda y al mejoramiento habitacional en todo el territorio riojano.<\/p>\n\n\n\n<p class=\"wp-block-paragraph\">La renovaci\u00f3n del convenio reafirma la decisi\u00f3n de continuar desarrollando este programa en el departamento, sosteniendo el compromiso asumido por la Provincia y el Municipio para que m\u00e1s familias puedan acceder a una vivienda digna y mejorar sus condiciones de vida.<\/p>\n\n\n\n<p class=\"wp-block-paragraph\">Con obras de infraestructura, nuevos espacios p\u00fablicos y pol\u00edticas habitacionales, la articulaci\u00f3n entre el Gobierno provincial y el Municipio busca consolidar un proceso de crecimiento para Felipe Varela, apostando al desarrollo, la inclusi\u00f3n y al bienestar de cada vecino.<\/p>\n\n\n\n<p class=\"wp-block-paragraph\">Le\u00e9 en Oesterioja Hoy, lo que ma\u00f1ana va a hablar el pa\u00eds.<\/p>\n\n\n\n<figure class=\"wp-block-image size-large\"><a href=\"https:\/\/oesterioja.com.ar\/news\/wp-content\/uploads\/2026\/07\/Captura-de-Pantalla-2026-07-29-a-las-15.57.30.png\"><img loading=\"lazy\" decoding=\"async\" width=\"1024\" height=\"541\" src=\"https:\/\/oesterioja.com.ar\/news\/wp-content\/uploads\/2026\/07\/Captura-de-Pantalla-2026-07-29-a-las-15.57.30-1024x541.png\" alt=\"\" class=\"wp-image-275\" srcset=\"https:\/\/oesterioja.com.ar\/news\/wp-content\/uploads\/2026\/07\/Captura-de-Pantalla-2026-07-29-a-las-15.57.30-1024x541.png 1024w, https:\/\/oesterioja.com.ar\/news\/wp-content\/uploads\/2026\/07\/Captura-de-Pantalla-2026-07-29-a-las-15.57.30-300x158.png 300w, https:\/\/oesterioja.com.ar\/news\/wp-content\/uploads\/2026\/07\/Captura-de-Pantalla-2026-07-29-a-las-15.57.30-768x406.png 768w, https:\/\/oesterioja.com.ar\/news\/wp-content\/uploads\/2026\/07\/Captura-de-Pantalla-2026-07-29-a-las-15.57.30-1536x811.png 1536w, https:\/\/oesterioja.com.ar\/news\/wp-content\/uploads\/2026\/07\/Captura-de-Pantalla-2026-07-29-a-las-15.57.30-2048x1082.png 2048w\" sizes=\"auto, (max-width: 1024px) 100vw, 1024px\" \/><\/a><\/figure>\n\n<div class=\"twitter-share\"><a href=\"https:\/\/twitter.com\/intent\/tweet?via=OesteriojaOK\" class=\"twitter-share-button\" data-size=\"large\">Twittear<\/a><\/div>\n","protected":false},"excerpt":{"rendered":"<p>Obras, viviendas y desarrollo: Provincia y Municipio ratifican su compromiso con Felipe Varela En una intensa jornada de trabajo en Villa Uni\u00f3n, la diputada nacional Gabriela Pedrali, el intendente Hugo P\u00e1ez y el diputado Antonio Veragua Massud recorrieron el predio donde se construir\u00e1 el futuro Parque de la Ciudad, una obra que apunta a convertirse [&hellip;]<\/p>\n","protected":false},"author":2,"featured_media":275,"comment_status":"closed","ping_status":"closed","sticky":false,"template":"","format":"standard","meta":{"wp_popup_display_lightbox":0,"wp_popup_suppress":"","wp_popup_trigger":"","wp_popup_trigger_amount":0,"wp_popup_disable_on_mobile":false,"footnotes":"","jetpack_publicize_message":"","jetpack_publicize_feature_enabled":true,"jetpack_social_post_already_shared":true,"jetpack_social_options":{"image_generator_settings":{"template":"highway","default_image_id":0,"font":"","enabled":false},"version":2}},"categories":[3],"tags":[98,26,37],"class_list":["post-274","post","type-post","status-publish","format-standard","has-post-thumbnail","hentry","category-locales","tag-antonio-veragua-massud","tag-gaby-pedrali","tag-hugo-paez"],"jetpack_publicize_connections":[],"_links":{"self":[{"href":"https:\/\/oesterioja.com.ar\/news\/wp-json\/wp\/v2\/posts\/274","targetHints":{"allow":["GET"]}}],"collection":[{"href":"https:\/\/oesterioja.com.ar\/news\/wp-json\/wp\/v2\/posts"}],"about":[{"href":"https:\/\/oesterioja.com.ar\/news\/wp-json\/wp\/v2\/types\/post"}],"author":[{"embeddable":true,"href":"https:\/\/oesterioja.com.ar\/news\/wp-json\/wp\/v2\/users\/2"}],"replies":[{"embeddable":true,"href":"https:\/\/oesterioja.com.ar\/news\/wp-json\/wp\/v2\/comments?post=274"}],"version-history":[{"count":1,"href":"https:\/\/oesterioja.com.ar\/news\/wp-json\/wp\/v2\/posts\/274\/revisions"}],"predecessor-version":[{"id":276,"href":"https:\/\/oesterioja.com.ar\/news\/wp-json\/wp\/v2\/posts\/274\/revisions\/276"}],"wp:featuredmedia":[{"embeddable":true,"href":"https:\/\/oesterioja.com.ar\/news\/wp-json\/wp\/v2\/media\/275"}],"wp:attachment":[{"href":"https:\/\/oesterioja.com.ar\/news\/wp-json\/wp\/v2\/media?parent=274"}],"wp:term":[{"taxonomy":"category","embeddable":true,"href":"https:\/\/oesterioja.com.ar\/news\/wp-json\/wp\/v2\/categories?post=274"},{"taxonomy":"post_tag","embeddable":true,"href":"https:\/\/oesterioja.com.ar\/news\/wp-json\/wp\/v2\/tags?post=274"}],"curies":[{"name":"wp","href":"https:\/\/api.w.org\/{rel}","templated":true}]}}