{"id":270,"date":"2026-07-29T17:53:58","date_gmt":"2026-07-29T17:53:58","guid":{"rendered":"https:\/\/oesterioja.com.ar\/news\/?p=270"},"modified":"2026-07-29T17:59:55","modified_gmt":"2026-07-29T17:59:55","slug":"revolucion-de-la-inteligencia-artificial-la-unlar-recibira-a-un-destacado-especialista-internacional","status":"publish","type":"post","link":"https:\/\/oesterioja.com.ar\/news\/revolucion-de-la-inteligencia-artificial-la-unlar-recibira-a-un-destacado-especialista-internacional\/","title":{"rendered":"Revoluci\u00f3n de la Inteligencia Artificial: la UNLaR recibir\u00e1 a un destacado especialista internacional"},"content":{"rendered":"\n<p class=\"has-black-color has-text-color has-link-color has-medium-font-size wp-elements-1 wp-block-paragraph\"><strong>La Universidad Nacional de La Rioja (UNLaR) ser\u00e1 escenario de una conferencia abierta al p\u00fablico sobre uno de los temas que m\u00e1s est\u00e1 transformando al mundo: la Inteligencia Artificial. Bajo el t\u00edtulo \u00abParadigma y Revoluci\u00f3n Industrial de la Inteligencia Artificial\u00bb, la disertaci\u00f3n estar\u00e1 a cargo del Dr. Manuel Berm\u00fadez, especialista en Ciencias de la Computaci\u00f3n y reconocido acad\u00e9mico con una extensa trayectoria internacional.<\/strong><\/p>\n\n\n\n<p class=\"wp-block-paragraph\"><\/p>\n\n\n\n<blockquote class=\"wp-block-quote is-layout-flow wp-block-quote-is-layout-flow\">\n<blockquote class=\"wp-block-quote has-black-color has-vivid-cyan-blue-to-vivid-purple-gradient-background has-text-color has-background has-link-color wp-elements-2 is-layout-flow wp-block-quote-is-layout-flow\">\n<p class=\"has-text-align-center has-white-color has-text-color has-link-color has-medium-font-size wp-elements-3 wp-block-paragraph\">La actividad se realizar\u00e1 el viernes 31 de julio a las 15 horas, en la Sala Roja del Microcine de la UNLaR, con entrada libre y gratuita. Adem\u00e1s, quienes no puedan asistir de manera presencial podr\u00e1n seguir la conferencia de forma virtual, previa inscripci\u00f3n.<\/p>\n<\/blockquote>\n<\/blockquote>\n\n\n\n<p class=\"has-black-color has-text-color has-link-color wp-elements-4 wp-block-paragraph\"><strong>Manuel Berm\u00fadez obtuvo su doctorado (Ph.D.) en Computer and Information Sciences en la Universidad de California, Santa Cruz, y desde hace d\u00e9cadas desarrolla su carrera acad\u00e9mica en Estados Unidos. Actualmente es profesor asociado del Departamento de Computer &amp; Information Science &amp; Engineering de la Universidad de Florida, donde investiga y ense\u00f1a sobre ingenier\u00eda de software, lenguajes de programaci\u00f3n, compiladores, m\u00e9todos \u00e1giles de desarrollo y teor\u00eda de la computaci\u00f3n.<\/strong><\/p>\n\n\n\n<p class=\"has-black-color has-text-color has-link-color wp-elements-5 wp-block-paragraph\"><strong><em>A lo largo de su trayectoria tambi\u00e9n fue profesor visitante en la Universidad de California, Santa Cruz, consultor de IBM, y particip\u00f3 en distintos programas como Fulbright Scholar en Costa Rica y Venezuela, adem\u00e1s de impulsar proyectos de cooperaci\u00f3n tecnol\u00f3gica entre universidades de Estados Unidos y Am\u00e9rica Latina.<\/em><\/strong><\/p>\n\n\n\n<figure class=\"wp-block-image size-large\"><a href=\"https:\/\/oesterioja.com.ar\/news\/wp-content\/uploads\/2026\/07\/IMG-20260728-WA0107.jpg\"><img loading=\"lazy\" decoding=\"async\" width=\"683\" height=\"1024\" src=\"https:\/\/oesterioja.com.ar\/news\/wp-content\/uploads\/2026\/07\/IMG-20260728-WA0107-683x1024.jpg\" alt=\"\" class=\"wp-image-271\" srcset=\"https:\/\/oesterioja.com.ar\/news\/wp-content\/uploads\/2026\/07\/IMG-20260728-WA0107-683x1024.jpg 683w, https:\/\/oesterioja.com.ar\/news\/wp-content\/uploads\/2026\/07\/IMG-20260728-WA0107-200x300.jpg 200w, https:\/\/oesterioja.com.ar\/news\/wp-content\/uploads\/2026\/07\/IMG-20260728-WA0107-768x1152.jpg 768w, https:\/\/oesterioja.com.ar\/news\/wp-content\/uploads\/2026\/07\/IMG-20260728-WA0107.jpg 1024w\" sizes=\"auto, (max-width: 683px) 100vw, 683px\" \/><\/a><\/figure>\n\n\n\n<p class=\"wp-block-paragraph\">En el plano acad\u00e9mico, Berm\u00fadez es autor y coautor de numerosos trabajos cient\u00edficos, publicaciones especializadas y materiales de ense\u00f1anza vinculados a la programaci\u00f3n, la ingenier\u00eda de software y la formaci\u00f3n de nuevos profesionales en inform\u00e1tica. Sus investigaciones han contribuido al desarrollo de metodolog\u00edas para la ense\u00f1anza de las ciencias de la computaci\u00f3n y al fortalecimiento de la cooperaci\u00f3n internacional en tecnolog\u00eda.<\/p>\n\n\n\n<p class=\"wp-block-paragraph\">La conferencia est\u00e1 dirigida a estudiantes, docentes, profesionales y al p\u00fablico en general, y propone analizar c\u00f3mo la Inteligencia Artificial est\u00e1 impulsando una nueva revoluci\u00f3n industrial, modificando la forma de trabajar, producir, investigar y tomar decisiones en pr\u00e1cticamente todos los \u00e1mbitos de la sociedad.<\/p>\n\n\n\n<p class=\"wp-block-paragraph\">La organizaci\u00f3n est\u00e1 a cargo del Departamento Acad\u00e9mico de Ciencias Exactas, F\u00edsicas y Naturales (DACEFyN) y la Escuela de Inform\u00e1tica de la UNLaR, en una propuesta que busca acercar el conocimiento cient\u00edfico de primer nivel a toda la comunidad riojana.<\/p>\n\n\n\n<p class=\"has-vivid-red-color has-text-color has-link-color has-medium-font-size wp-elements-6 wp-block-paragraph\"><strong>Viernes 31 de julio a las 15 horas, en la Sala Roja del Microcine de la UNLaR<\/strong><\/p>\n\n\n\n<p class=\"has-white-background-color has-background has-medium-font-size wp-block-paragraph\"><strong>Inscripci\u00f3n para la modalidad online: https:\/\/forms.gle\/D9nLuYXv4dcBxTuBA<\/strong><\/p>\n\n\n\n<p class=\"wp-block-paragraph\"><strong>Le\u00e9 en Oesterioja Hoy, lo que ma\u00f1ana va a hablar el pa\u00eds.<\/strong><\/p>\n\n<div class=\"twitter-share\"><a href=\"https:\/\/twitter.com\/intent\/tweet?via=OesteriojaOK\" class=\"twitter-share-button\" data-size=\"large\">Twittear<\/a><\/div>\n","protected":false},"excerpt":{"rendered":"<p>La Universidad Nacional de La Rioja (UNLaR) ser\u00e1 escenario de una conferencia abierta al p\u00fablico sobre uno de los temas que m\u00e1s est\u00e1 transformando al mundo: la Inteligencia Artificial. Bajo el t\u00edtulo \u00abParadigma y Revoluci\u00f3n Industrial de la Inteligencia Artificial\u00bb, la disertaci\u00f3n estar\u00e1 a cargo del Dr. Manuel Berm\u00fadez, especialista en Ciencias de la Computaci\u00f3n [&hellip;]<\/p>\n","protected":false},"author":2,"featured_media":271,"comment_status":"closed","ping_status":"closed","sticky":false,"template":"","format":"standard","meta":{"wp_popup_display_lightbox":0,"wp_popup_suppress":"","wp_popup_trigger":"","wp_popup_trigger_amount":0,"wp_popup_disable_on_mobile":false,"footnotes":"","jetpack_publicize_message":"","jetpack_publicize_feature_enabled":true,"jetpack_social_post_already_shared":true,"jetpack_social_options":{"image_generator_settings":{"template":"highway","default_image_id":0,"font":"","enabled":false},"version":2}},"categories":[4],"tags":[95,97,89,96],"class_list":["post-270","post","type-post","status-publish","format-standard","has-post-thumbnail","hentry","category-provinciales","tag-dr-manuel-bermudez","tag-ia","tag-marcelo-martinez","tag-unlar"],"jetpack_publicize_connections":[],"_links":{"self":[{"href":"https:\/\/oesterioja.com.ar\/news\/wp-json\/wp\/v2\/posts\/270","targetHints":{"allow":["GET"]}}],"collection":[{"href":"https:\/\/oesterioja.com.ar\/news\/wp-json\/wp\/v2\/posts"}],"about":[{"href":"https:\/\/oesterioja.com.ar\/news\/wp-json\/wp\/v2\/types\/post"}],"author":[{"embeddable":true,"href":"https:\/\/oesterioja.com.ar\/news\/wp-json\/wp\/v2\/users\/2"}],"replies":[{"embeddable":true,"href":"https:\/\/oesterioja.com.ar\/news\/wp-json\/wp\/v2\/comments?post=270"}],"version-history":[{"count":2,"href":"https:\/\/oesterioja.com.ar\/news\/wp-json\/wp\/v2\/posts\/270\/revisions"}],"predecessor-version":[{"id":273,"href":"https:\/\/oesterioja.com.ar\/news\/wp-json\/wp\/v2\/posts\/270\/revisions\/273"}],"wp:featuredmedia":[{"embeddable":true,"href":"https:\/\/oesterioja.com.ar\/news\/wp-json\/wp\/v2\/media\/271"}],"wp:attachment":[{"href":"https:\/\/oesterioja.com.ar\/news\/wp-json\/wp\/v2\/media?parent=270"}],"wp:term":[{"taxonomy":"category","embeddable":true,"href":"https:\/\/oesterioja.com.ar\/news\/wp-json\/wp\/v2\/categories?post=270"},{"taxonomy":"post_tag","embeddable":true,"href":"https:\/\/oesterioja.com.ar\/news\/wp-json\/wp\/v2\/tags?post=270"}],"curies":[{"name":"wp","href":"https:\/\/api.w.org\/{rel}","templated":true}]}}