{"id":267,"date":"2026-07-26T06:40:26","date_gmt":"2026-07-26T06:40:26","guid":{"rendered":"https:\/\/oesterioja.com.ar\/news\/?p=267"},"modified":"2026-07-26T06:40:27","modified_gmt":"2026-07-26T06:40:27","slug":"merz-promete-castigar-acto-horrendo-tras-atropellamiento","status":"publish","type":"post","link":"https:\/\/oesterioja.com.ar\/news\/merz-promete-castigar-acto-horrendo-tras-atropellamiento\/","title":{"rendered":"Merz promete castigar \u00abacto horrendo\u00bb tras atropellamiento"},"content":{"rendered":"\n<p class=\"wp-block-paragraph\">Criminalidad<a href=\"https:\/\/www.dw.com\/es\/alemania\/s-7564\">Alemania<\/a><\/p>\n\n\n\n<p class=\"wp-block-paragraph\">La polic\u00eda alemana, que ha identificado al menos a un sospechoso en Berl\u00edn, dijo que este tendr\u00eda \u00abv\u00ednculos con redes islamistas\u00bb.<\/p>\n\n\n\n<p class=\"wp-block-paragraph\">El canciller de&nbsp;<a href=\"https:\/\/www.dw.com\/es\/alemania\/t-17411625\">Alemania<\/a>,&nbsp;<a href=\"https:\/\/www.dw.com\/es\/friedrich-merz\/t-46095056\">Friedrich Merz<\/a>, prometi\u00f3 este domingo (26.07.2026) castigar a los responsables de&nbsp;<a href=\"https:\/\/www.dw.com\/es\/un-muerto-y-14-heridos-en-atropello-masivo-en-berl%C3%ADn\/a-78116499\">un atropellamiento que dej\u00f3 al menos un muerto y varios heridos<\/a>&nbsp;al margen del desfile del Orgullo Gay de&nbsp;<a href=\"https:\/\/www.dw.com\/es\/berl%C3%ADn\/t-36852086\">Berl\u00edn<\/a>.<\/p>\n\n\n\n<p class=\"wp-block-paragraph\">Merz afirm\u00f3 en un comunicado que \u00e9l y el ministro del Interior, Alexander Dobrindt, \u00abinsistir\u00e1n para que este horrible acto sea plenamente investigado y castigado\u00bb, y a\u00f1adi\u00f3 que ambos se mantienen informados sobre la investigaci\u00f3n policial.<\/p>\n\n\n\n<p class=\"wp-block-paragraph\">Un portavoz de la polic\u00eda afirm\u00f3 que un sospechoso fue \u00abidentificado\u00bb pero a\u00fan no \u00abdetenido\u00bb, y tendr\u00eda v\u00ednculos con \u00abredes islamistas\u00bb.<\/p>\n\n\n\n<p class=\"wp-block-paragraph\">El o los presuntos autores, que abandonaron el veh\u00edculo en el lugar, a unos cientos de metros de la marcha de orgullo, siguen siendo buscados en toda la capital alemana, seg\u00fan el portavoz.<\/p>\n\n\n\n<h2 class=\"wp-block-heading\">Sospechoso vinculado con \u00abredes islamistas\u00bb<\/h2>\n\n\n\n<p class=\"wp-block-paragraph\">Un veh\u00edculo embisti\u00f3 la noche del s\u00e1bado a una multitud al margen del desfile del Orgullo gay en Berl\u00edn, donde una persona muri\u00f3 y 16 fueron heridas,&nbsp; inform\u00f3 la polic\u00eda, que busca a un sospechoso vinculado con \u00abredes islamistas\u00bb.<\/p>\n\n\n\n<p class=\"wp-block-paragraph\">El desfile del Orgullo en Berl\u00edn es uno de los mayores de su tipo en Europa, una cita popular que convoca a mucho m\u00e1s que la comunidad LGBT y anima a numerosas organizaciones y empresas a hacerse presentes.<\/p>\n\n\n\n<p class=\"wp-block-paragraph\">El portavoz de los bomberos de Berl\u00edn, Dominik Pretz, indic\u00f3 que \u00ab17 personas fueron heridas, una de las cuales muri\u00f3 en el lugar\u00bb al ser intervenida.<\/p>\n\n\n\n<h2 class=\"wp-block-heading\">2.200 polic\u00edas movilizados<\/h2>\n\n\n\n<p class=\"wp-block-paragraph\">El veh\u00edculo, de tipo utilitario, fue abandonado en el lugar de los hechos en el parque Tiergarten, una zona boscosa de la capital donde terminaba el desfile, seg\u00fan el vocero policial Florian Nath.<\/p>\n\n\n\n<p class=\"wp-block-paragraph\">\u00abAtropell\u00f3 a varias personas caus\u00e1ndoles heridas\u00bb poco antes de las 10 de la noche locales (20H00 GMT), inform\u00f3 en redes sociales la entidad policial, que asegura estar en una b\u00fasqueda activa de sospechosos.<\/p>\n\n\n\n<p class=\"wp-block-paragraph\">Desde la madrugada del domingo se movilizaron unos 2.200 polic\u00edas para ubicar al sospechoso, o sospechosos, de la acci\u00f3n, seg\u00fan las autoridades.<\/p>\n\n\n\n<p class=\"wp-block-paragraph\">Decenas de camiones de emergencia eran visibles y las autoridades levantaron una carpa en medio de la v\u00eda.<\/p>\n\n\n\n<p class=\"wp-block-paragraph\">La clausura de los festejos fue cancelada y la polic\u00eda pidi\u00f3 a los participantes que \u00abno crucen\u00bb el parque por el bosque, sino que utilicen \u00fanicamente las calles.<\/p>\n\n\n\n<p class=\"wp-block-paragraph\">jc (afp, efe, dpa, ap, reuters)<\/p>\n\n\n\n<p class=\"wp-block-paragraph\"><\/p>\n\n<code><div class=\"wp-block-post-time-to-read\">2\u20133 minutos<\/div><\/code>\n\n    \n    <figure class=\"wp-block-image\"><a href=\"https:\/\/chat.whatsapp.com\/LiGy1PVnV4gJnbsFBgRI40\" target=\"_blank\" rel=\" noreferrer noopener\"><img loading=\"lazy\" decoding=\"async\" width=\"1254\" height=\"1254\" src=\"https:\/\/oesterioja.com.ar\/news\/wp-content\/uploads\/2026\/07\/WhatsApp-Image-2026-06-15-at-18.29.13.jpeg\" alt=\"\" class=\"wp-image-248\" srcset=\"https:\/\/oesterioja.com.ar\/news\/wp-content\/uploads\/2026\/07\/WhatsApp-Image-2026-06-15-at-18.29.13.jpeg 1254w, https:\/\/oesterioja.com.ar\/news\/wp-content\/uploads\/2026\/07\/WhatsApp-Image-2026-06-15-at-18.29.13-300x300.jpeg 300w, https:\/\/oesterioja.com.ar\/news\/wp-content\/uploads\/2026\/07\/WhatsApp-Image-2026-06-15-at-18.29.13-1024x1024.jpeg 1024w, https:\/\/oesterioja.com.ar\/news\/wp-content\/uploads\/2026\/07\/WhatsApp-Image-2026-06-15-at-18.29.13-150x150.jpeg 150w, https:\/\/oesterioja.com.ar\/news\/wp-content\/uploads\/2026\/07\/WhatsApp-Image-2026-06-15-at-18.29.13-768x768.jpeg 768w\" sizes=\"auto, (max-width: 1254px) 100vw, 1254px\" \/><\/a><\/figure>\n    \n\n    \n    <figure class=\"wp-block-image\"><a href=\"https:\/\/chat.whatsapp.com\/LiGy1PVnV4gJnbsFBgRI40\" target=\"_blank\" rel=\" noreferrer noopener\"><img loading=\"lazy\" decoding=\"async\" width=\"2560\" height=\"333\" src=\"https:\/\/oesterioja.com.ar\/news\/wp-content\/uploads\/2026\/07\/Gemini_Generated_Image_vwbndtvwbndtvwbn-scaled.png\" alt=\"\" class=\"wp-image-249\" srcset=\"https:\/\/oesterioja.com.ar\/news\/wp-content\/uploads\/2026\/07\/Gemini_Generated_Image_vwbndtvwbndtvwbn-scaled.png 2560w, https:\/\/oesterioja.com.ar\/news\/wp-content\/uploads\/2026\/07\/Gemini_Generated_Image_vwbndtvwbndtvwbn-300x39.png 300w, https:\/\/oesterioja.com.ar\/news\/wp-content\/uploads\/2026\/07\/Gemini_Generated_Image_vwbndtvwbndtvwbn-1024x133.png 1024w, https:\/\/oesterioja.com.ar\/news\/wp-content\/uploads\/2026\/07\/Gemini_Generated_Image_vwbndtvwbndtvwbn-768x100.png 768w, https:\/\/oesterioja.com.ar\/news\/wp-content\/uploads\/2026\/07\/Gemini_Generated_Image_vwbndtvwbndtvwbn-1536x200.png 1536w, https:\/\/oesterioja.com.ar\/news\/wp-content\/uploads\/2026\/07\/Gemini_Generated_Image_vwbndtvwbndtvwbn-2048x266.png 2048w\" sizes=\"auto, (max-width: 2560px) 100vw, 2560px\" \/><\/a><\/figure>\n    \n\n    <div class=\"nta_wa_button\" data-id=\"14\" data-info=\"{&quot;name&quot;:&quot;Empresa&quot;,&quot;info&quot;:{&quot;number&quot;:&quot;+5493825534739&quot;,&quot;title&quot;:&quot;Empresa&quot;,&quot;predefinedText&quot;:&quot;&quot;,&quot;willBeBackText&quot;:&quot;Volver\\u00e9 en [njwa_time_work]&quot;,&quot;dayOffsText&quot;:&quot;Volver\\u00e9 pronto&quot;,&quot;isAlwaysAvailable&quot;:&quot;ON&quot;,&quot;daysOfWeekWorking&quot;:{&quot;sunday&quot;:{&quot;isWorkingOnDay&quot;:&quot;OFF&quot;,&quot;workHours&quot;:[{&quot;startTime&quot;:&quot;08:00&quot;,&quot;endTime&quot;:&quot;17:30&quot;}]},&quot;monday&quot;:{&quot;isWorkingOnDay&quot;:&quot;OFF&quot;,&quot;workHours&quot;:[{&quot;startTime&quot;:&quot;08:00&quot;,&quot;endTime&quot;:&quot;17:30&quot;}]},&quot;tuesday&quot;:{&quot;isWorkingOnDay&quot;:&quot;OFF&quot;,&quot;workHours&quot;:[{&quot;startTime&quot;:&quot;08:00&quot;,&quot;endTime&quot;:&quot;17:30&quot;}]},&quot;wednesday&quot;:{&quot;isWorkingOnDay&quot;:&quot;OFF&quot;,&quot;workHours&quot;:[{&quot;startTime&quot;:&quot;08:00&quot;,&quot;endTime&quot;:&quot;17:30&quot;}]},&quot;thursday&quot;:{&quot;isWorkingOnDay&quot;:&quot;OFF&quot;,&quot;workHours&quot;:[{&quot;startTime&quot;:&quot;08:00&quot;,&quot;endTime&quot;:&quot;17:30&quot;}]},&quot;friday&quot;:{&quot;isWorkingOnDay&quot;:&quot;OFF&quot;,&quot;workHours&quot;:[{&quot;startTime&quot;:&quot;08:00&quot;,&quot;endTime&quot;:&quot;17:30&quot;}]},&quot;saturday&quot;:{&quot;isWorkingOnDay&quot;:&quot;OFF&quot;,&quot;workHours&quot;:[{&quot;startTime&quot;:&quot;08:00&quot;,&quot;endTime&quot;:&quot;17:30&quot;}]}}},&quot;styles&quot;:{&quot;type&quot;:&quot;round&quot;,&quot;backgroundColor&quot;:&quot;#2DB742&quot;,&quot;textColor&quot;:&quot;#fff&quot;,&quot;label&quot;:&quot;&quot;,&quot;width&quot;:300,&quot;height&quot;:64},&quot;avatar&quot;:false,&quot;options&quot;:{&quot;display&quot;:{&quot;displayCondition&quot;:&quot;showAllPage&quot;,&quot;includePages&quot;:[],&quot;excludePages&quot;:[],&quot;includePosts&quot;:[],&quot;showOnDesktop&quot;:&quot;ON&quot;,&quot;showOnMobile&quot;:&quot;ON&quot;,&quot;time_symbols&quot;:&quot;h:m&quot;},&quot;styles&quot;:{&quot;title&quot;:&quot;&quot;,&quot;responseText&quot;:&quot;&quot;,&quot;description&quot;:&quot;&quot;,&quot;backgroundColor&quot;:&quot;#2db742&quot;,&quot;textColor&quot;:&quot;#fff&quot;,&quot;titleSize&quot;:&quot;18&quot;,&quot;accountNameSize&quot;:&quot;14&quot;,&quot;descriptionTextSize&quot;:&quot;12&quot;,&quot;regularTextSize&quot;:&quot;11&quot;,&quot;scrollHeight&quot;:&quot;500&quot;,&quot;isShowScroll&quot;:&quot;OFF&quot;,&quot;isShowResponseText&quot;:&quot;OFF&quot;,&quot;btnLabel&quot;:&quot;\\u00bfNecesitas ayuda? &lt;strong&gt;Chatea con nosotros&lt;\\\/strong&gt;&quot;,&quot;btnLabelWidth&quot;:&quot;156&quot;,&quot;btnPosition&quot;:&quot;right&quot;,&quot;btnLeftDistance&quot;:&quot;30&quot;,&quot;btnRightDistance&quot;:&quot;96&quot;,&quot;btnBottomDistance&quot;:&quot;19&quot;,&quot;isShowBtnLabel&quot;:&quot;OFF&quot;,&quot;isShowGDPR&quot;:&quot;OFF&quot;,&quot;gdprContent&quot;:&quot;Acepta primero nuestra &lt;a href=\\&quot;https:\\\/\\\/ninjateam.org\\\/privacy-policy\\\/\\&quot;&gt;pol\\u00edtica de privacidad&lt;\\\/a&gt; para iniciar una conversaci\\u00f3n.&quot;},&quot;analytics&quot;:{&quot;enabledGoogle&quot;:&quot;OFF&quot;,&quot;enabledFacebook&quot;:&quot;OFF&quot;,&quot;enabledGoogleGA4&quot;:&quot;OFF&quot;}},&quot;gdprStatus&quot;:false,&quot;defaultAvatar&quot;:&quot;https:\\\/\\\/oesterioja.com.ar\\\/news\\\/wp-content\\\/plugins\\\/wp-whatsapp\\\/assets\\\/img\\\/whatsapp_logo.svg&quot;}\"><\/div>\n<div class=\"twitter-share\"><a href=\"https:\/\/twitter.com\/intent\/tweet?via=OesteriojaOK\" class=\"twitter-share-button\" data-size=\"large\">Twittear<\/a><\/div>\n","protected":false},"excerpt":{"rendered":"<p>CriminalidadAlemania La polic\u00eda alemana, que ha identificado al menos a un sospechoso en Berl\u00edn, dijo que este tendr\u00eda \u00abv\u00ednculos con redes islamistas\u00bb. El canciller de&nbsp;Alemania,&nbsp;Friedrich Merz, prometi\u00f3 este domingo (26.07.2026) castigar a los responsables de&nbsp;un atropellamiento que dej\u00f3 al menos un muerto y varios heridos&nbsp;al margen del desfile del Orgullo Gay de&nbsp;Berl\u00edn. Merz afirm\u00f3 en [&hellip;]<\/p>\n","protected":false},"author":2,"featured_media":268,"comment_status":"closed","ping_status":"closed","sticky":false,"template":"","format":"standard","meta":{"wp_popup_display_lightbox":0,"wp_popup_suppress":"","wp_popup_trigger":"","wp_popup_trigger_amount":0,"wp_popup_disable_on_mobile":false,"footnotes":"","jetpack_publicize_message":"","jetpack_publicize_feature_enabled":true,"jetpack_social_post_already_shared":true,"jetpack_social_options":{"image_generator_settings":{"template":"highway","default_image_id":0,"font":"","enabled":false},"version":2}},"categories":[6],"tags":[94,93],"class_list":["post-267","post","type-post","status-publish","format-standard","has-post-thumbnail","hentry","category-internacionales","tag-alemania","tag-merz"],"jetpack_publicize_connections":[],"_links":{"self":[{"href":"https:\/\/oesterioja.com.ar\/news\/wp-json\/wp\/v2\/posts\/267","targetHints":{"allow":["GET"]}}],"collection":[{"href":"https:\/\/oesterioja.com.ar\/news\/wp-json\/wp\/v2\/posts"}],"about":[{"href":"https:\/\/oesterioja.com.ar\/news\/wp-json\/wp\/v2\/types\/post"}],"author":[{"embeddable":true,"href":"https:\/\/oesterioja.com.ar\/news\/wp-json\/wp\/v2\/users\/2"}],"replies":[{"embeddable":true,"href":"https:\/\/oesterioja.com.ar\/news\/wp-json\/wp\/v2\/comments?post=267"}],"version-history":[{"count":1,"href":"https:\/\/oesterioja.com.ar\/news\/wp-json\/wp\/v2\/posts\/267\/revisions"}],"predecessor-version":[{"id":269,"href":"https:\/\/oesterioja.com.ar\/news\/wp-json\/wp\/v2\/posts\/267\/revisions\/269"}],"wp:featuredmedia":[{"embeddable":true,"href":"https:\/\/oesterioja.com.ar\/news\/wp-json\/wp\/v2\/media\/268"}],"wp:attachment":[{"href":"https:\/\/oesterioja.com.ar\/news\/wp-json\/wp\/v2\/media?parent=267"}],"wp:term":[{"taxonomy":"category","embeddable":true,"href":"https:\/\/oesterioja.com.ar\/news\/wp-json\/wp\/v2\/categories?post=267"},{"taxonomy":"post_tag","embeddable":true,"href":"https:\/\/oesterioja.com.ar\/news\/wp-json\/wp\/v2\/tags?post=267"}],"curies":[{"name":"wp","href":"https:\/\/api.w.org\/{rel}","templated":true}]}}