{"id":252,"date":"2026-07-25T01:43:03","date_gmt":"2026-07-25T01:43:03","guid":{"rendered":"https:\/\/oesterioja.com.ar\/news\/?p=252"},"modified":"2026-07-25T01:43:04","modified_gmt":"2026-07-25T01:43:04","slug":"a-5-300-metros-del-mundo-la-historia-de-lucy-la-mujer-que-eligio-vivir-donde-pocos-se-animan","status":"publish","type":"post","link":"https:\/\/oesterioja.com.ar\/news\/a-5-300-metros-del-mundo-la-historia-de-lucy-la-mujer-que-eligio-vivir-donde-pocos-se-animan\/","title":{"rendered":"A 5.300 metros del mundo: la historia de Lucy, la mujer que eligi\u00f3 vivir donde pocos se animan"},"content":{"rendered":"\n<p class=\"wp-block-paragraph\"><\/p>\n\n\n\n<p class=\"wp-block-paragraph\">Mientras la mayor\u00eda busca refugio del fr\u00edo, Lucy hace exactamente lo contrario. Cada invierno vive en plena Cordillera Riojana, a unos 3.500 metros sobre el nivel del mar, y cuando llega el verano emprende una nueva traves\u00eda junto a su reba\u00f1o de casi 120 ovejas, ascendiendo hasta los 5.300 metros de altura, en uno de los rincones m\u00e1s inh\u00f3spitos y fascinantes de La Rioja, m\u00e1s all\u00e1 de Jag\u00fc\u00e9.<\/p>\n\n\n\n<p class=\"wp-block-paragraph\">Su historia no tiene lujos, ni comodidades. Tiene viento, nieve, silencio y una fortaleza que emociona. All\u00ed, donde el aire escasea y la naturaleza impone sus propias reglas, Lucy sostiene una forma de vida ancestral, guiando a sus animales por los caminos de la monta\u00f1a como lo hicieron generaciones de crianceros.<\/p>\n\n\n\n<p class=\"wp-block-paragraph\">Cada cambio de estaci\u00f3n significa una nueva migraci\u00f3n. Horas y horas de marcha, atravesando quebradas y alturas extremas para encontrar los mejores pastizales. Es una rutina tan dura como admirable, que pocos conocen y a\u00fan menos podr\u00edan soportar.<\/p>\n\n\n<div class=\"nta_wa_button\" data-id=\"14\" data-info=\"{&quot;name&quot;:&quot;Empresa&quot;,&quot;info&quot;:{&quot;number&quot;:&quot;+5493825534739&quot;,&quot;title&quot;:&quot;Empresa&quot;,&quot;predefinedText&quot;:&quot;&quot;,&quot;willBeBackText&quot;:&quot;Volver\\u00e9 en [njwa_time_work]&quot;,&quot;dayOffsText&quot;:&quot;Volver\\u00e9 pronto&quot;,&quot;isAlwaysAvailable&quot;:&quot;ON&quot;,&quot;daysOfWeekWorking&quot;:{&quot;sunday&quot;:{&quot;isWorkingOnDay&quot;:&quot;OFF&quot;,&quot;workHours&quot;:[{&quot;startTime&quot;:&quot;08:00&quot;,&quot;endTime&quot;:&quot;17:30&quot;}]},&quot;monday&quot;:{&quot;isWorkingOnDay&quot;:&quot;OFF&quot;,&quot;workHours&quot;:[{&quot;startTime&quot;:&quot;08:00&quot;,&quot;endTime&quot;:&quot;17:30&quot;}]},&quot;tuesday&quot;:{&quot;isWorkingOnDay&quot;:&quot;OFF&quot;,&quot;workHours&quot;:[{&quot;startTime&quot;:&quot;08:00&quot;,&quot;endTime&quot;:&quot;17:30&quot;}]},&quot;wednesday&quot;:{&quot;isWorkingOnDay&quot;:&quot;OFF&quot;,&quot;workHours&quot;:[{&quot;startTime&quot;:&quot;08:00&quot;,&quot;endTime&quot;:&quot;17:30&quot;}]},&quot;thursday&quot;:{&quot;isWorkingOnDay&quot;:&quot;OFF&quot;,&quot;workHours&quot;:[{&quot;startTime&quot;:&quot;08:00&quot;,&quot;endTime&quot;:&quot;17:30&quot;}]},&quot;friday&quot;:{&quot;isWorkingOnDay&quot;:&quot;OFF&quot;,&quot;workHours&quot;:[{&quot;startTime&quot;:&quot;08:00&quot;,&quot;endTime&quot;:&quot;17:30&quot;}]},&quot;saturday&quot;:{&quot;isWorkingOnDay&quot;:&quot;OFF&quot;,&quot;workHours&quot;:[{&quot;startTime&quot;:&quot;08:00&quot;,&quot;endTime&quot;:&quot;17:30&quot;}]}}},&quot;styles&quot;:{&quot;type&quot;:&quot;round&quot;,&quot;backgroundColor&quot;:&quot;#2DB742&quot;,&quot;textColor&quot;:&quot;#fff&quot;,&quot;label&quot;:&quot;&quot;,&quot;width&quot;:300,&quot;height&quot;:64},&quot;avatar&quot;:false,&quot;options&quot;:{&quot;display&quot;:{&quot;displayCondition&quot;:&quot;showAllPage&quot;,&quot;includePages&quot;:[],&quot;excludePages&quot;:[],&quot;includePosts&quot;:[],&quot;showOnDesktop&quot;:&quot;ON&quot;,&quot;showOnMobile&quot;:&quot;ON&quot;,&quot;time_symbols&quot;:&quot;h:m&quot;},&quot;styles&quot;:{&quot;title&quot;:&quot;&quot;,&quot;responseText&quot;:&quot;&quot;,&quot;description&quot;:&quot;&quot;,&quot;backgroundColor&quot;:&quot;#2db742&quot;,&quot;textColor&quot;:&quot;#fff&quot;,&quot;titleSize&quot;:&quot;18&quot;,&quot;accountNameSize&quot;:&quot;14&quot;,&quot;descriptionTextSize&quot;:&quot;12&quot;,&quot;regularTextSize&quot;:&quot;11&quot;,&quot;scrollHeight&quot;:&quot;500&quot;,&quot;isShowScroll&quot;:&quot;OFF&quot;,&quot;isShowResponseText&quot;:&quot;OFF&quot;,&quot;btnLabel&quot;:&quot;\\u00bfNecesitas ayuda? &lt;strong&gt;Chatea con nosotros&lt;\\\/strong&gt;&quot;,&quot;btnLabelWidth&quot;:&quot;156&quot;,&quot;btnPosition&quot;:&quot;right&quot;,&quot;btnLeftDistance&quot;:&quot;30&quot;,&quot;btnRightDistance&quot;:&quot;96&quot;,&quot;btnBottomDistance&quot;:&quot;19&quot;,&quot;isShowBtnLabel&quot;:&quot;OFF&quot;,&quot;isShowGDPR&quot;:&quot;OFF&quot;,&quot;gdprContent&quot;:&quot;Acepta primero nuestra &lt;a href=\\&quot;https:\\\/\\\/ninjateam.org\\\/privacy-policy\\\/\\&quot;&gt;pol\\u00edtica de privacidad&lt;\\\/a&gt; para iniciar una conversaci\\u00f3n.&quot;},&quot;analytics&quot;:{&quot;enabledGoogle&quot;:&quot;OFF&quot;,&quot;enabledFacebook&quot;:&quot;OFF&quot;,&quot;enabledGoogleGA4&quot;:&quot;OFF&quot;}},&quot;gdprStatus&quot;:false,&quot;defaultAvatar&quot;:&quot;https:\\\/\\\/oesterioja.com.ar\\\/news\\\/wp-content\\\/plugins\\\/wp-whatsapp\\\/assets\\\/img\\\/whatsapp_logo.svg&quot;}\"><\/div>\n\n<div class=\"wp-block-post-time-to-read\">1\u20132 minutos<\/div>\n\n\n<p class=\"wp-block-paragraph\">En tiempos donde la tecnolog\u00eda parece dominarlo todo, historias como la de Lucy recuerdan que todav\u00eda existen argentinos que viven en armon\u00eda con la naturaleza, manteniendo vivas las tradiciones de la cordillera y el trabajo rural.<\/p>\n\n\n\n<p class=\"wp-block-paragraph\">Su testimonio conmueve porque habla de sacrificio, amor por los animales y un profundo arraigo a la tierra riojana. Es el reflejo de una vida sencilla, pero inmensamente valiosa.<\/p>\n\n\n\n<p class=\"wp-block-paragraph\">\ud83c\udfa5 Vale la pena escucharla. Sus palabras son un viaje al coraz\u00f3n de la Cordillera Riojana, all\u00ed donde la vida se mide por el esfuerzo, la esperanza y el inmenso paisaje que rodea a quienes nunca abandonaron sus ra\u00edces.<\/p>\n\n\n\n<figure class=\"wp-block-embed is-type-video is-provider-youtube wp-block-embed-youtube wp-embed-aspect-16-9 wp-has-aspect-ratio\"><div class=\"wp-block-embed__wrapper\">\n<iframe loading=\"lazy\" title=\"A 5.300 metros del mundo: la historia de Lucy, la mujer que eligi\u00f3 vivir donde pocos se animan\" width=\"800\" height=\"450\" src=\"https:\/\/www.youtube.com\/embed\/TRllcYrghIk?feature=oembed\" frameborder=\"0\" allow=\"accelerometer; autoplay; clipboard-write; encrypted-media; gyroscope; picture-in-picture; web-share\" referrerpolicy=\"strict-origin-when-cross-origin\" allowfullscreen><\/iframe>\n<\/div><\/figure>\n\n\n\n<p class=\"wp-block-paragraph\">Le\u00e9 en OesteRioja hoy, lo que ma\u00f1ana va a hablar el pa\u00eds.<\/p>\n\n\n\n<figure class=\"wp-block-image\"><a href=\"https:\/\/chat.whatsapp.com\/LiGy1PVnV4gJnbsFBgRI40\" target=\"_blank\" rel=\" noreferrer noopener\"><img loading=\"lazy\" decoding=\"async\" width=\"2560\" height=\"333\" src=\"https:\/\/oesterioja.com.ar\/news\/wp-content\/uploads\/2026\/07\/Gemini_Generated_Image_vwbndtvwbndtvwbn-scaled.png\" alt=\"\" class=\"wp-image-249\" srcset=\"https:\/\/oesterioja.com.ar\/news\/wp-content\/uploads\/2026\/07\/Gemini_Generated_Image_vwbndtvwbndtvwbn-scaled.png 2560w, https:\/\/oesterioja.com.ar\/news\/wp-content\/uploads\/2026\/07\/Gemini_Generated_Image_vwbndtvwbndtvwbn-300x39.png 300w, https:\/\/oesterioja.com.ar\/news\/wp-content\/uploads\/2026\/07\/Gemini_Generated_Image_vwbndtvwbndtvwbn-1024x133.png 1024w, https:\/\/oesterioja.com.ar\/news\/wp-content\/uploads\/2026\/07\/Gemini_Generated_Image_vwbndtvwbndtvwbn-768x100.png 768w, https:\/\/oesterioja.com.ar\/news\/wp-content\/uploads\/2026\/07\/Gemini_Generated_Image_vwbndtvwbndtvwbn-1536x200.png 1536w, https:\/\/oesterioja.com.ar\/news\/wp-content\/uploads\/2026\/07\/Gemini_Generated_Image_vwbndtvwbndtvwbn-2048x266.png 2048w\" sizes=\"auto, (max-width: 2560px) 100vw, 2560px\" \/><\/a><\/figure>\n\n\n\n<figure class=\"wp-block-image\"><a href=\"https:\/\/chat.whatsapp.com\/LiGy1PVnV4gJnbsFBgRI40\" target=\"_blank\" rel=\" noreferrer noopener\"><img loading=\"lazy\" decoding=\"async\" width=\"1254\" height=\"1254\" src=\"https:\/\/oesterioja.com.ar\/news\/wp-content\/uploads\/2026\/07\/WhatsApp-Image-2026-06-15-at-18.29.13.jpeg\" alt=\"\" class=\"wp-image-248\" srcset=\"https:\/\/oesterioja.com.ar\/news\/wp-content\/uploads\/2026\/07\/WhatsApp-Image-2026-06-15-at-18.29.13.jpeg 1254w, https:\/\/oesterioja.com.ar\/news\/wp-content\/uploads\/2026\/07\/WhatsApp-Image-2026-06-15-at-18.29.13-300x300.jpeg 300w, https:\/\/oesterioja.com.ar\/news\/wp-content\/uploads\/2026\/07\/WhatsApp-Image-2026-06-15-at-18.29.13-1024x1024.jpeg 1024w, https:\/\/oesterioja.com.ar\/news\/wp-content\/uploads\/2026\/07\/WhatsApp-Image-2026-06-15-at-18.29.13-150x150.jpeg 150w, https:\/\/oesterioja.com.ar\/news\/wp-content\/uploads\/2026\/07\/WhatsApp-Image-2026-06-15-at-18.29.13-768x768.jpeg 768w\" sizes=\"auto, (max-width: 1254px) 100vw, 1254px\" \/><\/a><\/figure>\n\n<div class=\"twitter-share\"><a href=\"https:\/\/twitter.com\/intent\/tweet?via=OesteriojaOK\" class=\"twitter-share-button\" data-size=\"large\">Twittear<\/a><\/div>\n","protected":false},"excerpt":{"rendered":"<p>Mientras la mayor\u00eda busca refugio del fr\u00edo, Lucy hace exactamente lo contrario. Cada invierno vive en plena Cordillera Riojana, a unos 3.500 metros sobre el nivel del mar, y cuando llega el verano emprende una nueva traves\u00eda junto a su reba\u00f1o de casi 120 ovejas, ascendiendo hasta los 5.300 metros de altura, en uno de [&hellip;]<\/p>\n","protected":false},"author":2,"featured_media":253,"comment_status":"closed","ping_status":"closed","sticky":false,"template":"","format":"standard","meta":{"wp_popup_display_lightbox":0,"wp_popup_suppress":"","wp_popup_trigger":"","wp_popup_trigger_amount":0,"wp_popup_disable_on_mobile":false,"footnotes":"","jetpack_publicize_message":"","jetpack_publicize_feature_enabled":true,"jetpack_social_post_already_shared":true,"jetpack_social_options":{"image_generator_settings":{"template":"highway","default_image_id":0,"font":"","enabled":false},"version":2}},"categories":[3],"tags":[88,10,87,89],"class_list":["post-252","post","type-post","status-publish","format-standard","has-post-thumbnail","hentry","category-locales","tag-cordillera-riojana","tag-la-rioja","tag-lucy","tag-marcelo-martinez"],"jetpack_publicize_connections":[],"_links":{"self":[{"href":"https:\/\/oesterioja.com.ar\/news\/wp-json\/wp\/v2\/posts\/252","targetHints":{"allow":["GET"]}}],"collection":[{"href":"https:\/\/oesterioja.com.ar\/news\/wp-json\/wp\/v2\/posts"}],"about":[{"href":"https:\/\/oesterioja.com.ar\/news\/wp-json\/wp\/v2\/types\/post"}],"author":[{"embeddable":true,"href":"https:\/\/oesterioja.com.ar\/news\/wp-json\/wp\/v2\/users\/2"}],"replies":[{"embeddable":true,"href":"https:\/\/oesterioja.com.ar\/news\/wp-json\/wp\/v2\/comments?post=252"}],"version-history":[{"count":1,"href":"https:\/\/oesterioja.com.ar\/news\/wp-json\/wp\/v2\/posts\/252\/revisions"}],"predecessor-version":[{"id":254,"href":"https:\/\/oesterioja.com.ar\/news\/wp-json\/wp\/v2\/posts\/252\/revisions\/254"}],"wp:featuredmedia":[{"embeddable":true,"href":"https:\/\/oesterioja.com.ar\/news\/wp-json\/wp\/v2\/media\/253"}],"wp:attachment":[{"href":"https:\/\/oesterioja.com.ar\/news\/wp-json\/wp\/v2\/media?parent=252"}],"wp:term":[{"taxonomy":"category","embeddable":true,"href":"https:\/\/oesterioja.com.ar\/news\/wp-json\/wp\/v2\/categories?post=252"},{"taxonomy":"post_tag","embeddable":true,"href":"https:\/\/oesterioja.com.ar\/news\/wp-json\/wp\/v2\/tags?post=252"}],"curies":[{"name":"wp","href":"https:\/\/api.w.org\/{rel}","templated":true}]}}