{"id":236,"date":"2026-07-23T00:30:04","date_gmt":"2026-07-23T00:30:04","guid":{"rendered":"https:\/\/oesterioja.com.ar\/news\/?p=236"},"modified":"2026-07-23T00:30:05","modified_gmt":"2026-07-23T00:30:05","slug":"invitan-a-estudiantes-de-escuelas-secundarias-a-participar-de-las-olimpiadas-de-salud-mental-2026","status":"publish","type":"post","link":"https:\/\/oesterioja.com.ar\/news\/invitan-a-estudiantes-de-escuelas-secundarias-a-participar-de-las-olimpiadas-de-salud-mental-2026\/","title":{"rendered":"Invitan a estudiantes de escuelas secundarias a participar de las Olimpiadas de Salud Mental 2026"},"content":{"rendered":"\n<p class=\"wp-block-paragraph\"><\/p>\n\n\n\n<p class=\"wp-block-paragraph\">La propuesta est\u00e1 destinada a estudiantes de escuelas secundarias de los departamentos Capital, Sanagasta e Independencia con el objetivo de fortalecer la promoci\u00f3n de la salud mental en las comunidades educativas y fomentar el protagonismo de las juventudes.<\/p>\n\n\n\n<figure class=\"wp-block-image size-large\"><a href=\"https:\/\/oesterioja.com.ar\/news\/wp-content\/uploads\/2026\/06\/portada-pagina-web-previaje-riojano-02.jpeg\"><img loading=\"lazy\" decoding=\"async\" width=\"1024\" height=\"448\" src=\"https:\/\/oesterioja.com.ar\/news\/wp-content\/uploads\/2026\/06\/portada-pagina-web-previaje-riojano-02-1024x448.jpeg\" alt=\"\" class=\"wp-image-214\" srcset=\"https:\/\/oesterioja.com.ar\/news\/wp-content\/uploads\/2026\/06\/portada-pagina-web-previaje-riojano-02-1024x448.jpeg 1024w, https:\/\/oesterioja.com.ar\/news\/wp-content\/uploads\/2026\/06\/portada-pagina-web-previaje-riojano-02-300x131.jpeg 300w, https:\/\/oesterioja.com.ar\/news\/wp-content\/uploads\/2026\/06\/portada-pagina-web-previaje-riojano-02-768x336.jpeg 768w, https:\/\/oesterioja.com.ar\/news\/wp-content\/uploads\/2026\/06\/portada-pagina-web-previaje-riojano-02-1536x672.jpeg 1536w, https:\/\/oesterioja.com.ar\/news\/wp-content\/uploads\/2026\/06\/portada-pagina-web-previaje-riojano-02.jpeg 1890w\" sizes=\"auto, (max-width: 1024px) 100vw, 1024px\" \/><\/a><\/figure>\n\n\n\n<figure class=\"wp-block-gallery has-nested-images columns-default is-cropped wp-block-gallery-1 is-layout-flex wp-block-gallery-is-layout-flex\">\n<figure class=\"wp-block-image size-large\"><a href=\"https:\/\/oesterioja.com.ar\/news\/wp-content\/uploads\/2026\/07\/WhatsApp-Image-2026-07-22-at-10.18.46-2.jpeg\"><img loading=\"lazy\" decoding=\"async\" width=\"819\" height=\"1024\" data-id=\"241\" src=\"https:\/\/oesterioja.com.ar\/news\/wp-content\/uploads\/2026\/07\/WhatsApp-Image-2026-07-22-at-10.18.46-2-819x1024.jpeg\" alt=\"\" class=\"wp-image-241\" srcset=\"https:\/\/oesterioja.com.ar\/news\/wp-content\/uploads\/2026\/07\/WhatsApp-Image-2026-07-22-at-10.18.46-2-819x1024.jpeg 819w, https:\/\/oesterioja.com.ar\/news\/wp-content\/uploads\/2026\/07\/WhatsApp-Image-2026-07-22-at-10.18.46-2-240x300.jpeg 240w, https:\/\/oesterioja.com.ar\/news\/wp-content\/uploads\/2026\/07\/WhatsApp-Image-2026-07-22-at-10.18.46-2-768x961.jpeg 768w, https:\/\/oesterioja.com.ar\/news\/wp-content\/uploads\/2026\/07\/WhatsApp-Image-2026-07-22-at-10.18.46-2-1228x1536.jpeg 1228w, https:\/\/oesterioja.com.ar\/news\/wp-content\/uploads\/2026\/07\/WhatsApp-Image-2026-07-22-at-10.18.46-2.jpeg 1279w\" sizes=\"auto, (max-width: 819px) 100vw, 819px\" \/><\/a><\/figure>\n\n\n\n<figure class=\"wp-block-image size-large\"><a href=\"https:\/\/oesterioja.com.ar\/news\/wp-content\/uploads\/2026\/07\/WhatsApp-Image-2026-07-22-at-10.18.47-1.jpeg\"><img loading=\"lazy\" decoding=\"async\" width=\"819\" height=\"1024\" data-id=\"240\" src=\"https:\/\/oesterioja.com.ar\/news\/wp-content\/uploads\/2026\/07\/WhatsApp-Image-2026-07-22-at-10.18.47-1-819x1024.jpeg\" alt=\"\" class=\"wp-image-240\" srcset=\"https:\/\/oesterioja.com.ar\/news\/wp-content\/uploads\/2026\/07\/WhatsApp-Image-2026-07-22-at-10.18.47-1-819x1024.jpeg 819w, https:\/\/oesterioja.com.ar\/news\/wp-content\/uploads\/2026\/07\/WhatsApp-Image-2026-07-22-at-10.18.47-1-240x300.jpeg 240w, https:\/\/oesterioja.com.ar\/news\/wp-content\/uploads\/2026\/07\/WhatsApp-Image-2026-07-22-at-10.18.47-1-768x960.jpeg 768w, https:\/\/oesterioja.com.ar\/news\/wp-content\/uploads\/2026\/07\/WhatsApp-Image-2026-07-22-at-10.18.47-1-1229x1536.jpeg 1229w, https:\/\/oesterioja.com.ar\/news\/wp-content\/uploads\/2026\/07\/WhatsApp-Image-2026-07-22-at-10.18.47-1.jpeg 1280w\" sizes=\"auto, (max-width: 819px) 100vw, 819px\" \/><\/a><\/figure>\n\n\n\n<figure class=\"wp-block-image size-large\"><a href=\"https:\/\/oesterioja.com.ar\/news\/wp-content\/uploads\/2026\/07\/WhatsApp-Image-2026-07-22-at-10.18.45-1.jpeg\"><img loading=\"lazy\" decoding=\"async\" width=\"819\" height=\"1024\" data-id=\"237\" src=\"https:\/\/oesterioja.com.ar\/news\/wp-content\/uploads\/2026\/07\/WhatsApp-Image-2026-07-22-at-10.18.45-1-819x1024.jpeg\" alt=\"\" class=\"wp-image-237\" srcset=\"https:\/\/oesterioja.com.ar\/news\/wp-content\/uploads\/2026\/07\/WhatsApp-Image-2026-07-22-at-10.18.45-1-819x1024.jpeg 819w, https:\/\/oesterioja.com.ar\/news\/wp-content\/uploads\/2026\/07\/WhatsApp-Image-2026-07-22-at-10.18.45-1-240x300.jpeg 240w, https:\/\/oesterioja.com.ar\/news\/wp-content\/uploads\/2026\/07\/WhatsApp-Image-2026-07-22-at-10.18.45-1-768x960.jpeg 768w, https:\/\/oesterioja.com.ar\/news\/wp-content\/uploads\/2026\/07\/WhatsApp-Image-2026-07-22-at-10.18.45-1-1229x1536.jpeg 1229w, https:\/\/oesterioja.com.ar\/news\/wp-content\/uploads\/2026\/07\/WhatsApp-Image-2026-07-22-at-10.18.45-1.jpeg 1280w\" sizes=\"auto, (max-width: 819px) 100vw, 819px\" \/><\/a><\/figure>\n\n\n\n<figure class=\"wp-block-image size-large\"><a href=\"https:\/\/oesterioja.com.ar\/news\/wp-content\/uploads\/2026\/07\/WhatsApp-Image-2026-07-22-at-10.18.47.jpeg\"><img loading=\"lazy\" decoding=\"async\" width=\"819\" height=\"1024\" data-id=\"243\" src=\"https:\/\/oesterioja.com.ar\/news\/wp-content\/uploads\/2026\/07\/WhatsApp-Image-2026-07-22-at-10.18.47-819x1024.jpeg\" alt=\"\" class=\"wp-image-243\" srcset=\"https:\/\/oesterioja.com.ar\/news\/wp-content\/uploads\/2026\/07\/WhatsApp-Image-2026-07-22-at-10.18.47-819x1024.jpeg 819w, https:\/\/oesterioja.com.ar\/news\/wp-content\/uploads\/2026\/07\/WhatsApp-Image-2026-07-22-at-10.18.47-240x300.jpeg 240w, https:\/\/oesterioja.com.ar\/news\/wp-content\/uploads\/2026\/07\/WhatsApp-Image-2026-07-22-at-10.18.47-768x960.jpeg 768w, https:\/\/oesterioja.com.ar\/news\/wp-content\/uploads\/2026\/07\/WhatsApp-Image-2026-07-22-at-10.18.47-1229x1536.jpeg 1229w, https:\/\/oesterioja.com.ar\/news\/wp-content\/uploads\/2026\/07\/WhatsApp-Image-2026-07-22-at-10.18.47.jpeg 1280w\" sizes=\"auto, (max-width: 819px) 100vw, 819px\" \/><\/a><\/figure>\n\n\n\n<figure class=\"wp-block-image size-large\"><a href=\"https:\/\/oesterioja.com.ar\/news\/wp-content\/uploads\/2026\/07\/WhatsApp-Image-2026-07-22-at-10.18.45-2.jpeg\"><img loading=\"lazy\" decoding=\"async\" width=\"819\" height=\"1024\" data-id=\"244\" src=\"https:\/\/oesterioja.com.ar\/news\/wp-content\/uploads\/2026\/07\/WhatsApp-Image-2026-07-22-at-10.18.45-2-819x1024.jpeg\" alt=\"\" class=\"wp-image-244\" srcset=\"https:\/\/oesterioja.com.ar\/news\/wp-content\/uploads\/2026\/07\/WhatsApp-Image-2026-07-22-at-10.18.45-2-819x1024.jpeg 819w, https:\/\/oesterioja.com.ar\/news\/wp-content\/uploads\/2026\/07\/WhatsApp-Image-2026-07-22-at-10.18.45-2-240x300.jpeg 240w, https:\/\/oesterioja.com.ar\/news\/wp-content\/uploads\/2026\/07\/WhatsApp-Image-2026-07-22-at-10.18.45-2-768x960.jpeg 768w, https:\/\/oesterioja.com.ar\/news\/wp-content\/uploads\/2026\/07\/WhatsApp-Image-2026-07-22-at-10.18.45-2-1229x1536.jpeg 1229w, https:\/\/oesterioja.com.ar\/news\/wp-content\/uploads\/2026\/07\/WhatsApp-Image-2026-07-22-at-10.18.45-2.jpeg 1280w\" sizes=\"auto, (max-width: 819px) 100vw, 819px\" \/><\/a><\/figure>\n\n\n\n<figure class=\"wp-block-image size-large\"><a href=\"https:\/\/oesterioja.com.ar\/news\/wp-content\/uploads\/2026\/07\/WhatsApp-Image-2026-07-22-at-10.18.46.jpeg\"><img loading=\"lazy\" decoding=\"async\" width=\"819\" height=\"1024\" data-id=\"239\" src=\"https:\/\/oesterioja.com.ar\/news\/wp-content\/uploads\/2026\/07\/WhatsApp-Image-2026-07-22-at-10.18.46-819x1024.jpeg\" alt=\"\" class=\"wp-image-239\" srcset=\"https:\/\/oesterioja.com.ar\/news\/wp-content\/uploads\/2026\/07\/WhatsApp-Image-2026-07-22-at-10.18.46-819x1024.jpeg 819w, https:\/\/oesterioja.com.ar\/news\/wp-content\/uploads\/2026\/07\/WhatsApp-Image-2026-07-22-at-10.18.46-240x300.jpeg 240w, https:\/\/oesterioja.com.ar\/news\/wp-content\/uploads\/2026\/07\/WhatsApp-Image-2026-07-22-at-10.18.46-768x960.jpeg 768w, https:\/\/oesterioja.com.ar\/news\/wp-content\/uploads\/2026\/07\/WhatsApp-Image-2026-07-22-at-10.18.46-1229x1536.jpeg 1229w, https:\/\/oesterioja.com.ar\/news\/wp-content\/uploads\/2026\/07\/WhatsApp-Image-2026-07-22-at-10.18.46.jpeg 1280w\" sizes=\"auto, (max-width: 819px) 100vw, 819px\" \/><\/a><\/figure>\n\n\n\n<figure class=\"wp-block-image size-large\"><a href=\"https:\/\/oesterioja.com.ar\/news\/wp-content\/uploads\/2026\/07\/WhatsApp-Image-2026-07-22-at-10.18.46-1.jpeg\"><img loading=\"lazy\" decoding=\"async\" width=\"819\" height=\"1024\" data-id=\"242\" src=\"https:\/\/oesterioja.com.ar\/news\/wp-content\/uploads\/2026\/07\/WhatsApp-Image-2026-07-22-at-10.18.46-1-819x1024.jpeg\" alt=\"\" class=\"wp-image-242\" srcset=\"https:\/\/oesterioja.com.ar\/news\/wp-content\/uploads\/2026\/07\/WhatsApp-Image-2026-07-22-at-10.18.46-1-819x1024.jpeg 819w, https:\/\/oesterioja.com.ar\/news\/wp-content\/uploads\/2026\/07\/WhatsApp-Image-2026-07-22-at-10.18.46-1-240x300.jpeg 240w, https:\/\/oesterioja.com.ar\/news\/wp-content\/uploads\/2026\/07\/WhatsApp-Image-2026-07-22-at-10.18.46-1-768x960.jpeg 768w, https:\/\/oesterioja.com.ar\/news\/wp-content\/uploads\/2026\/07\/WhatsApp-Image-2026-07-22-at-10.18.46-1-1229x1536.jpeg 1229w, https:\/\/oesterioja.com.ar\/news\/wp-content\/uploads\/2026\/07\/WhatsApp-Image-2026-07-22-at-10.18.46-1.jpeg 1280w\" sizes=\"auto, (max-width: 819px) 100vw, 819px\" \/><\/a><\/figure>\n<\/figure>\n\n\n\n<p class=\"wp-block-paragraph\">Las Olimpiadas convocar\u00e1n a las y los estudiantes a participar de un proceso que combinar\u00e1 instancias de formaci\u00f3n, actividades participativas y la elaboraci\u00f3n de proyectos escolares orientados a promover el bienestar emocional dentro de sus propias comunidades educativas, fortaleciendo el trabajo articulado entre salud, educaci\u00f3n y juventudes.<br>Las inscripciones est\u00e1n abiertas hasta el 31 de julio, pueden participar alumnos de tercero, cuarto y quinto a\u00f1o de colegios secundarios tanto p\u00fablicos como privados. Se pueden realizar escaneando el QR adjunto en las im\u00e1genes o consultar a saludmentalyadicciones2020@gmail.com.<br>Cada instituci\u00f3n podr\u00e1 presentar de 6 a 8 estudiantes, con un docente referente titular de cada instituci\u00f3n.<\/p>\n\n\n\n<p class=\"wp-block-paragraph\">Cronograma<br>El cronograma de actividades prev\u00e9 que el 6 de agosto sea el primer encuentro, el 13 del mismo mes, el segundo, el 10 de septiembre la primera ronda y en octubre la segunda ronda y defensa oral. La primera ronda de la competencia comprender\u00e1 resoluci\u00f3n de situaciones, preguntas m\u00faltiples, desaf\u00edos interactivos y casos breves.<br>En tanto que en la segunda ronda, cada equipo presentar\u00e1 un proyecto escolar de salud mental con defensa oral orientado a mejorar el bienestar dentro de la instituci\u00f3n.<\/p>\n\n\n<div class=\"wp-block-image\">\n<figure class=\"aligncenter size-full is-resized\"><a href=\"https:\/\/oesterioja.com.ar\/news\/wp-content\/uploads\/2026\/05\/cropped-512logoMesa-de-trabajo-1.png\"><img loading=\"lazy\" decoding=\"async\" width=\"512\" height=\"512\" src=\"https:\/\/oesterioja.com.ar\/news\/wp-content\/uploads\/2026\/05\/cropped-512logoMesa-de-trabajo-1.png\" alt=\"\" class=\"wp-image-7\" style=\"width:98px;height:auto\" srcset=\"https:\/\/oesterioja.com.ar\/news\/wp-content\/uploads\/2026\/05\/cropped-512logoMesa-de-trabajo-1.png 512w, https:\/\/oesterioja.com.ar\/news\/wp-content\/uploads\/2026\/05\/cropped-512logoMesa-de-trabajo-1-300x300.png 300w, https:\/\/oesterioja.com.ar\/news\/wp-content\/uploads\/2026\/05\/cropped-512logoMesa-de-trabajo-1-150x150.png 150w, https:\/\/oesterioja.com.ar\/news\/wp-content\/uploads\/2026\/05\/cropped-512logoMesa-de-trabajo-1-120x120.png 120w, https:\/\/oesterioja.com.ar\/news\/wp-content\/uploads\/2026\/05\/cropped-512logoMesa-de-trabajo-1-105x105.png 105w, https:\/\/oesterioja.com.ar\/news\/wp-content\/uploads\/2026\/05\/cropped-512logoMesa-de-trabajo-1-380x380.png 380w, https:\/\/oesterioja.com.ar\/news\/wp-content\/uploads\/2026\/05\/cropped-512logoMesa-de-trabajo-1-285x285.png 285w, https:\/\/oesterioja.com.ar\/news\/wp-content\/uploads\/2026\/05\/cropped-512logoMesa-de-trabajo-1-270x270.png 270w, https:\/\/oesterioja.com.ar\/news\/wp-content\/uploads\/2026\/05\/cropped-512logoMesa-de-trabajo-1-192x192.png 192w, https:\/\/oesterioja.com.ar\/news\/wp-content\/uploads\/2026\/05\/cropped-512logoMesa-de-trabajo-1-180x180.png 180w, https:\/\/oesterioja.com.ar\/news\/wp-content\/uploads\/2026\/05\/cropped-512logoMesa-de-trabajo-1-32x32.png 32w\" sizes=\"auto, (max-width: 512px) 100vw, 512px\" \/><\/a><\/figure>\n<\/div>\n\n\n<p class=\"wp-block-paragraph\"><\/p>\n\n<div class=\"twitter-share\"><a href=\"https:\/\/twitter.com\/intent\/tweet?via=OesteriojaOK\" class=\"twitter-share-button\" data-size=\"large\">Twittear<\/a><\/div>\n","protected":false},"excerpt":{"rendered":"<p>La propuesta est\u00e1 destinada a estudiantes de escuelas secundarias de los departamentos Capital, Sanagasta e Independencia con el objetivo de fortalecer la promoci\u00f3n de la salud mental en las comunidades educativas y fomentar el protagonismo de las juventudes. Las Olimpiadas convocar\u00e1n a las y los estudiantes a participar de un proceso que combinar\u00e1 instancias de [&hellip;]<\/p>\n","protected":false},"author":2,"featured_media":241,"comment_status":"closed","ping_status":"closed","sticky":false,"template":"","format":"standard","meta":{"wp_popup_display_lightbox":0,"wp_popup_suppress":"","wp_popup_trigger":"","wp_popup_trigger_amount":0,"wp_popup_disable_on_mobile":false,"footnotes":"","jetpack_publicize_message":"","jetpack_publicize_feature_enabled":true,"jetpack_social_post_already_shared":true,"jetpack_social_options":{"image_generator_settings":{"template":"highway","default_image_id":0,"font":"","enabled":false},"version":2}},"categories":[4],"tags":[26,10,86,9],"class_list":["post-236","post","type-post","status-publish","format-standard","has-post-thumbnail","hentry","category-provinciales","tag-gaby-pedrali","tag-la-rioja","tag-olimpiadas-de-salud-mental-2026","tag-ricardo-quintela"],"jetpack_publicize_connections":[],"_links":{"self":[{"href":"https:\/\/oesterioja.com.ar\/news\/wp-json\/wp\/v2\/posts\/236","targetHints":{"allow":["GET"]}}],"collection":[{"href":"https:\/\/oesterioja.com.ar\/news\/wp-json\/wp\/v2\/posts"}],"about":[{"href":"https:\/\/oesterioja.com.ar\/news\/wp-json\/wp\/v2\/types\/post"}],"author":[{"embeddable":true,"href":"https:\/\/oesterioja.com.ar\/news\/wp-json\/wp\/v2\/users\/2"}],"replies":[{"embeddable":true,"href":"https:\/\/oesterioja.com.ar\/news\/wp-json\/wp\/v2\/comments?post=236"}],"version-history":[{"count":1,"href":"https:\/\/oesterioja.com.ar\/news\/wp-json\/wp\/v2\/posts\/236\/revisions"}],"predecessor-version":[{"id":245,"href":"https:\/\/oesterioja.com.ar\/news\/wp-json\/wp\/v2\/posts\/236\/revisions\/245"}],"wp:featuredmedia":[{"embeddable":true,"href":"https:\/\/oesterioja.com.ar\/news\/wp-json\/wp\/v2\/media\/241"}],"wp:attachment":[{"href":"https:\/\/oesterioja.com.ar\/news\/wp-json\/wp\/v2\/media?parent=236"}],"wp:term":[{"taxonomy":"category","embeddable":true,"href":"https:\/\/oesterioja.com.ar\/news\/wp-json\/wp\/v2\/categories?post=236"},{"taxonomy":"post_tag","embeddable":true,"href":"https:\/\/oesterioja.com.ar\/news\/wp-json\/wp\/v2\/tags?post=236"}],"curies":[{"name":"wp","href":"https:\/\/api.w.org\/{rel}","templated":true}]}}